{"id":10450,"date":"2020-07-02T17:54:00","date_gmt":"2020-07-02T17:54:00","guid":{"rendered":"http:\/\/wordpress2.hdnweb.com\/2020\/07\/02\/autoproyecto-lanza-serie-editorial-sobre-impacto-hispano-8\/"},"modified":"2020-07-02T17:54:00","modified_gmt":"2020-07-02T17:54:00","slug":"autoproyecto-lanza-serie-editorial-sobre-impacto-hispano-8","status":"publish","type":"post","link":"https:\/\/wordpress2.hdnweb.com\/en\/2020\/07\/02\/autoproyecto-lanza-serie-editorial-sobre-impacto-hispano-8\/","title":{"rendered":"(Espa\u00f1ol) Autoproyecto lanza serie editorial sobre impacto hispano"},"content":{"rendered":"<p class=\"qtranxs-available-languages-message qtranxs-available-languages-message-en\">Sorry, this entry is only available in <a href=\"https:\/\/wordpress2.hdnweb.com\/es\/wp-json\/wp\/v2\/posts\/10450\" class=\"qtranxs-available-language-link qtranxs-available-language-link-es\" title=\"Espa\u00f1ol\">Espa\u00f1ol<\/a>.<\/p>","protected":false},"excerpt":{"rendered":"<p class=\"qtranxs-available-languages-message qtranxs-available-languages-message-en\">Sorry, this entry is only available in <a href=\"https:\/\/wordpress2.hdnweb.com\/es\/wp-json\/wp\/v2\/posts\/10450\" class=\"qtranxs-available-language-link qtranxs-available-language-link-es\" title=\"Espa\u00f1ol\">Espa\u00f1ol<\/a>.<\/p>\n","protected":false},"author":1,"featured_media":10451,"comment_status":"open","ping_status":"open","sticky":false,"template":"","format":"standard","meta":{"_acf_changed":false,"_monsterinsights_skip_tracking":false,"_monsterinsights_sitenote_active":false,"_monsterinsights_sitenote_note":"","_monsterinsights_sitenote_category":0,"footnotes":""},"categories":[21],"tags":[],"class_list":["post-10450","post","type-post","status-publish","format-standard","has-post-thumbnail","hentry","category-juan-carlos-maimone"],"acf":[],"yoast_head":"<!-- This site is optimized with the Yoast SEO plugin v27.5 - https:\/\/yoast.com\/product\/yoast-seo-wordpress\/ -->\n<title>Autoproyecto lanza serie editorial sobre impacto hispano - Multisitio 2<\/title>\n<meta name=\"robots\" content=\"index, follow, max-snippet:-1, max-image-preview:large, max-video-preview:-1\" \/>\n<link rel=\"canonical\" href=\"https:\/\/wordpress2.hdnweb.com\/en\/2020\/07\/02\/autoproyecto-lanza-serie-editorial-sobre-impacto-hispano-8\/\" \/>\n<meta property=\"og:locale\" content=\"en_US\" \/>\n<meta property=\"og:type\" content=\"article\" \/>\n<meta property=\"og:title\" content=\"Autoproyecto lanza serie editorial sobre impacto hispano - Multisitio 2\" \/>\n<meta property=\"og:description\" content=\"LOS ANGELES, 2 de julio de 2020 \/PRNewswire-HISPANIC PR WIRE\/ --\u00a0Autoproyecto lanz\u00f3 hoy una nueva serie editorial titulada el &#039;Reporte del Impacto Hispano.&#039; Esta serie, compuesta por varios art\u00edculos, se enfocar\u00e1 en el impacto que los hispanos ejercen sobre el mercado automotriz y los esfuerzos que los fabricantes realizan para ganarse su confianza...\" \/>\n<meta property=\"og:url\" content=\"https:\/\/wordpress2.hdnweb.com\/en\/2020\/07\/02\/autoproyecto-lanza-serie-editorial-sobre-impacto-hispano-8\/\" \/>\n<meta property=\"og:site_name\" content=\"Multisitio 2\" \/>\n<meta property=\"article:published_time\" content=\"2020-07-02T17:54:00+00:00\" \/>\n<meta property=\"og:image\" content=\"https:\/\/wordpress2.hdnweb.com\/wp-content\/uploads\/2020\/05\/10450_1_94211.jpg\" \/>\n\t<meta property=\"og:image:width\" content=\"1094\" \/>\n\t<meta property=\"og:image:height\" content=\"961\" \/>\n\t<meta property=\"og:image:type\" content=\"image\/jpeg\" \/>\n<meta name=\"author\" content=\"venred\" \/>\n<meta name=\"twitter:card\" content=\"summary_large_image\" \/>\n<meta name=\"twitter:label1\" content=\"Written by\" \/>\n\t<meta name=\"twitter:data1\" content=\"venred\" \/>\n\t<meta name=\"twitter:label2\" content=\"Est. reading time\" \/>\n\t<meta name=\"twitter:data2\" content=\"3 minutes\" \/>\n<script type=\"application\/ld+json\" class=\"yoast-schema-graph\">{\"@context\":\"https:\\\/\\\/schema.org\",\"@graph\":[{\"@type\":\"Article\",\"@id\":\"https:\\\/\\\/wordpress2.hdnweb.com\\\/2020\\\/07\\\/02\\\/autoproyecto-lanza-serie-editorial-sobre-impacto-hispano-8\\\/#article\",\"isPartOf\":{\"@id\":\"https:\\\/\\\/wordpress2.hdnweb.com\\\/2020\\\/07\\\/02\\\/autoproyecto-lanza-serie-editorial-sobre-impacto-hispano-8\\\/\"},\"author\":{\"name\":\"venred\",\"@id\":\"https:\\\/\\\/wordpress2.hdnweb.com\\\/#\\\/schema\\\/person\\\/c112e8e970f2cfc8553cdb5392b493ad\"},\"headline\":\"(Espa\u00f1ol) Autoproyecto lanza serie editorial sobre impacto hispano\",\"datePublished\":\"2020-07-02T17:54:00+00:00\",\"mainEntityOfPage\":{\"@id\":\"https:\\\/\\\/wordpress2.hdnweb.com\\\/2020\\\/07\\\/02\\\/autoproyecto-lanza-serie-editorial-sobre-impacto-hispano-8\\\/\"},\"wordCount\":636,\"commentCount\":0,\"image\":{\"@id\":\"https:\\\/\\\/wordpress2.hdnweb.com\\\/2020\\\/07\\\/02\\\/autoproyecto-lanza-serie-editorial-sobre-impacto-hispano-8\\\/#primaryimage\"},\"thumbnailUrl\":\"https:\\\/\\\/wordpress2.hdnweb.com\\\/wp-content\\\/uploads\\\/2020\\\/05\\\/10450_1_94211.jpg\",\"articleSection\":[\"Juan Carlos Maimone\"],\"inLanguage\":\"en-US\"},{\"@type\":\"WebPage\",\"@id\":\"https:\\\/\\\/wordpress2.hdnweb.com\\\/en\\\/2020\\\/07\\\/02\\\/autoproyecto-lanza-serie-editorial-sobre-impacto-hispano-8\\\/\",\"url\":\"https:\\\/\\\/wordpress2.hdnweb.com\\\/en\\\/2020\\\/07\\\/02\\\/autoproyecto-lanza-serie-editorial-sobre-impacto-hispano-8\\\/\",\"name\":\"Autoproyecto lanza serie editorial sobre impacto hispano - Multisitio 2\",\"isPartOf\":{\"@id\":\"https:\\\/\\\/wordpress2.hdnweb.com\\\/en\\\/#website\"},\"primaryImageOfPage\":{\"@id\":\"https:\\\/\\\/wordpress2.hdnweb.com\\\/en\\\/2020\\\/07\\\/02\\\/autoproyecto-lanza-serie-editorial-sobre-impacto-hispano-8\\\/#primaryimage\"},\"image\":{\"@id\":\"https:\\\/\\\/wordpress2.hdnweb.com\\\/2020\\\/07\\\/02\\\/autoproyecto-lanza-serie-editorial-sobre-impacto-hispano-8\\\/#primaryimage\"},\"thumbnailUrl\":\"https:\\\/\\\/wordpress2.hdnweb.com\\\/wp-content\\\/uploads\\\/2020\\\/05\\\/10450_1_94211.jpg\",\"datePublished\":\"2020-07-02T17:54:00+00:00\",\"author\":{\"@id\":\"https:\\\/\\\/wordpress2.hdnweb.com\\\/#\\\/schema\\\/person\\\/c112e8e970f2cfc8553cdb5392b493ad\"},\"breadcrumb\":{\"@id\":\"https:\\\/\\\/wordpress2.hdnweb.com\\\/en\\\/2020\\\/07\\\/02\\\/autoproyecto-lanza-serie-editorial-sobre-impacto-hispano-8\\\/#breadcrumb\"},\"inLanguage\":\"en-US\",\"potentialAction\":[{\"@type\":\"ReadAction\",\"target\":[[\"https:\\\/\\\/wordpress2.hdnweb.com\\\/en\\\/2020\\\/07\\\/02\\\/autoproyecto-lanza-serie-editorial-sobre-impacto-hispano-8\\\/\"]]}]},{\"@type\":\"ImageObject\",\"inLanguage\":\"en-US\",\"@id\":\"https:\\\/\\\/wordpress2.hdnweb.com\\\/en\\\/2020\\\/07\\\/02\\\/autoproyecto-lanza-serie-editorial-sobre-impacto-hispano-8\\\/#primaryimage\",\"url\":\"https:\\\/\\\/wordpress2.hdnweb.com\\\/wp-content\\\/uploads\\\/2020\\\/05\\\/10450_1_94211.jpg\",\"contentUrl\":\"https:\\\/\\\/wordpress2.hdnweb.com\\\/wp-content\\\/uploads\\\/2020\\\/05\\\/10450_1_94211.jpg\",\"width\":1094,\"height\":961,\"caption\":\"Los hispanos representan el 18% de la poblaci&oacute;n de los EE. UU., Sin embargo, representan el 24% de todas las ventas de autom&oacute;viles. Foto: Autoproyecto\"},{\"@type\":\"BreadcrumbList\",\"@id\":\"https:\\\/\\\/wordpress2.hdnweb.com\\\/en\\\/2020\\\/07\\\/02\\\/autoproyecto-lanza-serie-editorial-sobre-impacto-hispano-8\\\/#breadcrumb\",\"itemListElement\":[{\"@type\":\"ListItem\",\"position\":1,\"name\":\"Portada\",\"item\":\"https:\\\/\\\/wordpress2.hdnweb.com\\\/en\\\/\"},{\"@type\":\"ListItem\",\"position\":2,\"name\":\"Autoproyecto lanza serie editorial sobre impacto hispano\"}]},{\"@type\":\"WebSite\",\"@id\":\"https:\\\/\\\/wordpress2.hdnweb.com\\\/en\\\/#website\",\"url\":\"https:\\\/\\\/wordpress2.hdnweb.com\\\/en\\\/\",\"name\":\"Multisitio 2\",\"description\":\"\",\"potentialAction\":[{\"@type\":\"SearchAction\",\"target\":{\"@type\":\"EntryPoint\",\"urlTemplate\":\"https:\\\/\\\/wordpress2.hdnweb.com\\\/en\\\/?s={search_term_string}\"},\"query-input\":{\"@type\":\"PropertyValueSpecification\",\"valueRequired\":true,\"valueName\":\"search_term_string\"}}],\"inLanguage\":\"en-US\"},{\"@type\":\"Person\",\"@id\":\"https:\\\/\\\/wordpress2.hdnweb.com\\\/#\\\/schema\\\/person\\\/c112e8e970f2cfc8553cdb5392b493ad\",\"name\":\"venred\",\"image\":{\"@type\":\"ImageObject\",\"inLanguage\":\"en-US\",\"@id\":\"https:\\\/\\\/secure.gravatar.com\\\/avatar\\\/2b023a883433f83ad0a3036a7ba60d3133c4e0619f3bca6230ba8c7521b6dec8?s=96&d=mm&r=g\",\"url\":\"https:\\\/\\\/secure.gravatar.com\\\/avatar\\\/2b023a883433f83ad0a3036a7ba60d3133c4e0619f3bca6230ba8c7521b6dec8?s=96&d=mm&r=g\",\"contentUrl\":\"https:\\\/\\\/secure.gravatar.com\\\/avatar\\\/2b023a883433f83ad0a3036a7ba60d3133c4e0619f3bca6230ba8c7521b6dec8?s=96&d=mm&r=g\",\"caption\":\"venred\"},\"url\":\"https:\\\/\\\/wordpress2.hdnweb.com\\\/en\\\/author\\\/venred\\\/\"}]}<\/script>\n<!-- \/ Yoast SEO plugin. -->","yoast_head_json":{"title":"Autoproyecto lanza serie editorial sobre impacto hispano - Multisitio 2","robots":{"index":"index","follow":"follow","max-snippet":"max-snippet:-1","max-image-preview":"max-image-preview:large","max-video-preview":"max-video-preview:-1"},"canonical":"https:\/\/wordpress2.hdnweb.com\/en\/2020\/07\/02\/autoproyecto-lanza-serie-editorial-sobre-impacto-hispano-8\/","og_locale":"en_US","og_type":"article","og_title":"Autoproyecto lanza serie editorial sobre impacto hispano - Multisitio 2","og_description":"LOS ANGELES, 2 de julio de 2020 \/PRNewswire-HISPANIC PR WIRE\/ --\u00a0Autoproyecto lanz\u00f3 hoy una nueva serie editorial titulada el 'Reporte del Impacto Hispano.' Esta serie, compuesta por varios art\u00edculos, se enfocar\u00e1 en el impacto que los hispanos ejercen sobre el mercado automotriz y los esfuerzos que los fabricantes realizan para ganarse su confianza...","og_url":"https:\/\/wordpress2.hdnweb.com\/en\/2020\/07\/02\/autoproyecto-lanza-serie-editorial-sobre-impacto-hispano-8\/","og_site_name":"Multisitio 2","article_published_time":"2020-07-02T17:54:00+00:00","og_image":[{"width":1094,"height":961,"url":"https:\/\/wordpress2.hdnweb.com\/wp-content\/uploads\/2020\/05\/10450_1_94211.jpg","type":"image\/jpeg"}],"author":"venred","twitter_card":"summary_large_image","twitter_misc":{"Written by":"venred","Est. reading time":"3 minutes"},"schema":{"@context":"https:\/\/schema.org","@graph":[{"@type":"Article","@id":"https:\/\/wordpress2.hdnweb.com\/2020\/07\/02\/autoproyecto-lanza-serie-editorial-sobre-impacto-hispano-8\/#article","isPartOf":{"@id":"https:\/\/wordpress2.hdnweb.com\/2020\/07\/02\/autoproyecto-lanza-serie-editorial-sobre-impacto-hispano-8\/"},"author":{"name":"venred","@id":"https:\/\/wordpress2.hdnweb.com\/#\/schema\/person\/c112e8e970f2cfc8553cdb5392b493ad"},"headline":"(Espa\u00f1ol) Autoproyecto lanza serie editorial sobre impacto hispano","datePublished":"2020-07-02T17:54:00+00:00","mainEntityOfPage":{"@id":"https:\/\/wordpress2.hdnweb.com\/2020\/07\/02\/autoproyecto-lanza-serie-editorial-sobre-impacto-hispano-8\/"},"wordCount":636,"commentCount":0,"image":{"@id":"https:\/\/wordpress2.hdnweb.com\/2020\/07\/02\/autoproyecto-lanza-serie-editorial-sobre-impacto-hispano-8\/#primaryimage"},"thumbnailUrl":"https:\/\/wordpress2.hdnweb.com\/wp-content\/uploads\/2020\/05\/10450_1_94211.jpg","articleSection":["Juan Carlos Maimone"],"inLanguage":"en-US"},{"@type":"WebPage","@id":"https:\/\/wordpress2.hdnweb.com\/en\/2020\/07\/02\/autoproyecto-lanza-serie-editorial-sobre-impacto-hispano-8\/","url":"https:\/\/wordpress2.hdnweb.com\/en\/2020\/07\/02\/autoproyecto-lanza-serie-editorial-sobre-impacto-hispano-8\/","name":"Autoproyecto lanza serie editorial sobre impacto hispano - Multisitio 2","isPartOf":{"@id":"https:\/\/wordpress2.hdnweb.com\/en\/#website"},"primaryImageOfPage":{"@id":"https:\/\/wordpress2.hdnweb.com\/en\/2020\/07\/02\/autoproyecto-lanza-serie-editorial-sobre-impacto-hispano-8\/#primaryimage"},"image":{"@id":"https:\/\/wordpress2.hdnweb.com\/2020\/07\/02\/autoproyecto-lanza-serie-editorial-sobre-impacto-hispano-8\/#primaryimage"},"thumbnailUrl":"https:\/\/wordpress2.hdnweb.com\/wp-content\/uploads\/2020\/05\/10450_1_94211.jpg","datePublished":"2020-07-02T17:54:00+00:00","author":{"@id":"https:\/\/wordpress2.hdnweb.com\/#\/schema\/person\/c112e8e970f2cfc8553cdb5392b493ad"},"breadcrumb":{"@id":"https:\/\/wordpress2.hdnweb.com\/en\/2020\/07\/02\/autoproyecto-lanza-serie-editorial-sobre-impacto-hispano-8\/#breadcrumb"},"inLanguage":"en-US","potentialAction":[{"@type":"ReadAction","target":[["https:\/\/wordpress2.hdnweb.com\/en\/2020\/07\/02\/autoproyecto-lanza-serie-editorial-sobre-impacto-hispano-8\/"]]}]},{"@type":"ImageObject","inLanguage":"en-US","@id":"https:\/\/wordpress2.hdnweb.com\/en\/2020\/07\/02\/autoproyecto-lanza-serie-editorial-sobre-impacto-hispano-8\/#primaryimage","url":"https:\/\/wordpress2.hdnweb.com\/wp-content\/uploads\/2020\/05\/10450_1_94211.jpg","contentUrl":"https:\/\/wordpress2.hdnweb.com\/wp-content\/uploads\/2020\/05\/10450_1_94211.jpg","width":1094,"height":961,"caption":"Los hispanos representan el 18% de la poblaci&oacute;n de los EE. UU., Sin embargo, representan el 24% de todas las ventas de autom&oacute;viles. Foto: Autoproyecto"},{"@type":"BreadcrumbList","@id":"https:\/\/wordpress2.hdnweb.com\/en\/2020\/07\/02\/autoproyecto-lanza-serie-editorial-sobre-impacto-hispano-8\/#breadcrumb","itemListElement":[{"@type":"ListItem","position":1,"name":"Portada","item":"https:\/\/wordpress2.hdnweb.com\/en\/"},{"@type":"ListItem","position":2,"name":"Autoproyecto lanza serie editorial sobre impacto hispano"}]},{"@type":"WebSite","@id":"https:\/\/wordpress2.hdnweb.com\/en\/#website","url":"https:\/\/wordpress2.hdnweb.com\/en\/","name":"Multisitio 2","description":"","potentialAction":[{"@type":"SearchAction","target":{"@type":"EntryPoint","urlTemplate":"https:\/\/wordpress2.hdnweb.com\/en\/?s={search_term_string}"},"query-input":{"@type":"PropertyValueSpecification","valueRequired":true,"valueName":"search_term_string"}}],"inLanguage":"en-US"},{"@type":"Person","@id":"https:\/\/wordpress2.hdnweb.com\/#\/schema\/person\/c112e8e970f2cfc8553cdb5392b493ad","name":"venred","image":{"@type":"ImageObject","inLanguage":"en-US","@id":"https:\/\/secure.gravatar.com\/avatar\/2b023a883433f83ad0a3036a7ba60d3133c4e0619f3bca6230ba8c7521b6dec8?s=96&d=mm&r=g","url":"https:\/\/secure.gravatar.com\/avatar\/2b023a883433f83ad0a3036a7ba60d3133c4e0619f3bca6230ba8c7521b6dec8?s=96&d=mm&r=g","contentUrl":"https:\/\/secure.gravatar.com\/avatar\/2b023a883433f83ad0a3036a7ba60d3133c4e0619f3bca6230ba8c7521b6dec8?s=96&d=mm&r=g","caption":"venred"},"url":"https:\/\/wordpress2.hdnweb.com\/en\/author\/venred\/"}]}},"_links":{"self":[{"href":"https:\/\/wordpress2.hdnweb.com\/en\/wp-json\/wp\/v2\/posts\/10450","targetHints":{"allow":["GET"]}}],"collection":[{"href":"https:\/\/wordpress2.hdnweb.com\/en\/wp-json\/wp\/v2\/posts"}],"about":[{"href":"https:\/\/wordpress2.hdnweb.com\/en\/wp-json\/wp\/v2\/types\/post"}],"author":[{"embeddable":true,"href":"https:\/\/wordpress2.hdnweb.com\/en\/wp-json\/wp\/v2\/users\/1"}],"replies":[{"embeddable":true,"href":"https:\/\/wordpress2.hdnweb.com\/en\/wp-json\/wp\/v2\/comments?post=10450"}],"version-history":[{"count":0,"href":"https:\/\/wordpress2.hdnweb.com\/en\/wp-json\/wp\/v2\/posts\/10450\/revisions"}],"wp:featuredmedia":[{"embeddable":true,"href":"https:\/\/wordpress2.hdnweb.com\/en\/wp-json\/wp\/v2\/media\/10451"}],"wp:attachment":[{"href":"https:\/\/wordpress2.hdnweb.com\/en\/wp-json\/wp\/v2\/media?parent=10450"}],"wp:term":[{"taxonomy":"category","embeddable":true,"href":"https:\/\/wordpress2.hdnweb.com\/en\/wp-json\/wp\/v2\/categories?post=10450"},{"taxonomy":"post_tag","embeddable":true,"href":"https:\/\/wordpress2.hdnweb.com\/en\/wp-json\/wp\/v2\/tags?post=10450"}],"curies":[{"name":"wp","href":"https:\/\/api.w.org\/{rel}","templated":true}]}}