{"id":11556,"date":"2020-08-03T11:00:00","date_gmt":"2020-08-03T11:00:00","guid":{"rendered":"https:\/\/wordpress2.hdnweb.com\/2020\/08\/03\/ismael-cala-y-juan-arango-se-lanzan-al-campo-junto-a-otras-estrellas-vinotinto-2\/"},"modified":"2020-08-03T11:00:00","modified_gmt":"2020-08-03T11:00:00","slug":"ismael-cala-y-juan-arango-se-lanzan-al-campo-junto-a-otras-estrellas-vinotinto-2","status":"publish","type":"post","link":"https:\/\/wordpress2.hdnweb.com\/en\/2020\/08\/03\/ismael-cala-y-juan-arango-se-lanzan-al-campo-junto-a-otras-estrellas-vinotinto-2\/","title":{"rendered":"(Espa\u00f1ol) Ismael Cala y Juan Arango se lanzan al campo junto a otras estrellas Vinotinto"},"content":{"rendered":"<p class=\"qtranxs-available-languages-message qtranxs-available-languages-message-en\">Sorry, this entry is only available in <a href=\"https:\/\/wordpress2.hdnweb.com\/es\/wp-json\/wp\/v2\/posts\/11556\" class=\"qtranxs-available-language-link qtranxs-available-language-link-es\" title=\"Espa\u00f1ol\">Espa\u00f1ol<\/a>.<\/p>","protected":false},"excerpt":{"rendered":"<p class=\"qtranxs-available-languages-message qtranxs-available-languages-message-en\">Sorry, this entry is only available in <a href=\"https:\/\/wordpress2.hdnweb.com\/es\/wp-json\/wp\/v2\/posts\/11556\" class=\"qtranxs-available-language-link qtranxs-available-language-link-es\" title=\"Espa\u00f1ol\">Espa\u00f1ol<\/a>.<\/p>\n","protected":false},"author":1,"featured_media":0,"comment_status":"open","ping_status":"open","sticky":false,"template":"","format":"standard","meta":{"_acf_changed":false,"_monsterinsights_skip_tracking":false,"_monsterinsights_sitenote_active":false,"_monsterinsights_sitenote_note":"","_monsterinsights_sitenote_category":0,"footnotes":""},"categories":[25],"tags":[],"class_list":["post-11556","post","type-post","status-publish","format-standard","hentry","category-geovanny-vicente"],"acf":[],"yoast_head":"<!-- This site is optimized with the Yoast SEO plugin v27.5 - https:\/\/yoast.com\/product\/yoast-seo-wordpress\/ -->\n<title>Ismael Cala y Juan Arango se lanzan al campo junto a otras estrellas Vinotinto - Multisitio 2<\/title>\n<meta name=\"robots\" content=\"index, follow, max-snippet:-1, max-image-preview:large, max-video-preview:-1\" \/>\n<link rel=\"canonical\" href=\"https:\/\/wordpress2.hdnweb.com\/en\/2020\/08\/03\/ismael-cala-y-juan-arango-se-lanzan-al-campo-junto-a-otras-estrellas-vinotinto-2\/\" \/>\n<meta property=\"og:locale\" content=\"en_US\" \/>\n<meta property=\"og:type\" content=\"article\" \/>\n<meta property=\"og:title\" content=\"Ismael Cala y Juan Arango se lanzan al campo junto a otras estrellas Vinotinto - Multisitio 2\" \/>\n<meta property=\"og:description\" content=\"MIAMI, 3 de agosto de 2020 \/PRNewswire\/ -- El futbolista venezolano Juan Arango, junto a grandes amigos y compa\u00f1eros de la selecci\u00f3n Vinotinto, como Tomas Rinc\u00f3n y Roberto Rosales, se unieron a la Fundaci\u00f3n Ismael Cala para sumar esfuerzos en el programa de inteligencia emocional &quot;El Vuelo de la Cometa&quot; en Venezuela. &quot;El Vuelo de la Cometa&quot; es un programa de formaci\u00f3n en inteligencia emocional y...\" \/>\n<meta property=\"og:url\" content=\"https:\/\/wordpress2.hdnweb.com\/en\/2020\/08\/03\/ismael-cala-y-juan-arango-se-lanzan-al-campo-junto-a-otras-estrellas-vinotinto-2\/\" \/>\n<meta property=\"og:site_name\" content=\"Multisitio 2\" \/>\n<meta property=\"article:published_time\" content=\"2020-08-03T11:00:00+00:00\" \/>\n<meta property=\"og:image\" content=\"https:\/\/rt.prnewswire.com\/rt.gif?NewsItemId=ES80278&amp;Transmission_Id=202008031100PR_NEWS_LATAM____ES80278&amp;DateId=20200803\" \/>\n<meta name=\"author\" content=\"venred\" \/>\n<meta name=\"twitter:card\" content=\"summary_large_image\" \/>\n<meta name=\"twitter:label1\" content=\"Written by\" \/>\n\t<meta name=\"twitter:data1\" content=\"venred\" \/>\n\t<meta name=\"twitter:label2\" content=\"Est. reading time\" \/>\n\t<meta name=\"twitter:data2\" content=\"3 minutes\" \/>\n<script type=\"application\/ld+json\" class=\"yoast-schema-graph\">{\"@context\":\"https:\\\/\\\/schema.org\",\"@graph\":[{\"@type\":\"Article\",\"@id\":\"https:\\\/\\\/wordpress2.hdnweb.com\\\/2020\\\/08\\\/03\\\/ismael-cala-y-juan-arango-se-lanzan-al-campo-junto-a-otras-estrellas-vinotinto-2\\\/#article\",\"isPartOf\":{\"@id\":\"https:\\\/\\\/wordpress2.hdnweb.com\\\/2020\\\/08\\\/03\\\/ismael-cala-y-juan-arango-se-lanzan-al-campo-junto-a-otras-estrellas-vinotinto-2\\\/\"},\"author\":{\"name\":\"venred\",\"@id\":\"https:\\\/\\\/wordpress2.hdnweb.com\\\/#\\\/schema\\\/person\\\/c112e8e970f2cfc8553cdb5392b493ad\"},\"headline\":\"(Espa\u00f1ol) Ismael Cala y Juan Arango se lanzan al campo junto a otras estrellas Vinotinto\",\"datePublished\":\"2020-08-03T11:00:00+00:00\",\"mainEntityOfPage\":{\"@id\":\"https:\\\/\\\/wordpress2.hdnweb.com\\\/2020\\\/08\\\/03\\\/ismael-cala-y-juan-arango-se-lanzan-al-campo-junto-a-otras-estrellas-vinotinto-2\\\/\"},\"wordCount\":524,\"commentCount\":0,\"image\":{\"@id\":\"https:\\\/\\\/wordpress2.hdnweb.com\\\/2020\\\/08\\\/03\\\/ismael-cala-y-juan-arango-se-lanzan-al-campo-junto-a-otras-estrellas-vinotinto-2\\\/#primaryimage\"},\"thumbnailUrl\":\"https:\\\/\\\/rt.prnewswire.com\\\/rt.gif?NewsItemId=ES80278&amp;Transmission_Id=202008031100PR_NEWS_LATAM____ES80278&amp;DateId=20200803\",\"articleSection\":[\"Geovanny Vicente\"],\"inLanguage\":\"en-US\"},{\"@type\":\"WebPage\",\"@id\":\"https:\\\/\\\/wordpress2.hdnweb.com\\\/en\\\/2020\\\/08\\\/03\\\/ismael-cala-y-juan-arango-se-lanzan-al-campo-junto-a-otras-estrellas-vinotinto-2\\\/\",\"url\":\"https:\\\/\\\/wordpress2.hdnweb.com\\\/en\\\/2020\\\/08\\\/03\\\/ismael-cala-y-juan-arango-se-lanzan-al-campo-junto-a-otras-estrellas-vinotinto-2\\\/\",\"name\":\"Ismael Cala y Juan Arango se lanzan al campo junto a otras estrellas Vinotinto - Multisitio 2\",\"isPartOf\":{\"@id\":\"https:\\\/\\\/wordpress2.hdnweb.com\\\/en\\\/#website\"},\"primaryImageOfPage\":{\"@id\":\"https:\\\/\\\/wordpress2.hdnweb.com\\\/en\\\/2020\\\/08\\\/03\\\/ismael-cala-y-juan-arango-se-lanzan-al-campo-junto-a-otras-estrellas-vinotinto-2\\\/#primaryimage\"},\"image\":{\"@id\":\"https:\\\/\\\/wordpress2.hdnweb.com\\\/2020\\\/08\\\/03\\\/ismael-cala-y-juan-arango-se-lanzan-al-campo-junto-a-otras-estrellas-vinotinto-2\\\/#primaryimage\"},\"thumbnailUrl\":\"https:\\\/\\\/rt.prnewswire.com\\\/rt.gif?NewsItemId=ES80278&amp;Transmission_Id=202008031100PR_NEWS_LATAM____ES80278&amp;DateId=20200803\",\"datePublished\":\"2020-08-03T11:00:00+00:00\",\"author\":{\"@id\":\"https:\\\/\\\/wordpress2.hdnweb.com\\\/#\\\/schema\\\/person\\\/c112e8e970f2cfc8553cdb5392b493ad\"},\"breadcrumb\":{\"@id\":\"https:\\\/\\\/wordpress2.hdnweb.com\\\/en\\\/2020\\\/08\\\/03\\\/ismael-cala-y-juan-arango-se-lanzan-al-campo-junto-a-otras-estrellas-vinotinto-2\\\/#breadcrumb\"},\"inLanguage\":\"en-US\",\"potentialAction\":[{\"@type\":\"ReadAction\",\"target\":[[\"https:\\\/\\\/wordpress2.hdnweb.com\\\/en\\\/2020\\\/08\\\/03\\\/ismael-cala-y-juan-arango-se-lanzan-al-campo-junto-a-otras-estrellas-vinotinto-2\\\/\"]]}]},{\"@type\":\"ImageObject\",\"inLanguage\":\"en-US\",\"@id\":\"https:\\\/\\\/wordpress2.hdnweb.com\\\/en\\\/2020\\\/08\\\/03\\\/ismael-cala-y-juan-arango-se-lanzan-al-campo-junto-a-otras-estrellas-vinotinto-2\\\/#primaryimage\",\"url\":\"https:\\\/\\\/rt.prnewswire.com\\\/rt.gif?NewsItemId=ES80278&amp;Transmission_Id=202008031100PR_NEWS_LATAM____ES80278&amp;DateId=20200803\",\"contentUrl\":\"https:\\\/\\\/rt.prnewswire.com\\\/rt.gif?NewsItemId=ES80278&amp;Transmission_Id=202008031100PR_NEWS_LATAM____ES80278&amp;DateId=20200803\"},{\"@type\":\"BreadcrumbList\",\"@id\":\"https:\\\/\\\/wordpress2.hdnweb.com\\\/en\\\/2020\\\/08\\\/03\\\/ismael-cala-y-juan-arango-se-lanzan-al-campo-junto-a-otras-estrellas-vinotinto-2\\\/#breadcrumb\",\"itemListElement\":[{\"@type\":\"ListItem\",\"position\":1,\"name\":\"Portada\",\"item\":\"https:\\\/\\\/wordpress2.hdnweb.com\\\/en\\\/\"},{\"@type\":\"ListItem\",\"position\":2,\"name\":\"Ismael Cala y Juan Arango se lanzan al campo junto a otras estrellas Vinotinto\"}]},{\"@type\":\"WebSite\",\"@id\":\"https:\\\/\\\/wordpress2.hdnweb.com\\\/en\\\/#website\",\"url\":\"https:\\\/\\\/wordpress2.hdnweb.com\\\/en\\\/\",\"name\":\"Multisitio 2\",\"description\":\"\",\"potentialAction\":[{\"@type\":\"SearchAction\",\"target\":{\"@type\":\"EntryPoint\",\"urlTemplate\":\"https:\\\/\\\/wordpress2.hdnweb.com\\\/en\\\/?s={search_term_string}\"},\"query-input\":{\"@type\":\"PropertyValueSpecification\",\"valueRequired\":true,\"valueName\":\"search_term_string\"}}],\"inLanguage\":\"en-US\"},{\"@type\":\"Person\",\"@id\":\"https:\\\/\\\/wordpress2.hdnweb.com\\\/#\\\/schema\\\/person\\\/c112e8e970f2cfc8553cdb5392b493ad\",\"name\":\"venred\",\"image\":{\"@type\":\"ImageObject\",\"inLanguage\":\"en-US\",\"@id\":\"https:\\\/\\\/secure.gravatar.com\\\/avatar\\\/2b023a883433f83ad0a3036a7ba60d3133c4e0619f3bca6230ba8c7521b6dec8?s=96&d=mm&r=g\",\"url\":\"https:\\\/\\\/secure.gravatar.com\\\/avatar\\\/2b023a883433f83ad0a3036a7ba60d3133c4e0619f3bca6230ba8c7521b6dec8?s=96&d=mm&r=g\",\"contentUrl\":\"https:\\\/\\\/secure.gravatar.com\\\/avatar\\\/2b023a883433f83ad0a3036a7ba60d3133c4e0619f3bca6230ba8c7521b6dec8?s=96&d=mm&r=g\",\"caption\":\"venred\"},\"url\":\"https:\\\/\\\/wordpress2.hdnweb.com\\\/en\\\/author\\\/venred\\\/\"}]}<\/script>\n<!-- \/ Yoast SEO plugin. -->","yoast_head_json":{"title":"Ismael Cala y Juan Arango se lanzan al campo junto a otras estrellas Vinotinto - Multisitio 2","robots":{"index":"index","follow":"follow","max-snippet":"max-snippet:-1","max-image-preview":"max-image-preview:large","max-video-preview":"max-video-preview:-1"},"canonical":"https:\/\/wordpress2.hdnweb.com\/en\/2020\/08\/03\/ismael-cala-y-juan-arango-se-lanzan-al-campo-junto-a-otras-estrellas-vinotinto-2\/","og_locale":"en_US","og_type":"article","og_title":"Ismael Cala y Juan Arango se lanzan al campo junto a otras estrellas Vinotinto - Multisitio 2","og_description":"MIAMI, 3 de agosto de 2020 \/PRNewswire\/ -- El futbolista venezolano Juan Arango, junto a grandes amigos y compa\u00f1eros de la selecci\u00f3n Vinotinto, como Tomas Rinc\u00f3n y Roberto Rosales, se unieron a la Fundaci\u00f3n Ismael Cala para sumar esfuerzos en el programa de inteligencia emocional \"El Vuelo de la Cometa\" en Venezuela. \"El Vuelo de la Cometa\" es un programa de formaci\u00f3n en inteligencia emocional y...","og_url":"https:\/\/wordpress2.hdnweb.com\/en\/2020\/08\/03\/ismael-cala-y-juan-arango-se-lanzan-al-campo-junto-a-otras-estrellas-vinotinto-2\/","og_site_name":"Multisitio 2","article_published_time":"2020-08-03T11:00:00+00:00","og_image":[{"url":"https:\/\/rt.prnewswire.com\/rt.gif?NewsItemId=ES80278&amp;Transmission_Id=202008031100PR_NEWS_LATAM____ES80278&amp;DateId=20200803","type":"","width":"","height":""}],"author":"venred","twitter_card":"summary_large_image","twitter_misc":{"Written by":"venred","Est. reading time":"3 minutes"},"schema":{"@context":"https:\/\/schema.org","@graph":[{"@type":"Article","@id":"https:\/\/wordpress2.hdnweb.com\/2020\/08\/03\/ismael-cala-y-juan-arango-se-lanzan-al-campo-junto-a-otras-estrellas-vinotinto-2\/#article","isPartOf":{"@id":"https:\/\/wordpress2.hdnweb.com\/2020\/08\/03\/ismael-cala-y-juan-arango-se-lanzan-al-campo-junto-a-otras-estrellas-vinotinto-2\/"},"author":{"name":"venred","@id":"https:\/\/wordpress2.hdnweb.com\/#\/schema\/person\/c112e8e970f2cfc8553cdb5392b493ad"},"headline":"(Espa\u00f1ol) Ismael Cala y Juan Arango se lanzan al campo junto a otras estrellas Vinotinto","datePublished":"2020-08-03T11:00:00+00:00","mainEntityOfPage":{"@id":"https:\/\/wordpress2.hdnweb.com\/2020\/08\/03\/ismael-cala-y-juan-arango-se-lanzan-al-campo-junto-a-otras-estrellas-vinotinto-2\/"},"wordCount":524,"commentCount":0,"image":{"@id":"https:\/\/wordpress2.hdnweb.com\/2020\/08\/03\/ismael-cala-y-juan-arango-se-lanzan-al-campo-junto-a-otras-estrellas-vinotinto-2\/#primaryimage"},"thumbnailUrl":"https:\/\/rt.prnewswire.com\/rt.gif?NewsItemId=ES80278&amp;Transmission_Id=202008031100PR_NEWS_LATAM____ES80278&amp;DateId=20200803","articleSection":["Geovanny Vicente"],"inLanguage":"en-US"},{"@type":"WebPage","@id":"https:\/\/wordpress2.hdnweb.com\/en\/2020\/08\/03\/ismael-cala-y-juan-arango-se-lanzan-al-campo-junto-a-otras-estrellas-vinotinto-2\/","url":"https:\/\/wordpress2.hdnweb.com\/en\/2020\/08\/03\/ismael-cala-y-juan-arango-se-lanzan-al-campo-junto-a-otras-estrellas-vinotinto-2\/","name":"Ismael Cala y Juan Arango se lanzan al campo junto a otras estrellas Vinotinto - Multisitio 2","isPartOf":{"@id":"https:\/\/wordpress2.hdnweb.com\/en\/#website"},"primaryImageOfPage":{"@id":"https:\/\/wordpress2.hdnweb.com\/en\/2020\/08\/03\/ismael-cala-y-juan-arango-se-lanzan-al-campo-junto-a-otras-estrellas-vinotinto-2\/#primaryimage"},"image":{"@id":"https:\/\/wordpress2.hdnweb.com\/2020\/08\/03\/ismael-cala-y-juan-arango-se-lanzan-al-campo-junto-a-otras-estrellas-vinotinto-2\/#primaryimage"},"thumbnailUrl":"https:\/\/rt.prnewswire.com\/rt.gif?NewsItemId=ES80278&amp;Transmission_Id=202008031100PR_NEWS_LATAM____ES80278&amp;DateId=20200803","datePublished":"2020-08-03T11:00:00+00:00","author":{"@id":"https:\/\/wordpress2.hdnweb.com\/#\/schema\/person\/c112e8e970f2cfc8553cdb5392b493ad"},"breadcrumb":{"@id":"https:\/\/wordpress2.hdnweb.com\/en\/2020\/08\/03\/ismael-cala-y-juan-arango-se-lanzan-al-campo-junto-a-otras-estrellas-vinotinto-2\/#breadcrumb"},"inLanguage":"en-US","potentialAction":[{"@type":"ReadAction","target":[["https:\/\/wordpress2.hdnweb.com\/en\/2020\/08\/03\/ismael-cala-y-juan-arango-se-lanzan-al-campo-junto-a-otras-estrellas-vinotinto-2\/"]]}]},{"@type":"ImageObject","inLanguage":"en-US","@id":"https:\/\/wordpress2.hdnweb.com\/en\/2020\/08\/03\/ismael-cala-y-juan-arango-se-lanzan-al-campo-junto-a-otras-estrellas-vinotinto-2\/#primaryimage","url":"https:\/\/rt.prnewswire.com\/rt.gif?NewsItemId=ES80278&amp;Transmission_Id=202008031100PR_NEWS_LATAM____ES80278&amp;DateId=20200803","contentUrl":"https:\/\/rt.prnewswire.com\/rt.gif?NewsItemId=ES80278&amp;Transmission_Id=202008031100PR_NEWS_LATAM____ES80278&amp;DateId=20200803"},{"@type":"BreadcrumbList","@id":"https:\/\/wordpress2.hdnweb.com\/en\/2020\/08\/03\/ismael-cala-y-juan-arango-se-lanzan-al-campo-junto-a-otras-estrellas-vinotinto-2\/#breadcrumb","itemListElement":[{"@type":"ListItem","position":1,"name":"Portada","item":"https:\/\/wordpress2.hdnweb.com\/en\/"},{"@type":"ListItem","position":2,"name":"Ismael Cala y Juan Arango se lanzan al campo junto a otras estrellas Vinotinto"}]},{"@type":"WebSite","@id":"https:\/\/wordpress2.hdnweb.com\/en\/#website","url":"https:\/\/wordpress2.hdnweb.com\/en\/","name":"Multisitio 2","description":"","potentialAction":[{"@type":"SearchAction","target":{"@type":"EntryPoint","urlTemplate":"https:\/\/wordpress2.hdnweb.com\/en\/?s={search_term_string}"},"query-input":{"@type":"PropertyValueSpecification","valueRequired":true,"valueName":"search_term_string"}}],"inLanguage":"en-US"},{"@type":"Person","@id":"https:\/\/wordpress2.hdnweb.com\/#\/schema\/person\/c112e8e970f2cfc8553cdb5392b493ad","name":"venred","image":{"@type":"ImageObject","inLanguage":"en-US","@id":"https:\/\/secure.gravatar.com\/avatar\/2b023a883433f83ad0a3036a7ba60d3133c4e0619f3bca6230ba8c7521b6dec8?s=96&d=mm&r=g","url":"https:\/\/secure.gravatar.com\/avatar\/2b023a883433f83ad0a3036a7ba60d3133c4e0619f3bca6230ba8c7521b6dec8?s=96&d=mm&r=g","contentUrl":"https:\/\/secure.gravatar.com\/avatar\/2b023a883433f83ad0a3036a7ba60d3133c4e0619f3bca6230ba8c7521b6dec8?s=96&d=mm&r=g","caption":"venred"},"url":"https:\/\/wordpress2.hdnweb.com\/en\/author\/venred\/"}]}},"_links":{"self":[{"href":"https:\/\/wordpress2.hdnweb.com\/en\/wp-json\/wp\/v2\/posts\/11556","targetHints":{"allow":["GET"]}}],"collection":[{"href":"https:\/\/wordpress2.hdnweb.com\/en\/wp-json\/wp\/v2\/posts"}],"about":[{"href":"https:\/\/wordpress2.hdnweb.com\/en\/wp-json\/wp\/v2\/types\/post"}],"author":[{"embeddable":true,"href":"https:\/\/wordpress2.hdnweb.com\/en\/wp-json\/wp\/v2\/users\/1"}],"replies":[{"embeddable":true,"href":"https:\/\/wordpress2.hdnweb.com\/en\/wp-json\/wp\/v2\/comments?post=11556"}],"version-history":[{"count":0,"href":"https:\/\/wordpress2.hdnweb.com\/en\/wp-json\/wp\/v2\/posts\/11556\/revisions"}],"wp:attachment":[{"href":"https:\/\/wordpress2.hdnweb.com\/en\/wp-json\/wp\/v2\/media?parent=11556"}],"wp:term":[{"taxonomy":"category","embeddable":true,"href":"https:\/\/wordpress2.hdnweb.com\/en\/wp-json\/wp\/v2\/categories?post=11556"},{"taxonomy":"post_tag","embeddable":true,"href":"https:\/\/wordpress2.hdnweb.com\/en\/wp-json\/wp\/v2\/tags?post=11556"}],"curies":[{"name":"wp","href":"https:\/\/api.w.org\/{rel}","templated":true}]}}