{"id":13026,"date":"2020-07-30T13:13:00","date_gmt":"2020-07-30T13:13:00","guid":{"rendered":"https:\/\/wordpress2.hdnweb.com\/2020\/07\/30\/edm-council-lanza-un-grupo-de-trabajo-para-la-gestion-de-datos-en-nube-con-miras-a-desarrollar-un-marco-de-mejores-practicas-para-acelerar-la-adopcion-de-la-nube\/"},"modified":"2020-07-30T13:13:00","modified_gmt":"2020-07-30T13:13:00","slug":"edm-council-lanza-un-grupo-de-trabajo-para-la-gestion-de-datos-en-nube-con-miras-a-desarrollar-un-marco-de-mejores-practicas-para-acelerar-la-adopcion-de-la-nube","status":"publish","type":"post","link":"https:\/\/wordpress2.hdnweb.com\/en\/2020\/07\/30\/edm-council-lanza-un-grupo-de-trabajo-para-la-gestion-de-datos-en-nube-con-miras-a-desarrollar-un-marco-de-mejores-practicas-para-acelerar-la-adopcion-de-la-nube\/","title":{"rendered":"(Espa\u00f1ol) EDM Council lanza un grupo de trabajo para la gesti\u00f3n de datos en nube con miras a desarrollar un marco de mejores pr\u00e1cticas para acelerar la adopci\u00f3n de la nube"},"content":{"rendered":"<p class=\"qtranxs-available-languages-message qtranxs-available-languages-message-en\">Sorry, this entry is only available in <a href=\"https:\/\/wordpress2.hdnweb.com\/es\/wp-json\/wp\/v2\/posts\/13026\" class=\"qtranxs-available-language-link qtranxs-available-language-link-es\" title=\"Espa\u00f1ol\">Espa\u00f1ol<\/a>.<\/p>","protected":false},"excerpt":{"rendered":"<p class=\"qtranxs-available-languages-message qtranxs-available-languages-message-en\">Sorry, this entry is only available in <a href=\"https:\/\/wordpress2.hdnweb.com\/es\/wp-json\/wp\/v2\/posts\/13026\" class=\"qtranxs-available-language-link qtranxs-available-language-link-es\" title=\"Espa\u00f1ol\">Espa\u00f1ol<\/a>.<\/p>\n","protected":false},"author":1,"featured_media":0,"comment_status":"open","ping_status":"open","sticky":false,"template":"","format":"standard","meta":{"_acf_changed":false,"_monsterinsights_skip_tracking":false,"_monsterinsights_sitenote_active":false,"_monsterinsights_sitenote_note":"","_monsterinsights_sitenote_category":0,"footnotes":""},"categories":[2],"tags":[],"class_list":["post-13026","post","type-post","status-publish","format-standard","hentry","category-soraya-alcala"],"acf":[],"yoast_head":"<!-- This site is optimized with the Yoast SEO plugin v27.5 - https:\/\/yoast.com\/product\/yoast-seo-wordpress\/ -->\n<title>EDM Council lanza un grupo de trabajo para la gesti\u00f3n de datos en nube con miras a desarrollar un marco de mejores pr\u00e1cticas para acelerar la adopci\u00f3n de la nube - Multisitio 2<\/title>\n<meta name=\"robots\" content=\"index, follow, max-snippet:-1, max-image-preview:large, max-video-preview:-1\" \/>\n<link rel=\"canonical\" href=\"https:\/\/wordpress2.hdnweb.com\/en\/2020\/07\/30\/edm-council-lanza-un-grupo-de-trabajo-para-la-gestion-de-datos-en-nube-con-miras-a-desarrollar-un-marco-de-mejores-practicas-para-acelerar-la-adopcion-de-la-nube\/\" \/>\n<meta property=\"og:locale\" content=\"en_US\" \/>\n<meta property=\"og:type\" content=\"article\" \/>\n<meta property=\"og:title\" content=\"EDM Council lanza un grupo de trabajo para la gesti\u00f3n de datos en nube con miras a desarrollar un marco de mejores pr\u00e1cticas para acelerar la adopci\u00f3n de la nube - Multisitio 2\" \/>\n<meta property=\"og:description\" content=\"NUEVA YORK y LONDRES, 30 de julio de 2020 \/PRNewswire\/ -- EDM Council, la asociaci\u00f3n empresaria l\u00edder para gesti\u00f3n de datos, acaba de presentar el Grupo de Trabajo sobre Mejores Pr\u00e1cticas en Capacidades para Gesti\u00f3n de Datos en Nube (CDMC por sus siglas en ingl\u00e9s). Este nuevo grupo incluye participaci\u00f3n de Amazon Web Services (AWS), Google Cloud, IBM Cloud y Microsoft Azure, adem\u00e1s de otras m\u00e1s de 20 firmas l\u00edderes del sector financiero. El Grupo de Trabajo ha...\" \/>\n<meta property=\"og:url\" content=\"https:\/\/wordpress2.hdnweb.com\/en\/2020\/07\/30\/edm-council-lanza-un-grupo-de-trabajo-para-la-gestion-de-datos-en-nube-con-miras-a-desarrollar-un-marco-de-mejores-practicas-para-acelerar-la-adopcion-de-la-nube\/\" \/>\n<meta property=\"og:site_name\" content=\"Multisitio 2\" \/>\n<meta property=\"article:published_time\" content=\"2020-07-30T13:13:00+00:00\" \/>\n<meta property=\"og:image\" content=\"https:\/\/rt.prnewswire.com\/rt.gif?NewsItemId=ES78398&amp;Transmission_Id=202007301313PR_NEWS_LATAM____ES78398&amp;DateId=20200730\" \/>\n<meta name=\"author\" content=\"venred\" \/>\n<meta name=\"twitter:card\" content=\"summary_large_image\" \/>\n<meta name=\"twitter:label1\" content=\"Written by\" \/>\n\t<meta name=\"twitter:data1\" content=\"venred\" \/>\n\t<meta name=\"twitter:label2\" content=\"Est. reading time\" \/>\n\t<meta name=\"twitter:data2\" content=\"3 minutes\" \/>\n<script type=\"application\/ld+json\" class=\"yoast-schema-graph\">{\"@context\":\"https:\\\/\\\/schema.org\",\"@graph\":[{\"@type\":\"Article\",\"@id\":\"https:\\\/\\\/wordpress2.hdnweb.com\\\/2020\\\/07\\\/30\\\/edm-council-lanza-un-grupo-de-trabajo-para-la-gestion-de-datos-en-nube-con-miras-a-desarrollar-un-marco-de-mejores-practicas-para-acelerar-la-adopcion-de-la-nube\\\/#article\",\"isPartOf\":{\"@id\":\"https:\\\/\\\/wordpress2.hdnweb.com\\\/2020\\\/07\\\/30\\\/edm-council-lanza-un-grupo-de-trabajo-para-la-gestion-de-datos-en-nube-con-miras-a-desarrollar-un-marco-de-mejores-practicas-para-acelerar-la-adopcion-de-la-nube\\\/\"},\"author\":{\"name\":\"venred\",\"@id\":\"https:\\\/\\\/wordpress2.hdnweb.com\\\/#\\\/schema\\\/person\\\/c112e8e970f2cfc8553cdb5392b493ad\"},\"headline\":\"(Espa\u00f1ol) EDM Council lanza un grupo de trabajo para la gesti\u00f3n de datos en nube con miras a desarrollar un marco de mejores pr\u00e1cticas para acelerar la adopci\u00f3n de la nube\",\"datePublished\":\"2020-07-30T13:13:00+00:00\",\"mainEntityOfPage\":{\"@id\":\"https:\\\/\\\/wordpress2.hdnweb.com\\\/2020\\\/07\\\/30\\\/edm-council-lanza-un-grupo-de-trabajo-para-la-gestion-de-datos-en-nube-con-miras-a-desarrollar-un-marco-de-mejores-practicas-para-acelerar-la-adopcion-de-la-nube\\\/\"},\"wordCount\":688,\"commentCount\":0,\"image\":{\"@id\":\"https:\\\/\\\/wordpress2.hdnweb.com\\\/2020\\\/07\\\/30\\\/edm-council-lanza-un-grupo-de-trabajo-para-la-gestion-de-datos-en-nube-con-miras-a-desarrollar-un-marco-de-mejores-practicas-para-acelerar-la-adopcion-de-la-nube\\\/#primaryimage\"},\"thumbnailUrl\":\"https:\\\/\\\/rt.prnewswire.com\\\/rt.gif?NewsItemId=ES78398&amp;Transmission_Id=202007301313PR_NEWS_LATAM____ES78398&amp;DateId=20200730\",\"articleSection\":[\"Soraya Alcala\"],\"inLanguage\":\"en-US\"},{\"@type\":\"WebPage\",\"@id\":\"https:\\\/\\\/wordpress2.hdnweb.com\\\/en\\\/2020\\\/07\\\/30\\\/edm-council-lanza-un-grupo-de-trabajo-para-la-gestion-de-datos-en-nube-con-miras-a-desarrollar-un-marco-de-mejores-practicas-para-acelerar-la-adopcion-de-la-nube\\\/\",\"url\":\"https:\\\/\\\/wordpress2.hdnweb.com\\\/en\\\/2020\\\/07\\\/30\\\/edm-council-lanza-un-grupo-de-trabajo-para-la-gestion-de-datos-en-nube-con-miras-a-desarrollar-un-marco-de-mejores-practicas-para-acelerar-la-adopcion-de-la-nube\\\/\",\"name\":\"EDM Council lanza un grupo de trabajo para la gesti\u00f3n de datos en nube con miras a desarrollar un marco de mejores pr\u00e1cticas para acelerar la adopci\u00f3n de la nube - Multisitio 2\",\"isPartOf\":{\"@id\":\"https:\\\/\\\/wordpress2.hdnweb.com\\\/en\\\/#website\"},\"primaryImageOfPage\":{\"@id\":\"https:\\\/\\\/wordpress2.hdnweb.com\\\/en\\\/2020\\\/07\\\/30\\\/edm-council-lanza-un-grupo-de-trabajo-para-la-gestion-de-datos-en-nube-con-miras-a-desarrollar-un-marco-de-mejores-practicas-para-acelerar-la-adopcion-de-la-nube\\\/#primaryimage\"},\"image\":{\"@id\":\"https:\\\/\\\/wordpress2.hdnweb.com\\\/2020\\\/07\\\/30\\\/edm-council-lanza-un-grupo-de-trabajo-para-la-gestion-de-datos-en-nube-con-miras-a-desarrollar-un-marco-de-mejores-practicas-para-acelerar-la-adopcion-de-la-nube\\\/#primaryimage\"},\"thumbnailUrl\":\"https:\\\/\\\/rt.prnewswire.com\\\/rt.gif?NewsItemId=ES78398&amp;Transmission_Id=202007301313PR_NEWS_LATAM____ES78398&amp;DateId=20200730\",\"datePublished\":\"2020-07-30T13:13:00+00:00\",\"author\":{\"@id\":\"https:\\\/\\\/wordpress2.hdnweb.com\\\/#\\\/schema\\\/person\\\/c112e8e970f2cfc8553cdb5392b493ad\"},\"breadcrumb\":{\"@id\":\"https:\\\/\\\/wordpress2.hdnweb.com\\\/en\\\/2020\\\/07\\\/30\\\/edm-council-lanza-un-grupo-de-trabajo-para-la-gestion-de-datos-en-nube-con-miras-a-desarrollar-un-marco-de-mejores-practicas-para-acelerar-la-adopcion-de-la-nube\\\/#breadcrumb\"},\"inLanguage\":\"en-US\",\"potentialAction\":[{\"@type\":\"ReadAction\",\"target\":[[\"https:\\\/\\\/wordpress2.hdnweb.com\\\/en\\\/2020\\\/07\\\/30\\\/edm-council-lanza-un-grupo-de-trabajo-para-la-gestion-de-datos-en-nube-con-miras-a-desarrollar-un-marco-de-mejores-practicas-para-acelerar-la-adopcion-de-la-nube\\\/\"]]}]},{\"@type\":\"ImageObject\",\"inLanguage\":\"en-US\",\"@id\":\"https:\\\/\\\/wordpress2.hdnweb.com\\\/en\\\/2020\\\/07\\\/30\\\/edm-council-lanza-un-grupo-de-trabajo-para-la-gestion-de-datos-en-nube-con-miras-a-desarrollar-un-marco-de-mejores-practicas-para-acelerar-la-adopcion-de-la-nube\\\/#primaryimage\",\"url\":\"https:\\\/\\\/rt.prnewswire.com\\\/rt.gif?NewsItemId=ES78398&amp;Transmission_Id=202007301313PR_NEWS_LATAM____ES78398&amp;DateId=20200730\",\"contentUrl\":\"https:\\\/\\\/rt.prnewswire.com\\\/rt.gif?NewsItemId=ES78398&amp;Transmission_Id=202007301313PR_NEWS_LATAM____ES78398&amp;DateId=20200730\"},{\"@type\":\"BreadcrumbList\",\"@id\":\"https:\\\/\\\/wordpress2.hdnweb.com\\\/en\\\/2020\\\/07\\\/30\\\/edm-council-lanza-un-grupo-de-trabajo-para-la-gestion-de-datos-en-nube-con-miras-a-desarrollar-un-marco-de-mejores-practicas-para-acelerar-la-adopcion-de-la-nube\\\/#breadcrumb\",\"itemListElement\":[{\"@type\":\"ListItem\",\"position\":1,\"name\":\"Portada\",\"item\":\"https:\\\/\\\/wordpress2.hdnweb.com\\\/en\\\/\"},{\"@type\":\"ListItem\",\"position\":2,\"name\":\"EDM Council lanza un grupo de trabajo para la gesti\u00f3n de datos en nube con miras a desarrollar un marco de mejores pr\u00e1cticas para acelerar la adopci\u00f3n de la nube\"}]},{\"@type\":\"WebSite\",\"@id\":\"https:\\\/\\\/wordpress2.hdnweb.com\\\/en\\\/#website\",\"url\":\"https:\\\/\\\/wordpress2.hdnweb.com\\\/en\\\/\",\"name\":\"Multisitio 2\",\"description\":\"\",\"potentialAction\":[{\"@type\":\"SearchAction\",\"target\":{\"@type\":\"EntryPoint\",\"urlTemplate\":\"https:\\\/\\\/wordpress2.hdnweb.com\\\/en\\\/?s={search_term_string}\"},\"query-input\":{\"@type\":\"PropertyValueSpecification\",\"valueRequired\":true,\"valueName\":\"search_term_string\"}}],\"inLanguage\":\"en-US\"},{\"@type\":\"Person\",\"@id\":\"https:\\\/\\\/wordpress2.hdnweb.com\\\/#\\\/schema\\\/person\\\/c112e8e970f2cfc8553cdb5392b493ad\",\"name\":\"venred\",\"image\":{\"@type\":\"ImageObject\",\"inLanguage\":\"en-US\",\"@id\":\"https:\\\/\\\/secure.gravatar.com\\\/avatar\\\/2b023a883433f83ad0a3036a7ba60d3133c4e0619f3bca6230ba8c7521b6dec8?s=96&d=mm&r=g\",\"url\":\"https:\\\/\\\/secure.gravatar.com\\\/avatar\\\/2b023a883433f83ad0a3036a7ba60d3133c4e0619f3bca6230ba8c7521b6dec8?s=96&d=mm&r=g\",\"contentUrl\":\"https:\\\/\\\/secure.gravatar.com\\\/avatar\\\/2b023a883433f83ad0a3036a7ba60d3133c4e0619f3bca6230ba8c7521b6dec8?s=96&d=mm&r=g\",\"caption\":\"venred\"},\"url\":\"https:\\\/\\\/wordpress2.hdnweb.com\\\/en\\\/author\\\/venred\\\/\"}]}<\/script>\n<!-- \/ Yoast SEO plugin. -->","yoast_head_json":{"title":"EDM Council lanza un grupo de trabajo para la gesti\u00f3n de datos en nube con miras a desarrollar un marco de mejores pr\u00e1cticas para acelerar la adopci\u00f3n de la nube - Multisitio 2","robots":{"index":"index","follow":"follow","max-snippet":"max-snippet:-1","max-image-preview":"max-image-preview:large","max-video-preview":"max-video-preview:-1"},"canonical":"https:\/\/wordpress2.hdnweb.com\/en\/2020\/07\/30\/edm-council-lanza-un-grupo-de-trabajo-para-la-gestion-de-datos-en-nube-con-miras-a-desarrollar-un-marco-de-mejores-practicas-para-acelerar-la-adopcion-de-la-nube\/","og_locale":"en_US","og_type":"article","og_title":"EDM Council lanza un grupo de trabajo para la gesti\u00f3n de datos en nube con miras a desarrollar un marco de mejores pr\u00e1cticas para acelerar la adopci\u00f3n de la nube - Multisitio 2","og_description":"NUEVA YORK y LONDRES, 30 de julio de 2020 \/PRNewswire\/ -- EDM Council, la asociaci\u00f3n empresaria l\u00edder para gesti\u00f3n de datos, acaba de presentar el Grupo de Trabajo sobre Mejores Pr\u00e1cticas en Capacidades para Gesti\u00f3n de Datos en Nube (CDMC por sus siglas en ingl\u00e9s). Este nuevo grupo incluye participaci\u00f3n de Amazon Web Services (AWS), Google Cloud, IBM Cloud y Microsoft Azure, adem\u00e1s de otras m\u00e1s de 20 firmas l\u00edderes del sector financiero. El Grupo de Trabajo ha...","og_url":"https:\/\/wordpress2.hdnweb.com\/en\/2020\/07\/30\/edm-council-lanza-un-grupo-de-trabajo-para-la-gestion-de-datos-en-nube-con-miras-a-desarrollar-un-marco-de-mejores-practicas-para-acelerar-la-adopcion-de-la-nube\/","og_site_name":"Multisitio 2","article_published_time":"2020-07-30T13:13:00+00:00","og_image":[{"url":"https:\/\/rt.prnewswire.com\/rt.gif?NewsItemId=ES78398&amp;Transmission_Id=202007301313PR_NEWS_LATAM____ES78398&amp;DateId=20200730","type":"","width":"","height":""}],"author":"venred","twitter_card":"summary_large_image","twitter_misc":{"Written by":"venred","Est. reading time":"3 minutes"},"schema":{"@context":"https:\/\/schema.org","@graph":[{"@type":"Article","@id":"https:\/\/wordpress2.hdnweb.com\/2020\/07\/30\/edm-council-lanza-un-grupo-de-trabajo-para-la-gestion-de-datos-en-nube-con-miras-a-desarrollar-un-marco-de-mejores-practicas-para-acelerar-la-adopcion-de-la-nube\/#article","isPartOf":{"@id":"https:\/\/wordpress2.hdnweb.com\/2020\/07\/30\/edm-council-lanza-un-grupo-de-trabajo-para-la-gestion-de-datos-en-nube-con-miras-a-desarrollar-un-marco-de-mejores-practicas-para-acelerar-la-adopcion-de-la-nube\/"},"author":{"name":"venred","@id":"https:\/\/wordpress2.hdnweb.com\/#\/schema\/person\/c112e8e970f2cfc8553cdb5392b493ad"},"headline":"(Espa\u00f1ol) EDM Council lanza un grupo de trabajo para la gesti\u00f3n de datos en nube con miras a desarrollar un marco de mejores pr\u00e1cticas para acelerar la adopci\u00f3n de la nube","datePublished":"2020-07-30T13:13:00+00:00","mainEntityOfPage":{"@id":"https:\/\/wordpress2.hdnweb.com\/2020\/07\/30\/edm-council-lanza-un-grupo-de-trabajo-para-la-gestion-de-datos-en-nube-con-miras-a-desarrollar-un-marco-de-mejores-practicas-para-acelerar-la-adopcion-de-la-nube\/"},"wordCount":688,"commentCount":0,"image":{"@id":"https:\/\/wordpress2.hdnweb.com\/2020\/07\/30\/edm-council-lanza-un-grupo-de-trabajo-para-la-gestion-de-datos-en-nube-con-miras-a-desarrollar-un-marco-de-mejores-practicas-para-acelerar-la-adopcion-de-la-nube\/#primaryimage"},"thumbnailUrl":"https:\/\/rt.prnewswire.com\/rt.gif?NewsItemId=ES78398&amp;Transmission_Id=202007301313PR_NEWS_LATAM____ES78398&amp;DateId=20200730","articleSection":["Soraya Alcala"],"inLanguage":"en-US"},{"@type":"WebPage","@id":"https:\/\/wordpress2.hdnweb.com\/en\/2020\/07\/30\/edm-council-lanza-un-grupo-de-trabajo-para-la-gestion-de-datos-en-nube-con-miras-a-desarrollar-un-marco-de-mejores-practicas-para-acelerar-la-adopcion-de-la-nube\/","url":"https:\/\/wordpress2.hdnweb.com\/en\/2020\/07\/30\/edm-council-lanza-un-grupo-de-trabajo-para-la-gestion-de-datos-en-nube-con-miras-a-desarrollar-un-marco-de-mejores-practicas-para-acelerar-la-adopcion-de-la-nube\/","name":"EDM Council lanza un grupo de trabajo para la gesti\u00f3n de datos en nube con miras a desarrollar un marco de mejores pr\u00e1cticas para acelerar la adopci\u00f3n de la nube - Multisitio 2","isPartOf":{"@id":"https:\/\/wordpress2.hdnweb.com\/en\/#website"},"primaryImageOfPage":{"@id":"https:\/\/wordpress2.hdnweb.com\/en\/2020\/07\/30\/edm-council-lanza-un-grupo-de-trabajo-para-la-gestion-de-datos-en-nube-con-miras-a-desarrollar-un-marco-de-mejores-practicas-para-acelerar-la-adopcion-de-la-nube\/#primaryimage"},"image":{"@id":"https:\/\/wordpress2.hdnweb.com\/2020\/07\/30\/edm-council-lanza-un-grupo-de-trabajo-para-la-gestion-de-datos-en-nube-con-miras-a-desarrollar-un-marco-de-mejores-practicas-para-acelerar-la-adopcion-de-la-nube\/#primaryimage"},"thumbnailUrl":"https:\/\/rt.prnewswire.com\/rt.gif?NewsItemId=ES78398&amp;Transmission_Id=202007301313PR_NEWS_LATAM____ES78398&amp;DateId=20200730","datePublished":"2020-07-30T13:13:00+00:00","author":{"@id":"https:\/\/wordpress2.hdnweb.com\/#\/schema\/person\/c112e8e970f2cfc8553cdb5392b493ad"},"breadcrumb":{"@id":"https:\/\/wordpress2.hdnweb.com\/en\/2020\/07\/30\/edm-council-lanza-un-grupo-de-trabajo-para-la-gestion-de-datos-en-nube-con-miras-a-desarrollar-un-marco-de-mejores-practicas-para-acelerar-la-adopcion-de-la-nube\/#breadcrumb"},"inLanguage":"en-US","potentialAction":[{"@type":"ReadAction","target":[["https:\/\/wordpress2.hdnweb.com\/en\/2020\/07\/30\/edm-council-lanza-un-grupo-de-trabajo-para-la-gestion-de-datos-en-nube-con-miras-a-desarrollar-un-marco-de-mejores-practicas-para-acelerar-la-adopcion-de-la-nube\/"]]}]},{"@type":"ImageObject","inLanguage":"en-US","@id":"https:\/\/wordpress2.hdnweb.com\/en\/2020\/07\/30\/edm-council-lanza-un-grupo-de-trabajo-para-la-gestion-de-datos-en-nube-con-miras-a-desarrollar-un-marco-de-mejores-practicas-para-acelerar-la-adopcion-de-la-nube\/#primaryimage","url":"https:\/\/rt.prnewswire.com\/rt.gif?NewsItemId=ES78398&amp;Transmission_Id=202007301313PR_NEWS_LATAM____ES78398&amp;DateId=20200730","contentUrl":"https:\/\/rt.prnewswire.com\/rt.gif?NewsItemId=ES78398&amp;Transmission_Id=202007301313PR_NEWS_LATAM____ES78398&amp;DateId=20200730"},{"@type":"BreadcrumbList","@id":"https:\/\/wordpress2.hdnweb.com\/en\/2020\/07\/30\/edm-council-lanza-un-grupo-de-trabajo-para-la-gestion-de-datos-en-nube-con-miras-a-desarrollar-un-marco-de-mejores-practicas-para-acelerar-la-adopcion-de-la-nube\/#breadcrumb","itemListElement":[{"@type":"ListItem","position":1,"name":"Portada","item":"https:\/\/wordpress2.hdnweb.com\/en\/"},{"@type":"ListItem","position":2,"name":"EDM Council lanza un grupo de trabajo para la gesti\u00f3n de datos en nube con miras a desarrollar un marco de mejores pr\u00e1cticas para acelerar la adopci\u00f3n de la nube"}]},{"@type":"WebSite","@id":"https:\/\/wordpress2.hdnweb.com\/en\/#website","url":"https:\/\/wordpress2.hdnweb.com\/en\/","name":"Multisitio 2","description":"","potentialAction":[{"@type":"SearchAction","target":{"@type":"EntryPoint","urlTemplate":"https:\/\/wordpress2.hdnweb.com\/en\/?s={search_term_string}"},"query-input":{"@type":"PropertyValueSpecification","valueRequired":true,"valueName":"search_term_string"}}],"inLanguage":"en-US"},{"@type":"Person","@id":"https:\/\/wordpress2.hdnweb.com\/#\/schema\/person\/c112e8e970f2cfc8553cdb5392b493ad","name":"venred","image":{"@type":"ImageObject","inLanguage":"en-US","@id":"https:\/\/secure.gravatar.com\/avatar\/2b023a883433f83ad0a3036a7ba60d3133c4e0619f3bca6230ba8c7521b6dec8?s=96&d=mm&r=g","url":"https:\/\/secure.gravatar.com\/avatar\/2b023a883433f83ad0a3036a7ba60d3133c4e0619f3bca6230ba8c7521b6dec8?s=96&d=mm&r=g","contentUrl":"https:\/\/secure.gravatar.com\/avatar\/2b023a883433f83ad0a3036a7ba60d3133c4e0619f3bca6230ba8c7521b6dec8?s=96&d=mm&r=g","caption":"venred"},"url":"https:\/\/wordpress2.hdnweb.com\/en\/author\/venred\/"}]}},"_links":{"self":[{"href":"https:\/\/wordpress2.hdnweb.com\/en\/wp-json\/wp\/v2\/posts\/13026","targetHints":{"allow":["GET"]}}],"collection":[{"href":"https:\/\/wordpress2.hdnweb.com\/en\/wp-json\/wp\/v2\/posts"}],"about":[{"href":"https:\/\/wordpress2.hdnweb.com\/en\/wp-json\/wp\/v2\/types\/post"}],"author":[{"embeddable":true,"href":"https:\/\/wordpress2.hdnweb.com\/en\/wp-json\/wp\/v2\/users\/1"}],"replies":[{"embeddable":true,"href":"https:\/\/wordpress2.hdnweb.com\/en\/wp-json\/wp\/v2\/comments?post=13026"}],"version-history":[{"count":0,"href":"https:\/\/wordpress2.hdnweb.com\/en\/wp-json\/wp\/v2\/posts\/13026\/revisions"}],"wp:attachment":[{"href":"https:\/\/wordpress2.hdnweb.com\/en\/wp-json\/wp\/v2\/media?parent=13026"}],"wp:term":[{"taxonomy":"category","embeddable":true,"href":"https:\/\/wordpress2.hdnweb.com\/en\/wp-json\/wp\/v2\/categories?post=13026"},{"taxonomy":"post_tag","embeddable":true,"href":"https:\/\/wordpress2.hdnweb.com\/en\/wp-json\/wp\/v2\/tags?post=13026"}],"curies":[{"name":"wp","href":"https:\/\/api.w.org\/{rel}","templated":true}]}}