{"id":13027,"date":"2020-07-30T14:03:00","date_gmt":"2020-07-30T14:03:00","guid":{"rendered":"https:\/\/wordpress2.hdnweb.com\/2020\/07\/30\/aymee-nuviola-en-cala-tengo-coronavirus-y-ya-estoy-en-proceso-de-recuperacion\/"},"modified":"2020-07-30T14:03:00","modified_gmt":"2020-07-30T14:03:00","slug":"aymee-nuviola-en-cala-tengo-coronavirus-y-ya-estoy-en-proceso-de-recuperacion","status":"publish","type":"post","link":"https:\/\/wordpress2.hdnweb.com\/en\/2020\/07\/30\/aymee-nuviola-en-cala-tengo-coronavirus-y-ya-estoy-en-proceso-de-recuperacion\/","title":{"rendered":"(Espa\u00f1ol) Aym\u00e9e Nuviola en CALA: &#8220;Tengo coronavirus y ya estoy en proceso de recuperaci\u00f3n&#8221;"},"content":{"rendered":"<p class=\"qtranxs-available-languages-message qtranxs-available-languages-message-en\">Sorry, this entry is only available in <a href=\"https:\/\/wordpress2.hdnweb.com\/es\/wp-json\/wp\/v2\/posts\/13027\" class=\"qtranxs-available-language-link qtranxs-available-language-link-es\" title=\"Espa\u00f1ol\">Espa\u00f1ol<\/a>.<\/p>","protected":false},"excerpt":{"rendered":"<p class=\"qtranxs-available-languages-message qtranxs-available-languages-message-en\">Sorry, this entry is only available in <a href=\"https:\/\/wordpress2.hdnweb.com\/es\/wp-json\/wp\/v2\/posts\/13027\" class=\"qtranxs-available-language-link qtranxs-available-language-link-es\" title=\"Espa\u00f1ol\">Espa\u00f1ol<\/a>.<\/p>\n","protected":false},"author":1,"featured_media":0,"comment_status":"open","ping_status":"open","sticky":false,"template":"","format":"standard","meta":{"_acf_changed":false,"_monsterinsights_skip_tracking":false,"_monsterinsights_sitenote_active":false,"_monsterinsights_sitenote_note":"","_monsterinsights_sitenote_category":0,"footnotes":""},"categories":[2],"tags":[],"class_list":["post-13027","post","type-post","status-publish","format-standard","hentry","category-soraya-alcala"],"acf":[],"yoast_head":"<!-- This site is optimized with the Yoast SEO plugin v27.5 - https:\/\/yoast.com\/product\/yoast-seo-wordpress\/ -->\n<title>Aym\u00e9e Nuviola en CALA: &quot;Tengo coronavirus y ya estoy en proceso de recuperaci\u00f3n&quot; - Multisitio 2<\/title>\n<meta name=\"robots\" content=\"index, follow, max-snippet:-1, max-image-preview:large, max-video-preview:-1\" \/>\n<link rel=\"canonical\" href=\"https:\/\/wordpress2.hdnweb.com\/en\/2020\/07\/30\/aymee-nuviola-en-cala-tengo-coronavirus-y-ya-estoy-en-proceso-de-recuperacion\/\" \/>\n<meta property=\"og:locale\" content=\"en_US\" \/>\n<meta property=\"og:type\" content=\"article\" \/>\n<meta property=\"og:title\" content=\"Aym\u00e9e Nuviola en CALA: &quot;Tengo coronavirus y ya estoy en proceso de recuperaci\u00f3n&quot; - Multisitio 2\" \/>\n<meta property=\"og:description\" content=\"MIAMI, 30 de julio de 2020 \/PRNewswire-HISPANIC PR WIRE\/ -- En una entrevista en el programa &quot;Cala&quot;, de la cadena norteamericana MegaTV, la cantante Aym\u00e9e Nuviola revel\u00f3 que ha contra\u00eddo el Covid-19. &quot;Ocurri\u00f3 hace algunos d\u00edas y, por suerte, ya estoy en la etapa final del proceso de recuperaci\u00f3n&quot;, asegur\u00f3 la cubanoamericana desde su hogar de Miami. &quot;Me di cuenta de que me pasaba algo raro porque estuve con \u00e1nimo cambiante, pasaba del nerviosismo a querer dormir todo el...\" \/>\n<meta property=\"og:url\" content=\"https:\/\/wordpress2.hdnweb.com\/en\/2020\/07\/30\/aymee-nuviola-en-cala-tengo-coronavirus-y-ya-estoy-en-proceso-de-recuperacion\/\" \/>\n<meta property=\"og:site_name\" content=\"Multisitio 2\" \/>\n<meta property=\"article:published_time\" content=\"2020-07-30T14:03:00+00:00\" \/>\n<meta property=\"og:image\" content=\"https:\/\/rt.prnewswire.com\/rt.gif?NewsItemId=SH78794&amp;Transmission_Id=202007301403PR_NEWS_HSPR_____SH78794&amp;DateId=20200730\" \/>\n<meta name=\"author\" content=\"venred\" \/>\n<meta name=\"twitter:card\" content=\"summary_large_image\" \/>\n<meta name=\"twitter:label1\" content=\"Written by\" \/>\n\t<meta name=\"twitter:data1\" content=\"venred\" \/>\n\t<meta name=\"twitter:label2\" content=\"Est. reading time\" \/>\n\t<meta name=\"twitter:data2\" content=\"3 minutes\" \/>\n<script type=\"application\/ld+json\" class=\"yoast-schema-graph\">{\"@context\":\"https:\\\/\\\/schema.org\",\"@graph\":[{\"@type\":\"Article\",\"@id\":\"https:\\\/\\\/wordpress2.hdnweb.com\\\/2020\\\/07\\\/30\\\/aymee-nuviola-en-cala-tengo-coronavirus-y-ya-estoy-en-proceso-de-recuperacion\\\/#article\",\"isPartOf\":{\"@id\":\"https:\\\/\\\/wordpress2.hdnweb.com\\\/2020\\\/07\\\/30\\\/aymee-nuviola-en-cala-tengo-coronavirus-y-ya-estoy-en-proceso-de-recuperacion\\\/\"},\"author\":{\"name\":\"venred\",\"@id\":\"https:\\\/\\\/wordpress2.hdnweb.com\\\/#\\\/schema\\\/person\\\/c112e8e970f2cfc8553cdb5392b493ad\"},\"headline\":\"(Espa\u00f1ol) Aym\u00e9e Nuviola en CALA: &#8220;Tengo coronavirus y ya estoy en proceso de recuperaci\u00f3n&#8221;\",\"datePublished\":\"2020-07-30T14:03:00+00:00\",\"mainEntityOfPage\":{\"@id\":\"https:\\\/\\\/wordpress2.hdnweb.com\\\/2020\\\/07\\\/30\\\/aymee-nuviola-en-cala-tengo-coronavirus-y-ya-estoy-en-proceso-de-recuperacion\\\/\"},\"wordCount\":592,\"commentCount\":0,\"image\":{\"@id\":\"https:\\\/\\\/wordpress2.hdnweb.com\\\/2020\\\/07\\\/30\\\/aymee-nuviola-en-cala-tengo-coronavirus-y-ya-estoy-en-proceso-de-recuperacion\\\/#primaryimage\"},\"thumbnailUrl\":\"https:\\\/\\\/rt.prnewswire.com\\\/rt.gif?NewsItemId=SH78794&amp;Transmission_Id=202007301403PR_NEWS_HSPR_____SH78794&amp;DateId=20200730\",\"articleSection\":[\"Soraya Alcala\"],\"inLanguage\":\"en-US\"},{\"@type\":\"WebPage\",\"@id\":\"https:\\\/\\\/wordpress2.hdnweb.com\\\/en\\\/2020\\\/07\\\/30\\\/aymee-nuviola-en-cala-tengo-coronavirus-y-ya-estoy-en-proceso-de-recuperacion\\\/\",\"url\":\"https:\\\/\\\/wordpress2.hdnweb.com\\\/en\\\/2020\\\/07\\\/30\\\/aymee-nuviola-en-cala-tengo-coronavirus-y-ya-estoy-en-proceso-de-recuperacion\\\/\",\"name\":\"Aym\u00e9e Nuviola en CALA: \\\"Tengo coronavirus y ya estoy en proceso de recuperaci\u00f3n\\\" - Multisitio 2\",\"isPartOf\":{\"@id\":\"https:\\\/\\\/wordpress2.hdnweb.com\\\/en\\\/#website\"},\"primaryImageOfPage\":{\"@id\":\"https:\\\/\\\/wordpress2.hdnweb.com\\\/en\\\/2020\\\/07\\\/30\\\/aymee-nuviola-en-cala-tengo-coronavirus-y-ya-estoy-en-proceso-de-recuperacion\\\/#primaryimage\"},\"image\":{\"@id\":\"https:\\\/\\\/wordpress2.hdnweb.com\\\/2020\\\/07\\\/30\\\/aymee-nuviola-en-cala-tengo-coronavirus-y-ya-estoy-en-proceso-de-recuperacion\\\/#primaryimage\"},\"thumbnailUrl\":\"https:\\\/\\\/rt.prnewswire.com\\\/rt.gif?NewsItemId=SH78794&amp;Transmission_Id=202007301403PR_NEWS_HSPR_____SH78794&amp;DateId=20200730\",\"datePublished\":\"2020-07-30T14:03:00+00:00\",\"author\":{\"@id\":\"https:\\\/\\\/wordpress2.hdnweb.com\\\/#\\\/schema\\\/person\\\/c112e8e970f2cfc8553cdb5392b493ad\"},\"breadcrumb\":{\"@id\":\"https:\\\/\\\/wordpress2.hdnweb.com\\\/en\\\/2020\\\/07\\\/30\\\/aymee-nuviola-en-cala-tengo-coronavirus-y-ya-estoy-en-proceso-de-recuperacion\\\/#breadcrumb\"},\"inLanguage\":\"en-US\",\"potentialAction\":[{\"@type\":\"ReadAction\",\"target\":[[\"https:\\\/\\\/wordpress2.hdnweb.com\\\/en\\\/2020\\\/07\\\/30\\\/aymee-nuviola-en-cala-tengo-coronavirus-y-ya-estoy-en-proceso-de-recuperacion\\\/\"]]}]},{\"@type\":\"ImageObject\",\"inLanguage\":\"en-US\",\"@id\":\"https:\\\/\\\/wordpress2.hdnweb.com\\\/en\\\/2020\\\/07\\\/30\\\/aymee-nuviola-en-cala-tengo-coronavirus-y-ya-estoy-en-proceso-de-recuperacion\\\/#primaryimage\",\"url\":\"https:\\\/\\\/rt.prnewswire.com\\\/rt.gif?NewsItemId=SH78794&amp;Transmission_Id=202007301403PR_NEWS_HSPR_____SH78794&amp;DateId=20200730\",\"contentUrl\":\"https:\\\/\\\/rt.prnewswire.com\\\/rt.gif?NewsItemId=SH78794&amp;Transmission_Id=202007301403PR_NEWS_HSPR_____SH78794&amp;DateId=20200730\"},{\"@type\":\"BreadcrumbList\",\"@id\":\"https:\\\/\\\/wordpress2.hdnweb.com\\\/en\\\/2020\\\/07\\\/30\\\/aymee-nuviola-en-cala-tengo-coronavirus-y-ya-estoy-en-proceso-de-recuperacion\\\/#breadcrumb\",\"itemListElement\":[{\"@type\":\"ListItem\",\"position\":1,\"name\":\"Portada\",\"item\":\"https:\\\/\\\/wordpress2.hdnweb.com\\\/en\\\/\"},{\"@type\":\"ListItem\",\"position\":2,\"name\":\"Aym\u00e9e Nuviola en CALA: \u00abTengo coronavirus y ya estoy en proceso de recuperaci\u00f3n\u00bb\"}]},{\"@type\":\"WebSite\",\"@id\":\"https:\\\/\\\/wordpress2.hdnweb.com\\\/en\\\/#website\",\"url\":\"https:\\\/\\\/wordpress2.hdnweb.com\\\/en\\\/\",\"name\":\"Multisitio 2\",\"description\":\"\",\"potentialAction\":[{\"@type\":\"SearchAction\",\"target\":{\"@type\":\"EntryPoint\",\"urlTemplate\":\"https:\\\/\\\/wordpress2.hdnweb.com\\\/en\\\/?s={search_term_string}\"},\"query-input\":{\"@type\":\"PropertyValueSpecification\",\"valueRequired\":true,\"valueName\":\"search_term_string\"}}],\"inLanguage\":\"en-US\"},{\"@type\":\"Person\",\"@id\":\"https:\\\/\\\/wordpress2.hdnweb.com\\\/#\\\/schema\\\/person\\\/c112e8e970f2cfc8553cdb5392b493ad\",\"name\":\"venred\",\"image\":{\"@type\":\"ImageObject\",\"inLanguage\":\"en-US\",\"@id\":\"https:\\\/\\\/secure.gravatar.com\\\/avatar\\\/2b023a883433f83ad0a3036a7ba60d3133c4e0619f3bca6230ba8c7521b6dec8?s=96&d=mm&r=g\",\"url\":\"https:\\\/\\\/secure.gravatar.com\\\/avatar\\\/2b023a883433f83ad0a3036a7ba60d3133c4e0619f3bca6230ba8c7521b6dec8?s=96&d=mm&r=g\",\"contentUrl\":\"https:\\\/\\\/secure.gravatar.com\\\/avatar\\\/2b023a883433f83ad0a3036a7ba60d3133c4e0619f3bca6230ba8c7521b6dec8?s=96&d=mm&r=g\",\"caption\":\"venred\"},\"url\":\"https:\\\/\\\/wordpress2.hdnweb.com\\\/en\\\/author\\\/venred\\\/\"}]}<\/script>\n<!-- \/ Yoast SEO plugin. -->","yoast_head_json":{"title":"Aym\u00e9e Nuviola en CALA: \"Tengo coronavirus y ya estoy en proceso de recuperaci\u00f3n\" - Multisitio 2","robots":{"index":"index","follow":"follow","max-snippet":"max-snippet:-1","max-image-preview":"max-image-preview:large","max-video-preview":"max-video-preview:-1"},"canonical":"https:\/\/wordpress2.hdnweb.com\/en\/2020\/07\/30\/aymee-nuviola-en-cala-tengo-coronavirus-y-ya-estoy-en-proceso-de-recuperacion\/","og_locale":"en_US","og_type":"article","og_title":"Aym\u00e9e Nuviola en CALA: \"Tengo coronavirus y ya estoy en proceso de recuperaci\u00f3n\" - Multisitio 2","og_description":"MIAMI, 30 de julio de 2020 \/PRNewswire-HISPANIC PR WIRE\/ -- En una entrevista en el programa \"Cala\", de la cadena norteamericana MegaTV, la cantante Aym\u00e9e Nuviola revel\u00f3 que ha contra\u00eddo el Covid-19. \"Ocurri\u00f3 hace algunos d\u00edas y, por suerte, ya estoy en la etapa final del proceso de recuperaci\u00f3n\", asegur\u00f3 la cubanoamericana desde su hogar de Miami. \"Me di cuenta de que me pasaba algo raro porque estuve con \u00e1nimo cambiante, pasaba del nerviosismo a querer dormir todo el...","og_url":"https:\/\/wordpress2.hdnweb.com\/en\/2020\/07\/30\/aymee-nuviola-en-cala-tengo-coronavirus-y-ya-estoy-en-proceso-de-recuperacion\/","og_site_name":"Multisitio 2","article_published_time":"2020-07-30T14:03:00+00:00","og_image":[{"url":"https:\/\/rt.prnewswire.com\/rt.gif?NewsItemId=SH78794&amp;Transmission_Id=202007301403PR_NEWS_HSPR_____SH78794&amp;DateId=20200730","type":"","width":"","height":""}],"author":"venred","twitter_card":"summary_large_image","twitter_misc":{"Written by":"venred","Est. reading time":"3 minutes"},"schema":{"@context":"https:\/\/schema.org","@graph":[{"@type":"Article","@id":"https:\/\/wordpress2.hdnweb.com\/2020\/07\/30\/aymee-nuviola-en-cala-tengo-coronavirus-y-ya-estoy-en-proceso-de-recuperacion\/#article","isPartOf":{"@id":"https:\/\/wordpress2.hdnweb.com\/2020\/07\/30\/aymee-nuviola-en-cala-tengo-coronavirus-y-ya-estoy-en-proceso-de-recuperacion\/"},"author":{"name":"venred","@id":"https:\/\/wordpress2.hdnweb.com\/#\/schema\/person\/c112e8e970f2cfc8553cdb5392b493ad"},"headline":"(Espa\u00f1ol) Aym\u00e9e Nuviola en CALA: &#8220;Tengo coronavirus y ya estoy en proceso de recuperaci\u00f3n&#8221;","datePublished":"2020-07-30T14:03:00+00:00","mainEntityOfPage":{"@id":"https:\/\/wordpress2.hdnweb.com\/2020\/07\/30\/aymee-nuviola-en-cala-tengo-coronavirus-y-ya-estoy-en-proceso-de-recuperacion\/"},"wordCount":592,"commentCount":0,"image":{"@id":"https:\/\/wordpress2.hdnweb.com\/2020\/07\/30\/aymee-nuviola-en-cala-tengo-coronavirus-y-ya-estoy-en-proceso-de-recuperacion\/#primaryimage"},"thumbnailUrl":"https:\/\/rt.prnewswire.com\/rt.gif?NewsItemId=SH78794&amp;Transmission_Id=202007301403PR_NEWS_HSPR_____SH78794&amp;DateId=20200730","articleSection":["Soraya Alcala"],"inLanguage":"en-US"},{"@type":"WebPage","@id":"https:\/\/wordpress2.hdnweb.com\/en\/2020\/07\/30\/aymee-nuviola-en-cala-tengo-coronavirus-y-ya-estoy-en-proceso-de-recuperacion\/","url":"https:\/\/wordpress2.hdnweb.com\/en\/2020\/07\/30\/aymee-nuviola-en-cala-tengo-coronavirus-y-ya-estoy-en-proceso-de-recuperacion\/","name":"Aym\u00e9e Nuviola en CALA: \"Tengo coronavirus y ya estoy en proceso de recuperaci\u00f3n\" - Multisitio 2","isPartOf":{"@id":"https:\/\/wordpress2.hdnweb.com\/en\/#website"},"primaryImageOfPage":{"@id":"https:\/\/wordpress2.hdnweb.com\/en\/2020\/07\/30\/aymee-nuviola-en-cala-tengo-coronavirus-y-ya-estoy-en-proceso-de-recuperacion\/#primaryimage"},"image":{"@id":"https:\/\/wordpress2.hdnweb.com\/2020\/07\/30\/aymee-nuviola-en-cala-tengo-coronavirus-y-ya-estoy-en-proceso-de-recuperacion\/#primaryimage"},"thumbnailUrl":"https:\/\/rt.prnewswire.com\/rt.gif?NewsItemId=SH78794&amp;Transmission_Id=202007301403PR_NEWS_HSPR_____SH78794&amp;DateId=20200730","datePublished":"2020-07-30T14:03:00+00:00","author":{"@id":"https:\/\/wordpress2.hdnweb.com\/#\/schema\/person\/c112e8e970f2cfc8553cdb5392b493ad"},"breadcrumb":{"@id":"https:\/\/wordpress2.hdnweb.com\/en\/2020\/07\/30\/aymee-nuviola-en-cala-tengo-coronavirus-y-ya-estoy-en-proceso-de-recuperacion\/#breadcrumb"},"inLanguage":"en-US","potentialAction":[{"@type":"ReadAction","target":[["https:\/\/wordpress2.hdnweb.com\/en\/2020\/07\/30\/aymee-nuviola-en-cala-tengo-coronavirus-y-ya-estoy-en-proceso-de-recuperacion\/"]]}]},{"@type":"ImageObject","inLanguage":"en-US","@id":"https:\/\/wordpress2.hdnweb.com\/en\/2020\/07\/30\/aymee-nuviola-en-cala-tengo-coronavirus-y-ya-estoy-en-proceso-de-recuperacion\/#primaryimage","url":"https:\/\/rt.prnewswire.com\/rt.gif?NewsItemId=SH78794&amp;Transmission_Id=202007301403PR_NEWS_HSPR_____SH78794&amp;DateId=20200730","contentUrl":"https:\/\/rt.prnewswire.com\/rt.gif?NewsItemId=SH78794&amp;Transmission_Id=202007301403PR_NEWS_HSPR_____SH78794&amp;DateId=20200730"},{"@type":"BreadcrumbList","@id":"https:\/\/wordpress2.hdnweb.com\/en\/2020\/07\/30\/aymee-nuviola-en-cala-tengo-coronavirus-y-ya-estoy-en-proceso-de-recuperacion\/#breadcrumb","itemListElement":[{"@type":"ListItem","position":1,"name":"Portada","item":"https:\/\/wordpress2.hdnweb.com\/en\/"},{"@type":"ListItem","position":2,"name":"Aym\u00e9e Nuviola en CALA: \u00abTengo coronavirus y ya estoy en proceso de recuperaci\u00f3n\u00bb"}]},{"@type":"WebSite","@id":"https:\/\/wordpress2.hdnweb.com\/en\/#website","url":"https:\/\/wordpress2.hdnweb.com\/en\/","name":"Multisitio 2","description":"","potentialAction":[{"@type":"SearchAction","target":{"@type":"EntryPoint","urlTemplate":"https:\/\/wordpress2.hdnweb.com\/en\/?s={search_term_string}"},"query-input":{"@type":"PropertyValueSpecification","valueRequired":true,"valueName":"search_term_string"}}],"inLanguage":"en-US"},{"@type":"Person","@id":"https:\/\/wordpress2.hdnweb.com\/#\/schema\/person\/c112e8e970f2cfc8553cdb5392b493ad","name":"venred","image":{"@type":"ImageObject","inLanguage":"en-US","@id":"https:\/\/secure.gravatar.com\/avatar\/2b023a883433f83ad0a3036a7ba60d3133c4e0619f3bca6230ba8c7521b6dec8?s=96&d=mm&r=g","url":"https:\/\/secure.gravatar.com\/avatar\/2b023a883433f83ad0a3036a7ba60d3133c4e0619f3bca6230ba8c7521b6dec8?s=96&d=mm&r=g","contentUrl":"https:\/\/secure.gravatar.com\/avatar\/2b023a883433f83ad0a3036a7ba60d3133c4e0619f3bca6230ba8c7521b6dec8?s=96&d=mm&r=g","caption":"venred"},"url":"https:\/\/wordpress2.hdnweb.com\/en\/author\/venred\/"}]}},"_links":{"self":[{"href":"https:\/\/wordpress2.hdnweb.com\/en\/wp-json\/wp\/v2\/posts\/13027","targetHints":{"allow":["GET"]}}],"collection":[{"href":"https:\/\/wordpress2.hdnweb.com\/en\/wp-json\/wp\/v2\/posts"}],"about":[{"href":"https:\/\/wordpress2.hdnweb.com\/en\/wp-json\/wp\/v2\/types\/post"}],"author":[{"embeddable":true,"href":"https:\/\/wordpress2.hdnweb.com\/en\/wp-json\/wp\/v2\/users\/1"}],"replies":[{"embeddable":true,"href":"https:\/\/wordpress2.hdnweb.com\/en\/wp-json\/wp\/v2\/comments?post=13027"}],"version-history":[{"count":0,"href":"https:\/\/wordpress2.hdnweb.com\/en\/wp-json\/wp\/v2\/posts\/13027\/revisions"}],"wp:attachment":[{"href":"https:\/\/wordpress2.hdnweb.com\/en\/wp-json\/wp\/v2\/media?parent=13027"}],"wp:term":[{"taxonomy":"category","embeddable":true,"href":"https:\/\/wordpress2.hdnweb.com\/en\/wp-json\/wp\/v2\/categories?post=13027"},{"taxonomy":"post_tag","embeddable":true,"href":"https:\/\/wordpress2.hdnweb.com\/en\/wp-json\/wp\/v2\/tags?post=13027"}],"curies":[{"name":"wp","href":"https:\/\/api.w.org\/{rel}","templated":true}]}}