{"id":13112,"date":"2020-07-20T13:22:00","date_gmt":"2020-07-20T13:22:00","guid":{"rendered":"https:\/\/wordpress2.hdnweb.com\/2020\/07\/20\/gloria-and-emilio-estefan-to-sponsor-new-ismael-cala-show-on-megatv\/"},"modified":"2020-07-20T13:22:00","modified_gmt":"2020-07-20T13:22:00","slug":"gloria-and-emilio-estefan-to-sponsor-new-ismael-cala-show-on-megatv","status":"publish","type":"post","link":"https:\/\/wordpress2.hdnweb.com\/en\/2020\/07\/20\/gloria-and-emilio-estefan-to-sponsor-new-ismael-cala-show-on-megatv\/","title":{"rendered":"Gloria and Emilio Estefan to sponsor new Ismael Cala show on MegaTV"},"content":{"rendered":"<p><\/p>\n<style type=\"text\/css\"><![CDATA[\n\/* Style Definitions *\/\nspan.prnews_span\n{\nfont-size:8pt;\nfont-family:\"Arial\";\ncolor:black;\n}\na.prnews_a\n{\ncolor:blue;\n}\nli.prnews_li\n{\nfont-size:8pt;\nfont-family:\"Arial\";\ncolor:black;\n}\np.prnews_p\n{\nfont-size:0.62em;\nfont-family:\"Arial\";\ncolor:black;\nmargin:0in;\n}\n]]><\/style>\n<div class=\"xn-content\">\n<p>They will be interviewed on the inaugural program this Monday (today), together with Jos\u00e9 Luis Rodr\u00edguez &#8220;El Puma.&#8221; This first inaugural week will feature other major figures, such as Natalia Jim\u00e9nez, Luis Chataing, Luc\u00eda M\u00e9ndez, Antonia L\u00f3pez, <span class=\"xn-person\">Maritza Fuentes<\/span> and Alexis and Fido, among others.<\/p>\n<p><span class=\"xn-location\">MIAMI<\/span>, <span class=\"xn-chron\">July 20, 2020<\/span> \/PRNewswire-HISPANIC PR WIRE\/ &#8212; <span class=\"xn-person\">Gloria and Emilio Estefan<\/span> will sponsor &#8220;Cala,&#8221; <span class=\"xn-person\">Ismael Cala&#8217;s<\/span> new television show, which is premiering this <span class=\"xn-chron\">Monday, July 20<\/span> on the MegaTV network, reaching the entire <span class=\"xn-location\">United States<\/span>. <\/p>\n<p>&#8220;We&#8217;re supporting Ismael because he is someone who brings light and a positive vision to the world, things that are in such short supply these days,&#8221; observed <span class=\"xn-person\">Emilio Estefan<\/span>, who added, speaking on his own and Gloria&#8217;s behalf: &#8220;We love him very much and wish him the best with this new program.&#8221;<\/p>\n<p>Cala, in turn, expressed his gratitude for the &#8221; honor and the blessing&#8221; of having the support of this wonderful couple from the show business world. &#8220;I&#8217;ve enjoyed the friendship of Emilio and Gloria for many years, and they&#8217;ve been an indispensable help to me at key moments in my career,&#8221; he concluded. <b>\u00a0<\/b><\/p>\n<p>The program will be a variety show, both entertaining and informative, with commentary, humor, serious issues and, of course, Ismael&#8217;s famous interviews. This Monday, for example, he&#8217;ll be conversing with, among others, Gloria and Emilio, and Jos\u00e9 Luis Rodr\u00edguez, &#8220;El Puma.&#8221;<\/p>\n<p>The rest of this opening week will feature other major figures, such as singer Natalia Jim\u00e9nez, television host Luis Chataing, actress Luc\u00eda M\u00e9ndez, sexologist Antonia L\u00f3pez, Doctor <span class=\"xn-person\">Maritza Fuentes<\/span>, and <i>Reggaeton<\/i> duo Alexis and Fido.<\/p>\n<p>Ismael noted that the program has been made possible thanks to the trust of Ra\u00fal Alarc\u00f3n, owner of MegaTV; Alberto Rodr\u00edguez, the network&#8217;s chief executive; Jos\u00e9 P\u00e9rez, Vice President for Programming; and <span class=\"xn-person\">Amer Mercado<\/span>, executive producer of this brand-new season. \u00a0<\/p>\n<p>&#8220;The program has an innovative format that captures the enchantment and great journalistic maturity&#8221; of Ismael,&#8221; P\u00e9rez commented. Mercado, for his part, stated that the program will present a Cala who is &#8220;engaging and funny, who will be trying to convey a mood of hope to viewing households.&#8221; <\/p>\n<p><span class=\"xn-person\">Ismael Cala<\/span> is a life and business strategist. For five and a half years he was the host of &#8220;Cala,&#8221; on <i>CNN en Espa\u00f1ol<\/i>. A businessman and social entrepreneur, he is the author of eight bestsellers on issues of leadership, entrepreneurship and personal development, including <i>El poder de escuchar<\/i> (&#8216;The power of listening&#8217;), and <i>Despierta con Cala<\/i> (&#8216;Wake up with Cala&#8217;).<\/p>\n<p>Cala was born in <span class=\"xn-person\">Santiago de Cuba<\/span> in 1969, and holds a degree in Art History from Oriente University.\u00a0 He is the co-author of the book &#8220;Beat the Curve,&#8221; with <span class=\"xn-person\">Brian Tracy<\/span>.\u00a0 He graduated from the School of Communication at <span class=\"xn-org\">York University<\/span> in <span class=\"xn-location\">Toronto<\/span> and has a diploma from <span class=\"xn-org\">Seneca College<\/span> in Television Production. He is the President and founder of the Cala Enterprises Corporation and the Ismael Cala Foundation.<\/p>\n<p>MegaTV, a property of the Spanish Broadcasting System (SBS), Inc., is a television operation with distribution in open signal, cable and satellite, and affiliates in <span class=\"xn-location\">the United States<\/span> and Puerto Rico.\u00a0 SBS is also the owner of 17 radio stations located in the key Hispanic U.S. markets.\u00a0 <\/p>\n<p>CALA will be broadcast Monday to Friday at the following times:\u00a0\u00a0 <\/p>\n<p><span class=\"xn-location\">Miami<\/span>: <span class=\"xn-chron\">10:00 pm<\/span><br \/>US National: <span class=\"xn-chron\">10:00 pm ET<\/span> \/ <span class=\"xn-chron\">9:00 pm CT<\/span>\/ <span class=\"xn-chron\">7:00 pm PT<\/span><\/p>\n<p>SOURCE  Cala Enterprises<\/p>\n<\/div>\n<p><img decoding=\"async\" alt=\"\" src=\"https:\/\/rt.prnewswire.com\/rt.gif?NewsItemId=EH67823&amp;Transmission_Id=202007201322PR_NEWS_HSPR_____EH67823&amp;DateId=20200720\" style=\"border:0px; width:1px; height:1px;\"\/> <\/p>","protected":false},"excerpt":{"rendered":"<div class=\"xn-content\">\n<p>They will be interviewed on the inaugural program this Monday (today), together with Jos\u00e9 Luis Rodr\u00edguez &#8220;El Puma.&#8221; This first inaugural week will feature other major figures, such as Natalia Jim\u00e9nez, Luis Chataing, Luc\u00eda M\u00e9ndez, Antonia L\u00f3pez, <span class=\"xn-person\">Maritza Fuentes<\/span> and Alexis and Fido, among others.<\/p>\n<p><span class=\"xn-location\">MIAMI<\/span>, <span class=\"xn-chron\">July 20, 2020<\/span> \/PRNewswire-HISPANIC PR WIRE\/ &#8212; <span class=\"xn-person\">Gloria and Emilio Estefan<\/span> will sponsor &#8220;Cala,&#8221; <span class=\"xn-person\">Ismael&#8230;<\/p>\n","protected":false},"author":1,"featured_media":0,"comment_status":"open","ping_status":"open","sticky":false,"template":"","format":"standard","meta":{"_acf_changed":false,"_monsterinsights_skip_tracking":false,"_monsterinsights_sitenote_active":false,"_monsterinsights_sitenote_note":"","_monsterinsights_sitenote_category":0,"footnotes":""},"categories":[3],"tags":[],"class_list":["post-13112","post","type-post","status-publish","format-standard","hentry","category-aaron-sanchez"],"acf":[],"yoast_head":"<!-- This site is optimized with the Yoast SEO plugin v27.5 - https:\/\/yoast.com\/product\/yoast-seo-wordpress\/ -->\n<title>Gloria and Emilio Estefan to sponsor new Ismael Cala show on MegaTV - Multisitio 2<\/title>\n<meta name=\"robots\" content=\"index, follow, max-snippet:-1, max-image-preview:large, max-video-preview:-1\" \/>\n<link rel=\"canonical\" href=\"https:\/\/wordpress2.hdnweb.com\/en\/2020\/07\/20\/gloria-and-emilio-estefan-to-sponsor-new-ismael-cala-show-on-megatv\/\" \/>\n<meta property=\"og:locale\" content=\"en_US\" \/>\n<meta property=\"og:type\" content=\"article\" \/>\n<meta property=\"og:title\" content=\"Gloria and Emilio Estefan to sponsor new Ismael Cala show on MegaTV - Multisitio 2\" \/>\n<meta property=\"og:description\" content=\"They will be interviewed on the inaugural program this Monday (today), together with Jos\u00e9 Luis Rodr\u00edguez &quot;El Puma.&quot; This first inaugural week will feature other major figures, such as Natalia Jim\u00e9nez, Luis Chataing, Luc\u00eda M\u00e9ndez, Antonia L\u00f3pez, Maritza Fuentes and Alexis and Fido, among others.  MIAMI, July 20, 2020 \/PRNewswire-HISPANIC PR WIRE\/ -- Gloria and Emilio Estefan will sponsor &quot;Cala,&quot; Ismael...\" \/>\n<meta property=\"og:url\" content=\"https:\/\/wordpress2.hdnweb.com\/en\/2020\/07\/20\/gloria-and-emilio-estefan-to-sponsor-new-ismael-cala-show-on-megatv\/\" \/>\n<meta property=\"og:site_name\" content=\"Multisitio 2\" \/>\n<meta property=\"article:published_time\" content=\"2020-07-20T13:22:00+00:00\" \/>\n<meta property=\"og:image\" content=\"https:\/\/rt.prnewswire.com\/rt.gif?NewsItemId=EH67823&amp;Transmission_Id=202007201322PR_NEWS_HSPR_____EH67823&amp;DateId=20200720\" \/>\n<meta name=\"author\" content=\"venred\" \/>\n<meta name=\"twitter:card\" content=\"summary_large_image\" \/>\n<meta name=\"twitter:label1\" content=\"Written by\" \/>\n\t<meta name=\"twitter:data1\" content=\"venred\" \/>\n\t<meta name=\"twitter:label2\" content=\"Est. reading time\" \/>\n\t<meta name=\"twitter:data2\" content=\"3 minutes\" \/>\n<script type=\"application\/ld+json\" class=\"yoast-schema-graph\">{\"@context\":\"https:\\\/\\\/schema.org\",\"@graph\":[{\"@type\":\"Article\",\"@id\":\"https:\\\/\\\/wordpress2.hdnweb.com\\\/2020\\\/07\\\/20\\\/gloria-and-emilio-estefan-to-sponsor-new-ismael-cala-show-on-megatv\\\/#article\",\"isPartOf\":{\"@id\":\"https:\\\/\\\/wordpress2.hdnweb.com\\\/2020\\\/07\\\/20\\\/gloria-and-emilio-estefan-to-sponsor-new-ismael-cala-show-on-megatv\\\/\"},\"author\":{\"name\":\"venred\",\"@id\":\"https:\\\/\\\/wordpress2.hdnweb.com\\\/#\\\/schema\\\/person\\\/c112e8e970f2cfc8553cdb5392b493ad\"},\"headline\":\"Gloria and Emilio Estefan to sponsor new Ismael Cala show on MegaTV\",\"datePublished\":\"2020-07-20T13:22:00+00:00\",\"mainEntityOfPage\":{\"@id\":\"https:\\\/\\\/wordpress2.hdnweb.com\\\/2020\\\/07\\\/20\\\/gloria-and-emilio-estefan-to-sponsor-new-ismael-cala-show-on-megatv\\\/\"},\"wordCount\":583,\"commentCount\":0,\"image\":{\"@id\":\"https:\\\/\\\/wordpress2.hdnweb.com\\\/2020\\\/07\\\/20\\\/gloria-and-emilio-estefan-to-sponsor-new-ismael-cala-show-on-megatv\\\/#primaryimage\"},\"thumbnailUrl\":\"https:\\\/\\\/rt.prnewswire.com\\\/rt.gif?NewsItemId=EH67823&amp;Transmission_Id=202007201322PR_NEWS_HSPR_____EH67823&amp;DateId=20200720\",\"articleSection\":[\"Aaron Sanchez\"],\"inLanguage\":\"en-US\"},{\"@type\":\"WebPage\",\"@id\":\"https:\\\/\\\/wordpress2.hdnweb.com\\\/en\\\/2020\\\/07\\\/20\\\/gloria-and-emilio-estefan-to-sponsor-new-ismael-cala-show-on-megatv\\\/\",\"url\":\"https:\\\/\\\/wordpress2.hdnweb.com\\\/en\\\/2020\\\/07\\\/20\\\/gloria-and-emilio-estefan-to-sponsor-new-ismael-cala-show-on-megatv\\\/\",\"name\":\"Gloria and Emilio Estefan to sponsor new Ismael Cala show on MegaTV - Multisitio 2\",\"isPartOf\":{\"@id\":\"https:\\\/\\\/wordpress2.hdnweb.com\\\/en\\\/#website\"},\"primaryImageOfPage\":{\"@id\":\"https:\\\/\\\/wordpress2.hdnweb.com\\\/en\\\/2020\\\/07\\\/20\\\/gloria-and-emilio-estefan-to-sponsor-new-ismael-cala-show-on-megatv\\\/#primaryimage\"},\"image\":{\"@id\":\"https:\\\/\\\/wordpress2.hdnweb.com\\\/2020\\\/07\\\/20\\\/gloria-and-emilio-estefan-to-sponsor-new-ismael-cala-show-on-megatv\\\/#primaryimage\"},\"thumbnailUrl\":\"https:\\\/\\\/rt.prnewswire.com\\\/rt.gif?NewsItemId=EH67823&amp;Transmission_Id=202007201322PR_NEWS_HSPR_____EH67823&amp;DateId=20200720\",\"datePublished\":\"2020-07-20T13:22:00+00:00\",\"author\":{\"@id\":\"https:\\\/\\\/wordpress2.hdnweb.com\\\/#\\\/schema\\\/person\\\/c112e8e970f2cfc8553cdb5392b493ad\"},\"breadcrumb\":{\"@id\":\"https:\\\/\\\/wordpress2.hdnweb.com\\\/en\\\/2020\\\/07\\\/20\\\/gloria-and-emilio-estefan-to-sponsor-new-ismael-cala-show-on-megatv\\\/#breadcrumb\"},\"inLanguage\":\"en-US\",\"potentialAction\":[{\"@type\":\"ReadAction\",\"target\":[[\"https:\\\/\\\/wordpress2.hdnweb.com\\\/en\\\/2020\\\/07\\\/20\\\/gloria-and-emilio-estefan-to-sponsor-new-ismael-cala-show-on-megatv\\\/\"]]}]},{\"@type\":\"ImageObject\",\"inLanguage\":\"en-US\",\"@id\":\"https:\\\/\\\/wordpress2.hdnweb.com\\\/en\\\/2020\\\/07\\\/20\\\/gloria-and-emilio-estefan-to-sponsor-new-ismael-cala-show-on-megatv\\\/#primaryimage\",\"url\":\"https:\\\/\\\/rt.prnewswire.com\\\/rt.gif?NewsItemId=EH67823&amp;Transmission_Id=202007201322PR_NEWS_HSPR_____EH67823&amp;DateId=20200720\",\"contentUrl\":\"https:\\\/\\\/rt.prnewswire.com\\\/rt.gif?NewsItemId=EH67823&amp;Transmission_Id=202007201322PR_NEWS_HSPR_____EH67823&amp;DateId=20200720\"},{\"@type\":\"BreadcrumbList\",\"@id\":\"https:\\\/\\\/wordpress2.hdnweb.com\\\/en\\\/2020\\\/07\\\/20\\\/gloria-and-emilio-estefan-to-sponsor-new-ismael-cala-show-on-megatv\\\/#breadcrumb\",\"itemListElement\":[{\"@type\":\"ListItem\",\"position\":1,\"name\":\"Portada\",\"item\":\"https:\\\/\\\/wordpress2.hdnweb.com\\\/en\\\/\"},{\"@type\":\"ListItem\",\"position\":2,\"name\":\"Gloria and Emilio Estefan to sponsor new Ismael Cala show on MegaTV\"}]},{\"@type\":\"WebSite\",\"@id\":\"https:\\\/\\\/wordpress2.hdnweb.com\\\/en\\\/#website\",\"url\":\"https:\\\/\\\/wordpress2.hdnweb.com\\\/en\\\/\",\"name\":\"Multisitio 2\",\"description\":\"\",\"potentialAction\":[{\"@type\":\"SearchAction\",\"target\":{\"@type\":\"EntryPoint\",\"urlTemplate\":\"https:\\\/\\\/wordpress2.hdnweb.com\\\/en\\\/?s={search_term_string}\"},\"query-input\":{\"@type\":\"PropertyValueSpecification\",\"valueRequired\":true,\"valueName\":\"search_term_string\"}}],\"inLanguage\":\"en-US\"},{\"@type\":\"Person\",\"@id\":\"https:\\\/\\\/wordpress2.hdnweb.com\\\/#\\\/schema\\\/person\\\/c112e8e970f2cfc8553cdb5392b493ad\",\"name\":\"venred\",\"image\":{\"@type\":\"ImageObject\",\"inLanguage\":\"en-US\",\"@id\":\"https:\\\/\\\/secure.gravatar.com\\\/avatar\\\/2b023a883433f83ad0a3036a7ba60d3133c4e0619f3bca6230ba8c7521b6dec8?s=96&d=mm&r=g\",\"url\":\"https:\\\/\\\/secure.gravatar.com\\\/avatar\\\/2b023a883433f83ad0a3036a7ba60d3133c4e0619f3bca6230ba8c7521b6dec8?s=96&d=mm&r=g\",\"contentUrl\":\"https:\\\/\\\/secure.gravatar.com\\\/avatar\\\/2b023a883433f83ad0a3036a7ba60d3133c4e0619f3bca6230ba8c7521b6dec8?s=96&d=mm&r=g\",\"caption\":\"venred\"},\"url\":\"https:\\\/\\\/wordpress2.hdnweb.com\\\/en\\\/author\\\/venred\\\/\"}]}<\/script>\n<!-- \/ Yoast SEO plugin. -->","yoast_head_json":{"title":"Gloria and Emilio Estefan to sponsor new Ismael Cala show on MegaTV - Multisitio 2","robots":{"index":"index","follow":"follow","max-snippet":"max-snippet:-1","max-image-preview":"max-image-preview:large","max-video-preview":"max-video-preview:-1"},"canonical":"https:\/\/wordpress2.hdnweb.com\/en\/2020\/07\/20\/gloria-and-emilio-estefan-to-sponsor-new-ismael-cala-show-on-megatv\/","og_locale":"en_US","og_type":"article","og_title":"Gloria and Emilio Estefan to sponsor new Ismael Cala show on MegaTV - Multisitio 2","og_description":"They will be interviewed on the inaugural program this Monday (today), together with Jos\u00e9 Luis Rodr\u00edguez \"El Puma.\" This first inaugural week will feature other major figures, such as Natalia Jim\u00e9nez, Luis Chataing, Luc\u00eda M\u00e9ndez, Antonia L\u00f3pez, Maritza Fuentes and Alexis and Fido, among others.  MIAMI, July 20, 2020 \/PRNewswire-HISPANIC PR WIRE\/ -- Gloria and Emilio Estefan will sponsor \"Cala,\" Ismael...","og_url":"https:\/\/wordpress2.hdnweb.com\/en\/2020\/07\/20\/gloria-and-emilio-estefan-to-sponsor-new-ismael-cala-show-on-megatv\/","og_site_name":"Multisitio 2","article_published_time":"2020-07-20T13:22:00+00:00","og_image":[{"url":"https:\/\/rt.prnewswire.com\/rt.gif?NewsItemId=EH67823&amp;Transmission_Id=202007201322PR_NEWS_HSPR_____EH67823&amp;DateId=20200720","type":"","width":"","height":""}],"author":"venred","twitter_card":"summary_large_image","twitter_misc":{"Written by":"venred","Est. reading time":"3 minutes"},"schema":{"@context":"https:\/\/schema.org","@graph":[{"@type":"Article","@id":"https:\/\/wordpress2.hdnweb.com\/2020\/07\/20\/gloria-and-emilio-estefan-to-sponsor-new-ismael-cala-show-on-megatv\/#article","isPartOf":{"@id":"https:\/\/wordpress2.hdnweb.com\/2020\/07\/20\/gloria-and-emilio-estefan-to-sponsor-new-ismael-cala-show-on-megatv\/"},"author":{"name":"venred","@id":"https:\/\/wordpress2.hdnweb.com\/#\/schema\/person\/c112e8e970f2cfc8553cdb5392b493ad"},"headline":"Gloria and Emilio Estefan to sponsor new Ismael Cala show on MegaTV","datePublished":"2020-07-20T13:22:00+00:00","mainEntityOfPage":{"@id":"https:\/\/wordpress2.hdnweb.com\/2020\/07\/20\/gloria-and-emilio-estefan-to-sponsor-new-ismael-cala-show-on-megatv\/"},"wordCount":583,"commentCount":0,"image":{"@id":"https:\/\/wordpress2.hdnweb.com\/2020\/07\/20\/gloria-and-emilio-estefan-to-sponsor-new-ismael-cala-show-on-megatv\/#primaryimage"},"thumbnailUrl":"https:\/\/rt.prnewswire.com\/rt.gif?NewsItemId=EH67823&amp;Transmission_Id=202007201322PR_NEWS_HSPR_____EH67823&amp;DateId=20200720","articleSection":["Aaron Sanchez"],"inLanguage":"en-US"},{"@type":"WebPage","@id":"https:\/\/wordpress2.hdnweb.com\/en\/2020\/07\/20\/gloria-and-emilio-estefan-to-sponsor-new-ismael-cala-show-on-megatv\/","url":"https:\/\/wordpress2.hdnweb.com\/en\/2020\/07\/20\/gloria-and-emilio-estefan-to-sponsor-new-ismael-cala-show-on-megatv\/","name":"Gloria and Emilio Estefan to sponsor new Ismael Cala show on MegaTV - Multisitio 2","isPartOf":{"@id":"https:\/\/wordpress2.hdnweb.com\/en\/#website"},"primaryImageOfPage":{"@id":"https:\/\/wordpress2.hdnweb.com\/en\/2020\/07\/20\/gloria-and-emilio-estefan-to-sponsor-new-ismael-cala-show-on-megatv\/#primaryimage"},"image":{"@id":"https:\/\/wordpress2.hdnweb.com\/2020\/07\/20\/gloria-and-emilio-estefan-to-sponsor-new-ismael-cala-show-on-megatv\/#primaryimage"},"thumbnailUrl":"https:\/\/rt.prnewswire.com\/rt.gif?NewsItemId=EH67823&amp;Transmission_Id=202007201322PR_NEWS_HSPR_____EH67823&amp;DateId=20200720","datePublished":"2020-07-20T13:22:00+00:00","author":{"@id":"https:\/\/wordpress2.hdnweb.com\/#\/schema\/person\/c112e8e970f2cfc8553cdb5392b493ad"},"breadcrumb":{"@id":"https:\/\/wordpress2.hdnweb.com\/en\/2020\/07\/20\/gloria-and-emilio-estefan-to-sponsor-new-ismael-cala-show-on-megatv\/#breadcrumb"},"inLanguage":"en-US","potentialAction":[{"@type":"ReadAction","target":[["https:\/\/wordpress2.hdnweb.com\/en\/2020\/07\/20\/gloria-and-emilio-estefan-to-sponsor-new-ismael-cala-show-on-megatv\/"]]}]},{"@type":"ImageObject","inLanguage":"en-US","@id":"https:\/\/wordpress2.hdnweb.com\/en\/2020\/07\/20\/gloria-and-emilio-estefan-to-sponsor-new-ismael-cala-show-on-megatv\/#primaryimage","url":"https:\/\/rt.prnewswire.com\/rt.gif?NewsItemId=EH67823&amp;Transmission_Id=202007201322PR_NEWS_HSPR_____EH67823&amp;DateId=20200720","contentUrl":"https:\/\/rt.prnewswire.com\/rt.gif?NewsItemId=EH67823&amp;Transmission_Id=202007201322PR_NEWS_HSPR_____EH67823&amp;DateId=20200720"},{"@type":"BreadcrumbList","@id":"https:\/\/wordpress2.hdnweb.com\/en\/2020\/07\/20\/gloria-and-emilio-estefan-to-sponsor-new-ismael-cala-show-on-megatv\/#breadcrumb","itemListElement":[{"@type":"ListItem","position":1,"name":"Portada","item":"https:\/\/wordpress2.hdnweb.com\/en\/"},{"@type":"ListItem","position":2,"name":"Gloria and Emilio Estefan to sponsor new Ismael Cala show on MegaTV"}]},{"@type":"WebSite","@id":"https:\/\/wordpress2.hdnweb.com\/en\/#website","url":"https:\/\/wordpress2.hdnweb.com\/en\/","name":"Multisitio 2","description":"","potentialAction":[{"@type":"SearchAction","target":{"@type":"EntryPoint","urlTemplate":"https:\/\/wordpress2.hdnweb.com\/en\/?s={search_term_string}"},"query-input":{"@type":"PropertyValueSpecification","valueRequired":true,"valueName":"search_term_string"}}],"inLanguage":"en-US"},{"@type":"Person","@id":"https:\/\/wordpress2.hdnweb.com\/#\/schema\/person\/c112e8e970f2cfc8553cdb5392b493ad","name":"venred","image":{"@type":"ImageObject","inLanguage":"en-US","@id":"https:\/\/secure.gravatar.com\/avatar\/2b023a883433f83ad0a3036a7ba60d3133c4e0619f3bca6230ba8c7521b6dec8?s=96&d=mm&r=g","url":"https:\/\/secure.gravatar.com\/avatar\/2b023a883433f83ad0a3036a7ba60d3133c4e0619f3bca6230ba8c7521b6dec8?s=96&d=mm&r=g","contentUrl":"https:\/\/secure.gravatar.com\/avatar\/2b023a883433f83ad0a3036a7ba60d3133c4e0619f3bca6230ba8c7521b6dec8?s=96&d=mm&r=g","caption":"venred"},"url":"https:\/\/wordpress2.hdnweb.com\/en\/author\/venred\/"}]}},"_links":{"self":[{"href":"https:\/\/wordpress2.hdnweb.com\/en\/wp-json\/wp\/v2\/posts\/13112","targetHints":{"allow":["GET"]}}],"collection":[{"href":"https:\/\/wordpress2.hdnweb.com\/en\/wp-json\/wp\/v2\/posts"}],"about":[{"href":"https:\/\/wordpress2.hdnweb.com\/en\/wp-json\/wp\/v2\/types\/post"}],"author":[{"embeddable":true,"href":"https:\/\/wordpress2.hdnweb.com\/en\/wp-json\/wp\/v2\/users\/1"}],"replies":[{"embeddable":true,"href":"https:\/\/wordpress2.hdnweb.com\/en\/wp-json\/wp\/v2\/comments?post=13112"}],"version-history":[{"count":0,"href":"https:\/\/wordpress2.hdnweb.com\/en\/wp-json\/wp\/v2\/posts\/13112\/revisions"}],"wp:attachment":[{"href":"https:\/\/wordpress2.hdnweb.com\/en\/wp-json\/wp\/v2\/media?parent=13112"}],"wp:term":[{"taxonomy":"category","embeddable":true,"href":"https:\/\/wordpress2.hdnweb.com\/en\/wp-json\/wp\/v2\/categories?post=13112"},{"taxonomy":"post_tag","embeddable":true,"href":"https:\/\/wordpress2.hdnweb.com\/en\/wp-json\/wp\/v2\/tags?post=13112"}],"curies":[{"name":"wp","href":"https:\/\/api.w.org\/{rel}","templated":true}]}}