{"id":13421,"date":"2020-08-07T06:51:00","date_gmt":"2020-08-07T06:51:00","guid":{"rendered":"https:\/\/wordpress2.hdnweb.com\/2020\/08\/07\/obra-de-teatro-noh-japones-aoi-no-ue-el-cuento-de-genji-en-el-castillo-de-odawara-estara-disponible-en-linea-desde-el-13-de-septiembre-4\/"},"modified":"2020-08-07T06:51:00","modified_gmt":"2020-08-07T06:51:00","slug":"obra-de-teatro-noh-japones-aoi-no-ue-el-cuento-de-genji-en-el-castillo-de-odawara-estara-disponible-en-linea-desde-el-13-de-septiembre-4","status":"publish","type":"post","link":"https:\/\/wordpress2.hdnweb.com\/en\/2020\/08\/07\/obra-de-teatro-noh-japones-aoi-no-ue-el-cuento-de-genji-en-el-castillo-de-odawara-estara-disponible-en-linea-desde-el-13-de-septiembre-4\/","title":{"rendered":"(Espa\u00f1ol) Obra de teatro Noh japon\u00e9s &#8220;Aoi no Ue&#8221; (El Cuento de Genji) en el Castillo de Odawara estar\u00e1 disponible en l\u00ednea desde el 13 de septiembre"},"content":{"rendered":"<p class=\"qtranxs-available-languages-message qtranxs-available-languages-message-en\">Sorry, this entry is only available in <a href=\"https:\/\/wordpress2.hdnweb.com\/es\/wp-json\/wp\/v2\/posts\/13421\" class=\"qtranxs-available-language-link qtranxs-available-language-link-es\" title=\"Espa\u00f1ol\">Espa\u00f1ol<\/a>.<\/p>","protected":false},"excerpt":{"rendered":"<p class=\"qtranxs-available-languages-message qtranxs-available-languages-message-en\">Sorry, this entry is only available in <a href=\"https:\/\/wordpress2.hdnweb.com\/es\/wp-json\/wp\/v2\/posts\/13421\" class=\"qtranxs-available-language-link qtranxs-available-language-link-es\" title=\"Espa\u00f1ol\">Espa\u00f1ol<\/a>.<\/p>\n","protected":false},"author":1,"featured_media":0,"comment_status":"open","ping_status":"open","sticky":false,"template":"","format":"standard","meta":{"_acf_changed":false,"_monsterinsights_skip_tracking":false,"_monsterinsights_sitenote_active":false,"_monsterinsights_sitenote_note":"","_monsterinsights_sitenote_category":0,"footnotes":""},"categories":[4],"tags":[],"class_list":["post-13421","post","type-post","status-publish","format-standard","hentry","category-fusion4media"],"acf":[],"yoast_head":"<!-- This site is optimized with the Yoast SEO plugin v27.5 - https:\/\/yoast.com\/product\/yoast-seo-wordpress\/ -->\n<title>Obra de teatro Noh japon\u00e9s &quot;Aoi no Ue&quot; (El Cuento de Genji) en el Castillo de Odawara estar\u00e1 disponible en l\u00ednea desde el 13 de septiembre - Multisitio 2<\/title>\n<meta name=\"robots\" content=\"index, follow, max-snippet:-1, max-image-preview:large, max-video-preview:-1\" \/>\n<link rel=\"canonical\" href=\"https:\/\/wordpress2.hdnweb.com\/en\/2020\/08\/07\/obra-de-teatro-noh-japones-aoi-no-ue-el-cuento-de-genji-en-el-castillo-de-odawara-estara-disponible-en-linea-desde-el-13-de-septiembre-4\/\" \/>\n<meta property=\"og:locale\" content=\"en_US\" \/>\n<meta property=\"og:type\" content=\"article\" \/>\n<meta property=\"og:title\" content=\"Obra de teatro Noh japon\u00e9s &quot;Aoi no Ue&quot; (El Cuento de Genji) en el Castillo de Odawara estar\u00e1 disponible en l\u00ednea desde el 13 de septiembre - Multisitio 2\" \/>\n<meta property=\"og:description\" content=\"ODAWARA, Jap\u00f3n, 7 de agosto de 2020 \/PRNewswire\/ -- Odawara Tourism Co., Ltd. de la ciudad de Odawara, Prefectura de Kanagawa, realizar\u00e1 el primer evento en l\u00ednea en un Castillo Japon\u00e9s. La obra &quot;Noh&quot;, titulada &#039;Aoi no Ue&#039;, o El Cuento de Genji, del Teatro Noh Japon\u00e9s en el Castillo de Odawara (&quot;Japanese Noh Theater at Odawara Castle &quot;Aoi no Ue&quot;--The Tale of Genji&quot;) ser\u00e1 transmitida el domingo 13 de septiembre de 2020. En la actuaci\u00f3n se ver\u00e1 a Shite-kata de estilo Kanze (en el rol principal) protagonizado por Kanze...\" \/>\n<meta property=\"og:url\" content=\"https:\/\/wordpress2.hdnweb.com\/en\/2020\/08\/07\/obra-de-teatro-noh-japones-aoi-no-ue-el-cuento-de-genji-en-el-castillo-de-odawara-estara-disponible-en-linea-desde-el-13-de-septiembre-4\/\" \/>\n<meta property=\"og:site_name\" content=\"Multisitio 2\" \/>\n<meta property=\"article:published_time\" content=\"2020-08-07T06:51:00+00:00\" \/>\n<meta property=\"og:image\" content=\"https:\/\/rt.prnewswire.com\/rt.gif?NewsItemId=ES83259&amp;Transmission_Id=202008070651PR_NEWS_LATAM____ES83259&amp;DateId=20200807\" \/>\n<meta name=\"author\" content=\"venred\" \/>\n<meta name=\"twitter:card\" content=\"summary_large_image\" \/>\n<meta name=\"twitter:label1\" content=\"Written by\" \/>\n\t<meta name=\"twitter:data1\" content=\"venred\" \/>\n\t<meta name=\"twitter:label2\" content=\"Est. reading time\" \/>\n\t<meta name=\"twitter:data2\" content=\"3 minutes\" \/>\n<script type=\"application\/ld+json\" class=\"yoast-schema-graph\">{\"@context\":\"https:\\\/\\\/schema.org\",\"@graph\":[{\"@type\":\"Article\",\"@id\":\"https:\\\/\\\/wordpress2.hdnweb.com\\\/2020\\\/08\\\/07\\\/obra-de-teatro-noh-japones-aoi-no-ue-el-cuento-de-genji-en-el-castillo-de-odawara-estara-disponible-en-linea-desde-el-13-de-septiembre-4\\\/#article\",\"isPartOf\":{\"@id\":\"https:\\\/\\\/wordpress2.hdnweb.com\\\/2020\\\/08\\\/07\\\/obra-de-teatro-noh-japones-aoi-no-ue-el-cuento-de-genji-en-el-castillo-de-odawara-estara-disponible-en-linea-desde-el-13-de-septiembre-4\\\/\"},\"author\":{\"name\":\"venred\",\"@id\":\"https:\\\/\\\/wordpress2.hdnweb.com\\\/#\\\/schema\\\/person\\\/c112e8e970f2cfc8553cdb5392b493ad\"},\"headline\":\"(Espa\u00f1ol) Obra de teatro Noh japon\u00e9s &#8220;Aoi no Ue&#8221; (El Cuento de Genji) en el Castillo de Odawara estar\u00e1 disponible en l\u00ednea desde el 13 de septiembre\",\"datePublished\":\"2020-08-07T06:51:00+00:00\",\"mainEntityOfPage\":{\"@id\":\"https:\\\/\\\/wordpress2.hdnweb.com\\\/2020\\\/08\\\/07\\\/obra-de-teatro-noh-japones-aoi-no-ue-el-cuento-de-genji-en-el-castillo-de-odawara-estara-disponible-en-linea-desde-el-13-de-septiembre-4\\\/\"},\"wordCount\":543,\"commentCount\":0,\"image\":{\"@id\":\"https:\\\/\\\/wordpress2.hdnweb.com\\\/2020\\\/08\\\/07\\\/obra-de-teatro-noh-japones-aoi-no-ue-el-cuento-de-genji-en-el-castillo-de-odawara-estara-disponible-en-linea-desde-el-13-de-septiembre-4\\\/#primaryimage\"},\"thumbnailUrl\":\"https:\\\/\\\/rt.prnewswire.com\\\/rt.gif?NewsItemId=ES83259&amp;Transmission_Id=202008070651PR_NEWS_LATAM____ES83259&amp;DateId=20200807\",\"articleSection\":[\"Fusion4media\"],\"inLanguage\":\"en-US\"},{\"@type\":\"WebPage\",\"@id\":\"https:\\\/\\\/wordpress2.hdnweb.com\\\/en\\\/2020\\\/08\\\/07\\\/obra-de-teatro-noh-japones-aoi-no-ue-el-cuento-de-genji-en-el-castillo-de-odawara-estara-disponible-en-linea-desde-el-13-de-septiembre-4\\\/\",\"url\":\"https:\\\/\\\/wordpress2.hdnweb.com\\\/en\\\/2020\\\/08\\\/07\\\/obra-de-teatro-noh-japones-aoi-no-ue-el-cuento-de-genji-en-el-castillo-de-odawara-estara-disponible-en-linea-desde-el-13-de-septiembre-4\\\/\",\"name\":\"Obra de teatro Noh japon\u00e9s \\\"Aoi no Ue\\\" (El Cuento de Genji) en el Castillo de Odawara estar\u00e1 disponible en l\u00ednea desde el 13 de septiembre - Multisitio 2\",\"isPartOf\":{\"@id\":\"https:\\\/\\\/wordpress2.hdnweb.com\\\/en\\\/#website\"},\"primaryImageOfPage\":{\"@id\":\"https:\\\/\\\/wordpress2.hdnweb.com\\\/en\\\/2020\\\/08\\\/07\\\/obra-de-teatro-noh-japones-aoi-no-ue-el-cuento-de-genji-en-el-castillo-de-odawara-estara-disponible-en-linea-desde-el-13-de-septiembre-4\\\/#primaryimage\"},\"image\":{\"@id\":\"https:\\\/\\\/wordpress2.hdnweb.com\\\/2020\\\/08\\\/07\\\/obra-de-teatro-noh-japones-aoi-no-ue-el-cuento-de-genji-en-el-castillo-de-odawara-estara-disponible-en-linea-desde-el-13-de-septiembre-4\\\/#primaryimage\"},\"thumbnailUrl\":\"https:\\\/\\\/rt.prnewswire.com\\\/rt.gif?NewsItemId=ES83259&amp;Transmission_Id=202008070651PR_NEWS_LATAM____ES83259&amp;DateId=20200807\",\"datePublished\":\"2020-08-07T06:51:00+00:00\",\"author\":{\"@id\":\"https:\\\/\\\/wordpress2.hdnweb.com\\\/#\\\/schema\\\/person\\\/c112e8e970f2cfc8553cdb5392b493ad\"},\"breadcrumb\":{\"@id\":\"https:\\\/\\\/wordpress2.hdnweb.com\\\/en\\\/2020\\\/08\\\/07\\\/obra-de-teatro-noh-japones-aoi-no-ue-el-cuento-de-genji-en-el-castillo-de-odawara-estara-disponible-en-linea-desde-el-13-de-septiembre-4\\\/#breadcrumb\"},\"inLanguage\":\"en-US\",\"potentialAction\":[{\"@type\":\"ReadAction\",\"target\":[[\"https:\\\/\\\/wordpress2.hdnweb.com\\\/en\\\/2020\\\/08\\\/07\\\/obra-de-teatro-noh-japones-aoi-no-ue-el-cuento-de-genji-en-el-castillo-de-odawara-estara-disponible-en-linea-desde-el-13-de-septiembre-4\\\/\"]]}]},{\"@type\":\"ImageObject\",\"inLanguage\":\"en-US\",\"@id\":\"https:\\\/\\\/wordpress2.hdnweb.com\\\/en\\\/2020\\\/08\\\/07\\\/obra-de-teatro-noh-japones-aoi-no-ue-el-cuento-de-genji-en-el-castillo-de-odawara-estara-disponible-en-linea-desde-el-13-de-septiembre-4\\\/#primaryimage\",\"url\":\"https:\\\/\\\/rt.prnewswire.com\\\/rt.gif?NewsItemId=ES83259&amp;Transmission_Id=202008070651PR_NEWS_LATAM____ES83259&amp;DateId=20200807\",\"contentUrl\":\"https:\\\/\\\/rt.prnewswire.com\\\/rt.gif?NewsItemId=ES83259&amp;Transmission_Id=202008070651PR_NEWS_LATAM____ES83259&amp;DateId=20200807\"},{\"@type\":\"BreadcrumbList\",\"@id\":\"https:\\\/\\\/wordpress2.hdnweb.com\\\/en\\\/2020\\\/08\\\/07\\\/obra-de-teatro-noh-japones-aoi-no-ue-el-cuento-de-genji-en-el-castillo-de-odawara-estara-disponible-en-linea-desde-el-13-de-septiembre-4\\\/#breadcrumb\",\"itemListElement\":[{\"@type\":\"ListItem\",\"position\":1,\"name\":\"Portada\",\"item\":\"https:\\\/\\\/wordpress2.hdnweb.com\\\/en\\\/\"},{\"@type\":\"ListItem\",\"position\":2,\"name\":\"Obra de teatro Noh japon\u00e9s \u00abAoi no Ue\u00bb (El Cuento de Genji) en el Castillo de Odawara estar\u00e1 disponible en l\u00ednea desde el 13 de septiembre\"}]},{\"@type\":\"WebSite\",\"@id\":\"https:\\\/\\\/wordpress2.hdnweb.com\\\/en\\\/#website\",\"url\":\"https:\\\/\\\/wordpress2.hdnweb.com\\\/en\\\/\",\"name\":\"Multisitio 2\",\"description\":\"\",\"potentialAction\":[{\"@type\":\"SearchAction\",\"target\":{\"@type\":\"EntryPoint\",\"urlTemplate\":\"https:\\\/\\\/wordpress2.hdnweb.com\\\/en\\\/?s={search_term_string}\"},\"query-input\":{\"@type\":\"PropertyValueSpecification\",\"valueRequired\":true,\"valueName\":\"search_term_string\"}}],\"inLanguage\":\"en-US\"},{\"@type\":\"Person\",\"@id\":\"https:\\\/\\\/wordpress2.hdnweb.com\\\/#\\\/schema\\\/person\\\/c112e8e970f2cfc8553cdb5392b493ad\",\"name\":\"venred\",\"image\":{\"@type\":\"ImageObject\",\"inLanguage\":\"en-US\",\"@id\":\"https:\\\/\\\/secure.gravatar.com\\\/avatar\\\/2b023a883433f83ad0a3036a7ba60d3133c4e0619f3bca6230ba8c7521b6dec8?s=96&d=mm&r=g\",\"url\":\"https:\\\/\\\/secure.gravatar.com\\\/avatar\\\/2b023a883433f83ad0a3036a7ba60d3133c4e0619f3bca6230ba8c7521b6dec8?s=96&d=mm&r=g\",\"contentUrl\":\"https:\\\/\\\/secure.gravatar.com\\\/avatar\\\/2b023a883433f83ad0a3036a7ba60d3133c4e0619f3bca6230ba8c7521b6dec8?s=96&d=mm&r=g\",\"caption\":\"venred\"},\"url\":\"https:\\\/\\\/wordpress2.hdnweb.com\\\/en\\\/author\\\/venred\\\/\"}]}<\/script>\n<!-- \/ Yoast SEO plugin. -->","yoast_head_json":{"title":"Obra de teatro Noh japon\u00e9s \"Aoi no Ue\" (El Cuento de Genji) en el Castillo de Odawara estar\u00e1 disponible en l\u00ednea desde el 13 de septiembre - Multisitio 2","robots":{"index":"index","follow":"follow","max-snippet":"max-snippet:-1","max-image-preview":"max-image-preview:large","max-video-preview":"max-video-preview:-1"},"canonical":"https:\/\/wordpress2.hdnweb.com\/en\/2020\/08\/07\/obra-de-teatro-noh-japones-aoi-no-ue-el-cuento-de-genji-en-el-castillo-de-odawara-estara-disponible-en-linea-desde-el-13-de-septiembre-4\/","og_locale":"en_US","og_type":"article","og_title":"Obra de teatro Noh japon\u00e9s \"Aoi no Ue\" (El Cuento de Genji) en el Castillo de Odawara estar\u00e1 disponible en l\u00ednea desde el 13 de septiembre - Multisitio 2","og_description":"ODAWARA, Jap\u00f3n, 7 de agosto de 2020 \/PRNewswire\/ -- Odawara Tourism Co., Ltd. de la ciudad de Odawara, Prefectura de Kanagawa, realizar\u00e1 el primer evento en l\u00ednea en un Castillo Japon\u00e9s. La obra \"Noh\", titulada 'Aoi no Ue', o El Cuento de Genji, del Teatro Noh Japon\u00e9s en el Castillo de Odawara (\"Japanese Noh Theater at Odawara Castle \"Aoi no Ue\"--The Tale of Genji\") ser\u00e1 transmitida el domingo 13 de septiembre de 2020. En la actuaci\u00f3n se ver\u00e1 a Shite-kata de estilo Kanze (en el rol principal) protagonizado por Kanze...","og_url":"https:\/\/wordpress2.hdnweb.com\/en\/2020\/08\/07\/obra-de-teatro-noh-japones-aoi-no-ue-el-cuento-de-genji-en-el-castillo-de-odawara-estara-disponible-en-linea-desde-el-13-de-septiembre-4\/","og_site_name":"Multisitio 2","article_published_time":"2020-08-07T06:51:00+00:00","og_image":[{"url":"https:\/\/rt.prnewswire.com\/rt.gif?NewsItemId=ES83259&amp;Transmission_Id=202008070651PR_NEWS_LATAM____ES83259&amp;DateId=20200807","type":"","width":"","height":""}],"author":"venred","twitter_card":"summary_large_image","twitter_misc":{"Written by":"venred","Est. reading time":"3 minutes"},"schema":{"@context":"https:\/\/schema.org","@graph":[{"@type":"Article","@id":"https:\/\/wordpress2.hdnweb.com\/2020\/08\/07\/obra-de-teatro-noh-japones-aoi-no-ue-el-cuento-de-genji-en-el-castillo-de-odawara-estara-disponible-en-linea-desde-el-13-de-septiembre-4\/#article","isPartOf":{"@id":"https:\/\/wordpress2.hdnweb.com\/2020\/08\/07\/obra-de-teatro-noh-japones-aoi-no-ue-el-cuento-de-genji-en-el-castillo-de-odawara-estara-disponible-en-linea-desde-el-13-de-septiembre-4\/"},"author":{"name":"venred","@id":"https:\/\/wordpress2.hdnweb.com\/#\/schema\/person\/c112e8e970f2cfc8553cdb5392b493ad"},"headline":"(Espa\u00f1ol) Obra de teatro Noh japon\u00e9s &#8220;Aoi no Ue&#8221; (El Cuento de Genji) en el Castillo de Odawara estar\u00e1 disponible en l\u00ednea desde el 13 de septiembre","datePublished":"2020-08-07T06:51:00+00:00","mainEntityOfPage":{"@id":"https:\/\/wordpress2.hdnweb.com\/2020\/08\/07\/obra-de-teatro-noh-japones-aoi-no-ue-el-cuento-de-genji-en-el-castillo-de-odawara-estara-disponible-en-linea-desde-el-13-de-septiembre-4\/"},"wordCount":543,"commentCount":0,"image":{"@id":"https:\/\/wordpress2.hdnweb.com\/2020\/08\/07\/obra-de-teatro-noh-japones-aoi-no-ue-el-cuento-de-genji-en-el-castillo-de-odawara-estara-disponible-en-linea-desde-el-13-de-septiembre-4\/#primaryimage"},"thumbnailUrl":"https:\/\/rt.prnewswire.com\/rt.gif?NewsItemId=ES83259&amp;Transmission_Id=202008070651PR_NEWS_LATAM____ES83259&amp;DateId=20200807","articleSection":["Fusion4media"],"inLanguage":"en-US"},{"@type":"WebPage","@id":"https:\/\/wordpress2.hdnweb.com\/en\/2020\/08\/07\/obra-de-teatro-noh-japones-aoi-no-ue-el-cuento-de-genji-en-el-castillo-de-odawara-estara-disponible-en-linea-desde-el-13-de-septiembre-4\/","url":"https:\/\/wordpress2.hdnweb.com\/en\/2020\/08\/07\/obra-de-teatro-noh-japones-aoi-no-ue-el-cuento-de-genji-en-el-castillo-de-odawara-estara-disponible-en-linea-desde-el-13-de-septiembre-4\/","name":"Obra de teatro Noh japon\u00e9s \"Aoi no Ue\" (El Cuento de Genji) en el Castillo de Odawara estar\u00e1 disponible en l\u00ednea desde el 13 de septiembre - Multisitio 2","isPartOf":{"@id":"https:\/\/wordpress2.hdnweb.com\/en\/#website"},"primaryImageOfPage":{"@id":"https:\/\/wordpress2.hdnweb.com\/en\/2020\/08\/07\/obra-de-teatro-noh-japones-aoi-no-ue-el-cuento-de-genji-en-el-castillo-de-odawara-estara-disponible-en-linea-desde-el-13-de-septiembre-4\/#primaryimage"},"image":{"@id":"https:\/\/wordpress2.hdnweb.com\/2020\/08\/07\/obra-de-teatro-noh-japones-aoi-no-ue-el-cuento-de-genji-en-el-castillo-de-odawara-estara-disponible-en-linea-desde-el-13-de-septiembre-4\/#primaryimage"},"thumbnailUrl":"https:\/\/rt.prnewswire.com\/rt.gif?NewsItemId=ES83259&amp;Transmission_Id=202008070651PR_NEWS_LATAM____ES83259&amp;DateId=20200807","datePublished":"2020-08-07T06:51:00+00:00","author":{"@id":"https:\/\/wordpress2.hdnweb.com\/#\/schema\/person\/c112e8e970f2cfc8553cdb5392b493ad"},"breadcrumb":{"@id":"https:\/\/wordpress2.hdnweb.com\/en\/2020\/08\/07\/obra-de-teatro-noh-japones-aoi-no-ue-el-cuento-de-genji-en-el-castillo-de-odawara-estara-disponible-en-linea-desde-el-13-de-septiembre-4\/#breadcrumb"},"inLanguage":"en-US","potentialAction":[{"@type":"ReadAction","target":[["https:\/\/wordpress2.hdnweb.com\/en\/2020\/08\/07\/obra-de-teatro-noh-japones-aoi-no-ue-el-cuento-de-genji-en-el-castillo-de-odawara-estara-disponible-en-linea-desde-el-13-de-septiembre-4\/"]]}]},{"@type":"ImageObject","inLanguage":"en-US","@id":"https:\/\/wordpress2.hdnweb.com\/en\/2020\/08\/07\/obra-de-teatro-noh-japones-aoi-no-ue-el-cuento-de-genji-en-el-castillo-de-odawara-estara-disponible-en-linea-desde-el-13-de-septiembre-4\/#primaryimage","url":"https:\/\/rt.prnewswire.com\/rt.gif?NewsItemId=ES83259&amp;Transmission_Id=202008070651PR_NEWS_LATAM____ES83259&amp;DateId=20200807","contentUrl":"https:\/\/rt.prnewswire.com\/rt.gif?NewsItemId=ES83259&amp;Transmission_Id=202008070651PR_NEWS_LATAM____ES83259&amp;DateId=20200807"},{"@type":"BreadcrumbList","@id":"https:\/\/wordpress2.hdnweb.com\/en\/2020\/08\/07\/obra-de-teatro-noh-japones-aoi-no-ue-el-cuento-de-genji-en-el-castillo-de-odawara-estara-disponible-en-linea-desde-el-13-de-septiembre-4\/#breadcrumb","itemListElement":[{"@type":"ListItem","position":1,"name":"Portada","item":"https:\/\/wordpress2.hdnweb.com\/en\/"},{"@type":"ListItem","position":2,"name":"Obra de teatro Noh japon\u00e9s \u00abAoi no Ue\u00bb (El Cuento de Genji) en el Castillo de Odawara estar\u00e1 disponible en l\u00ednea desde el 13 de septiembre"}]},{"@type":"WebSite","@id":"https:\/\/wordpress2.hdnweb.com\/en\/#website","url":"https:\/\/wordpress2.hdnweb.com\/en\/","name":"Multisitio 2","description":"","potentialAction":[{"@type":"SearchAction","target":{"@type":"EntryPoint","urlTemplate":"https:\/\/wordpress2.hdnweb.com\/en\/?s={search_term_string}"},"query-input":{"@type":"PropertyValueSpecification","valueRequired":true,"valueName":"search_term_string"}}],"inLanguage":"en-US"},{"@type":"Person","@id":"https:\/\/wordpress2.hdnweb.com\/#\/schema\/person\/c112e8e970f2cfc8553cdb5392b493ad","name":"venred","image":{"@type":"ImageObject","inLanguage":"en-US","@id":"https:\/\/secure.gravatar.com\/avatar\/2b023a883433f83ad0a3036a7ba60d3133c4e0619f3bca6230ba8c7521b6dec8?s=96&d=mm&r=g","url":"https:\/\/secure.gravatar.com\/avatar\/2b023a883433f83ad0a3036a7ba60d3133c4e0619f3bca6230ba8c7521b6dec8?s=96&d=mm&r=g","contentUrl":"https:\/\/secure.gravatar.com\/avatar\/2b023a883433f83ad0a3036a7ba60d3133c4e0619f3bca6230ba8c7521b6dec8?s=96&d=mm&r=g","caption":"venred"},"url":"https:\/\/wordpress2.hdnweb.com\/en\/author\/venred\/"}]}},"_links":{"self":[{"href":"https:\/\/wordpress2.hdnweb.com\/en\/wp-json\/wp\/v2\/posts\/13421","targetHints":{"allow":["GET"]}}],"collection":[{"href":"https:\/\/wordpress2.hdnweb.com\/en\/wp-json\/wp\/v2\/posts"}],"about":[{"href":"https:\/\/wordpress2.hdnweb.com\/en\/wp-json\/wp\/v2\/types\/post"}],"author":[{"embeddable":true,"href":"https:\/\/wordpress2.hdnweb.com\/en\/wp-json\/wp\/v2\/users\/1"}],"replies":[{"embeddable":true,"href":"https:\/\/wordpress2.hdnweb.com\/en\/wp-json\/wp\/v2\/comments?post=13421"}],"version-history":[{"count":0,"href":"https:\/\/wordpress2.hdnweb.com\/en\/wp-json\/wp\/v2\/posts\/13421\/revisions"}],"wp:attachment":[{"href":"https:\/\/wordpress2.hdnweb.com\/en\/wp-json\/wp\/v2\/media?parent=13421"}],"wp:term":[{"taxonomy":"category","embeddable":true,"href":"https:\/\/wordpress2.hdnweb.com\/en\/wp-json\/wp\/v2\/categories?post=13421"},{"taxonomy":"post_tag","embeddable":true,"href":"https:\/\/wordpress2.hdnweb.com\/en\/wp-json\/wp\/v2\/tags?post=13421"}],"curies":[{"name":"wp","href":"https:\/\/api.w.org\/{rel}","templated":true}]}}