{"id":13596,"date":"2020-07-20T11:41:00","date_gmt":"2020-07-20T11:41:00","guid":{"rendered":"https:\/\/wordpress2.hdnweb.com\/2020\/07\/20\/worldremit-lanza-la-lista-inaugural-de-colombianos-influyentes-en-la-diaspora\/"},"modified":"2020-07-20T11:41:00","modified_gmt":"2020-07-20T11:41:00","slug":"worldremit-lanza-la-lista-inaugural-de-colombianos-influyentes-en-la-diaspora","status":"publish","type":"post","link":"https:\/\/wordpress2.hdnweb.com\/en\/2020\/07\/20\/worldremit-lanza-la-lista-inaugural-de-colombianos-influyentes-en-la-diaspora\/","title":{"rendered":"(Espa\u00f1ol) WorldRemit lanza la Lista Inaugural de Colombianos Influyentes en la Di\u00e1spora"},"content":{"rendered":"<p class=\"qtranxs-available-languages-message qtranxs-available-languages-message-en\">Sorry, this entry is only available in <a href=\"https:\/\/wordpress2.hdnweb.com\/es\/wp-json\/wp\/v2\/posts\/13596\" class=\"qtranxs-available-language-link qtranxs-available-language-link-es\" title=\"Espa\u00f1ol\">Espa\u00f1ol<\/a>.<\/p>","protected":false},"excerpt":{"rendered":"<p class=\"qtranxs-available-languages-message qtranxs-available-languages-message-en\">Sorry, this entry is only available in <a href=\"https:\/\/wordpress2.hdnweb.com\/es\/wp-json\/wp\/v2\/posts\/13596\" class=\"qtranxs-available-language-link qtranxs-available-language-link-es\" title=\"Espa\u00f1ol\">Espa\u00f1ol<\/a>.<\/p>\n","protected":false},"author":1,"featured_media":13597,"comment_status":"open","ping_status":"open","sticky":false,"template":"","format":"standard","meta":{"_acf_changed":false,"_monsterinsights_skip_tracking":false,"_monsterinsights_sitenote_active":false,"_monsterinsights_sitenote_note":"","_monsterinsights_sitenote_category":0,"footnotes":""},"categories":[7],"tags":[],"class_list":["post-13596","post","type-post","status-publish","format-standard","has-post-thumbnail","hentry","category-rose-marynews"],"acf":[],"yoast_head":"<!-- This site is optimized with the Yoast SEO plugin v27.5 - https:\/\/yoast.com\/product\/yoast-seo-wordpress\/ -->\n<title>WorldRemit lanza la Lista Inaugural de Colombianos Influyentes en la Di\u00e1spora - Multisitio 2<\/title>\n<meta name=\"robots\" content=\"index, follow, max-snippet:-1, max-image-preview:large, max-video-preview:-1\" \/>\n<link rel=\"canonical\" href=\"https:\/\/wordpress2.hdnweb.com\/en\/2020\/07\/20\/worldremit-lanza-la-lista-inaugural-de-colombianos-influyentes-en-la-diaspora\/\" \/>\n<meta property=\"og:locale\" content=\"en_US\" \/>\n<meta property=\"og:type\" content=\"article\" \/>\n<meta property=\"og:title\" content=\"WorldRemit lanza la Lista Inaugural de Colombianos Influyentes en la Di\u00e1spora - Multisitio 2\" \/>\n<meta property=\"og:description\" content=\"LONDRES, 20 de julio de 2020 \/PRNewswire-HISPANIC PR WIRE\/\u00a0-- WorldRemit, l\u00edder en el servicio internacional de pagos de dinero, lanz\u00f3 la Lista Inaugural de Colombianos Influyentes en la Di\u00e1spora en celebraci\u00f3n con el D\u00eda de la Independencia de Colombia (20 de julio). Los festejos de este a\u00f1o no incluir\u00e1n los desfiles y fiestas callejeras habituales debido a las medidas de cuarentena establecidas por la pandemia del coronavirus. &lt;a...\" \/>\n<meta property=\"og:url\" content=\"https:\/\/wordpress2.hdnweb.com\/en\/2020\/07\/20\/worldremit-lanza-la-lista-inaugural-de-colombianos-influyentes-en-la-diaspora\/\" \/>\n<meta property=\"og:site_name\" content=\"Multisitio 2\" \/>\n<meta property=\"article:published_time\" content=\"2020-07-20T11:41:00+00:00\" \/>\n<meta property=\"og:image\" content=\"https:\/\/wordpress2.hdnweb.com\/wp-content\/uploads\/2020\/05\/13596_1_95947.jpg\" \/>\n\t<meta property=\"og:image:width\" content=\"960\" \/>\n\t<meta property=\"og:image:height\" content=\"642\" \/>\n\t<meta property=\"og:image:type\" content=\"image\/jpeg\" \/>\n<meta name=\"author\" content=\"venred\" \/>\n<meta name=\"twitter:card\" content=\"summary_large_image\" \/>\n<meta name=\"twitter:label1\" content=\"Written by\" \/>\n\t<meta name=\"twitter:data1\" content=\"venred\" \/>\n\t<meta name=\"twitter:label2\" content=\"Est. reading time\" \/>\n\t<meta name=\"twitter:data2\" content=\"4 minutes\" \/>\n<script type=\"application\/ld+json\" class=\"yoast-schema-graph\">{\"@context\":\"https:\\\/\\\/schema.org\",\"@graph\":[{\"@type\":\"Article\",\"@id\":\"https:\\\/\\\/wordpress2.hdnweb.com\\\/2020\\\/07\\\/20\\\/worldremit-lanza-la-lista-inaugural-de-colombianos-influyentes-en-la-diaspora\\\/#article\",\"isPartOf\":{\"@id\":\"https:\\\/\\\/wordpress2.hdnweb.com\\\/2020\\\/07\\\/20\\\/worldremit-lanza-la-lista-inaugural-de-colombianos-influyentes-en-la-diaspora\\\/\"},\"author\":{\"name\":\"venred\",\"@id\":\"https:\\\/\\\/wordpress2.hdnweb.com\\\/#\\\/schema\\\/person\\\/c112e8e970f2cfc8553cdb5392b493ad\"},\"headline\":\"(Espa\u00f1ol) WorldRemit lanza la Lista Inaugural de Colombianos Influyentes en la Di\u00e1spora\",\"datePublished\":\"2020-07-20T11:41:00+00:00\",\"mainEntityOfPage\":{\"@id\":\"https:\\\/\\\/wordpress2.hdnweb.com\\\/2020\\\/07\\\/20\\\/worldremit-lanza-la-lista-inaugural-de-colombianos-influyentes-en-la-diaspora\\\/\"},\"wordCount\":827,\"commentCount\":0,\"image\":{\"@id\":\"https:\\\/\\\/wordpress2.hdnweb.com\\\/2020\\\/07\\\/20\\\/worldremit-lanza-la-lista-inaugural-de-colombianos-influyentes-en-la-diaspora\\\/#primaryimage\"},\"thumbnailUrl\":\"https:\\\/\\\/wordpress2.hdnweb.com\\\/wp-content\\\/uploads\\\/2020\\\/05\\\/13596_1_95947.jpg\",\"articleSection\":[\"Rose marynews\"],\"inLanguage\":\"en-US\"},{\"@type\":\"WebPage\",\"@id\":\"https:\\\/\\\/wordpress2.hdnweb.com\\\/en\\\/2020\\\/07\\\/20\\\/worldremit-lanza-la-lista-inaugural-de-colombianos-influyentes-en-la-diaspora\\\/\",\"url\":\"https:\\\/\\\/wordpress2.hdnweb.com\\\/en\\\/2020\\\/07\\\/20\\\/worldremit-lanza-la-lista-inaugural-de-colombianos-influyentes-en-la-diaspora\\\/\",\"name\":\"WorldRemit lanza la Lista Inaugural de Colombianos Influyentes en la Di\u00e1spora - Multisitio 2\",\"isPartOf\":{\"@id\":\"https:\\\/\\\/wordpress2.hdnweb.com\\\/en\\\/#website\"},\"primaryImageOfPage\":{\"@id\":\"https:\\\/\\\/wordpress2.hdnweb.com\\\/en\\\/2020\\\/07\\\/20\\\/worldremit-lanza-la-lista-inaugural-de-colombianos-influyentes-en-la-diaspora\\\/#primaryimage\"},\"image\":{\"@id\":\"https:\\\/\\\/wordpress2.hdnweb.com\\\/2020\\\/07\\\/20\\\/worldremit-lanza-la-lista-inaugural-de-colombianos-influyentes-en-la-diaspora\\\/#primaryimage\"},\"thumbnailUrl\":\"https:\\\/\\\/wordpress2.hdnweb.com\\\/wp-content\\\/uploads\\\/2020\\\/05\\\/13596_1_95947.jpg\",\"datePublished\":\"2020-07-20T11:41:00+00:00\",\"author\":{\"@id\":\"https:\\\/\\\/wordpress2.hdnweb.com\\\/#\\\/schema\\\/person\\\/c112e8e970f2cfc8553cdb5392b493ad\"},\"breadcrumb\":{\"@id\":\"https:\\\/\\\/wordpress2.hdnweb.com\\\/en\\\/2020\\\/07\\\/20\\\/worldremit-lanza-la-lista-inaugural-de-colombianos-influyentes-en-la-diaspora\\\/#breadcrumb\"},\"inLanguage\":\"en-US\",\"potentialAction\":[{\"@type\":\"ReadAction\",\"target\":[[\"https:\\\/\\\/wordpress2.hdnweb.com\\\/en\\\/2020\\\/07\\\/20\\\/worldremit-lanza-la-lista-inaugural-de-colombianos-influyentes-en-la-diaspora\\\/\"]]}]},{\"@type\":\"ImageObject\",\"inLanguage\":\"en-US\",\"@id\":\"https:\\\/\\\/wordpress2.hdnweb.com\\\/en\\\/2020\\\/07\\\/20\\\/worldremit-lanza-la-lista-inaugural-de-colombianos-influyentes-en-la-diaspora\\\/#primaryimage\",\"url\":\"https:\\\/\\\/wordpress2.hdnweb.com\\\/wp-content\\\/uploads\\\/2020\\\/05\\\/13596_1_95947.jpg\",\"contentUrl\":\"https:\\\/\\\/wordpress2.hdnweb.com\\\/wp-content\\\/uploads\\\/2020\\\/05\\\/13596_1_95947.jpg\",\"width\":960,\"height\":642,\"caption\":\"De izquierda a derecha Veronica Orozco, Luis Villegas y Juliana Zerda (PRNewsfoto\\\/WorldRemit)\"},{\"@type\":\"BreadcrumbList\",\"@id\":\"https:\\\/\\\/wordpress2.hdnweb.com\\\/en\\\/2020\\\/07\\\/20\\\/worldremit-lanza-la-lista-inaugural-de-colombianos-influyentes-en-la-diaspora\\\/#breadcrumb\",\"itemListElement\":[{\"@type\":\"ListItem\",\"position\":1,\"name\":\"Portada\",\"item\":\"https:\\\/\\\/wordpress2.hdnweb.com\\\/en\\\/\"},{\"@type\":\"ListItem\",\"position\":2,\"name\":\"WorldRemit lanza la Lista Inaugural de Colombianos Influyentes en la Di\u00e1spora\"}]},{\"@type\":\"WebSite\",\"@id\":\"https:\\\/\\\/wordpress2.hdnweb.com\\\/en\\\/#website\",\"url\":\"https:\\\/\\\/wordpress2.hdnweb.com\\\/en\\\/\",\"name\":\"Multisitio 2\",\"description\":\"\",\"potentialAction\":[{\"@type\":\"SearchAction\",\"target\":{\"@type\":\"EntryPoint\",\"urlTemplate\":\"https:\\\/\\\/wordpress2.hdnweb.com\\\/en\\\/?s={search_term_string}\"},\"query-input\":{\"@type\":\"PropertyValueSpecification\",\"valueRequired\":true,\"valueName\":\"search_term_string\"}}],\"inLanguage\":\"en-US\"},{\"@type\":\"Person\",\"@id\":\"https:\\\/\\\/wordpress2.hdnweb.com\\\/#\\\/schema\\\/person\\\/c112e8e970f2cfc8553cdb5392b493ad\",\"name\":\"venred\",\"image\":{\"@type\":\"ImageObject\",\"inLanguage\":\"en-US\",\"@id\":\"https:\\\/\\\/secure.gravatar.com\\\/avatar\\\/2b023a883433f83ad0a3036a7ba60d3133c4e0619f3bca6230ba8c7521b6dec8?s=96&d=mm&r=g\",\"url\":\"https:\\\/\\\/secure.gravatar.com\\\/avatar\\\/2b023a883433f83ad0a3036a7ba60d3133c4e0619f3bca6230ba8c7521b6dec8?s=96&d=mm&r=g\",\"contentUrl\":\"https:\\\/\\\/secure.gravatar.com\\\/avatar\\\/2b023a883433f83ad0a3036a7ba60d3133c4e0619f3bca6230ba8c7521b6dec8?s=96&d=mm&r=g\",\"caption\":\"venred\"},\"url\":\"https:\\\/\\\/wordpress2.hdnweb.com\\\/en\\\/author\\\/venred\\\/\"}]}<\/script>\n<!-- \/ Yoast SEO plugin. -->","yoast_head_json":{"title":"WorldRemit lanza la Lista Inaugural de Colombianos Influyentes en la Di\u00e1spora - Multisitio 2","robots":{"index":"index","follow":"follow","max-snippet":"max-snippet:-1","max-image-preview":"max-image-preview:large","max-video-preview":"max-video-preview:-1"},"canonical":"https:\/\/wordpress2.hdnweb.com\/en\/2020\/07\/20\/worldremit-lanza-la-lista-inaugural-de-colombianos-influyentes-en-la-diaspora\/","og_locale":"en_US","og_type":"article","og_title":"WorldRemit lanza la Lista Inaugural de Colombianos Influyentes en la Di\u00e1spora - Multisitio 2","og_description":"LONDRES, 20 de julio de 2020 \/PRNewswire-HISPANIC PR WIRE\/\u00a0-- WorldRemit, l\u00edder en el servicio internacional de pagos de dinero, lanz\u00f3 la Lista Inaugural de Colombianos Influyentes en la Di\u00e1spora en celebraci\u00f3n con el D\u00eda de la Independencia de Colombia (20 de julio). Los festejos de este a\u00f1o no incluir\u00e1n los desfiles y fiestas callejeras habituales debido a las medidas de cuarentena establecidas por la pandemia del coronavirus. &lt;a...","og_url":"https:\/\/wordpress2.hdnweb.com\/en\/2020\/07\/20\/worldremit-lanza-la-lista-inaugural-de-colombianos-influyentes-en-la-diaspora\/","og_site_name":"Multisitio 2","article_published_time":"2020-07-20T11:41:00+00:00","og_image":[{"width":960,"height":642,"url":"https:\/\/wordpress2.hdnweb.com\/wp-content\/uploads\/2020\/05\/13596_1_95947.jpg","type":"image\/jpeg"}],"author":"venred","twitter_card":"summary_large_image","twitter_misc":{"Written by":"venred","Est. reading time":"4 minutes"},"schema":{"@context":"https:\/\/schema.org","@graph":[{"@type":"Article","@id":"https:\/\/wordpress2.hdnweb.com\/2020\/07\/20\/worldremit-lanza-la-lista-inaugural-de-colombianos-influyentes-en-la-diaspora\/#article","isPartOf":{"@id":"https:\/\/wordpress2.hdnweb.com\/2020\/07\/20\/worldremit-lanza-la-lista-inaugural-de-colombianos-influyentes-en-la-diaspora\/"},"author":{"name":"venred","@id":"https:\/\/wordpress2.hdnweb.com\/#\/schema\/person\/c112e8e970f2cfc8553cdb5392b493ad"},"headline":"(Espa\u00f1ol) WorldRemit lanza la Lista Inaugural de Colombianos Influyentes en la Di\u00e1spora","datePublished":"2020-07-20T11:41:00+00:00","mainEntityOfPage":{"@id":"https:\/\/wordpress2.hdnweb.com\/2020\/07\/20\/worldremit-lanza-la-lista-inaugural-de-colombianos-influyentes-en-la-diaspora\/"},"wordCount":827,"commentCount":0,"image":{"@id":"https:\/\/wordpress2.hdnweb.com\/2020\/07\/20\/worldremit-lanza-la-lista-inaugural-de-colombianos-influyentes-en-la-diaspora\/#primaryimage"},"thumbnailUrl":"https:\/\/wordpress2.hdnweb.com\/wp-content\/uploads\/2020\/05\/13596_1_95947.jpg","articleSection":["Rose marynews"],"inLanguage":"en-US"},{"@type":"WebPage","@id":"https:\/\/wordpress2.hdnweb.com\/en\/2020\/07\/20\/worldremit-lanza-la-lista-inaugural-de-colombianos-influyentes-en-la-diaspora\/","url":"https:\/\/wordpress2.hdnweb.com\/en\/2020\/07\/20\/worldremit-lanza-la-lista-inaugural-de-colombianos-influyentes-en-la-diaspora\/","name":"WorldRemit lanza la Lista Inaugural de Colombianos Influyentes en la Di\u00e1spora - Multisitio 2","isPartOf":{"@id":"https:\/\/wordpress2.hdnweb.com\/en\/#website"},"primaryImageOfPage":{"@id":"https:\/\/wordpress2.hdnweb.com\/en\/2020\/07\/20\/worldremit-lanza-la-lista-inaugural-de-colombianos-influyentes-en-la-diaspora\/#primaryimage"},"image":{"@id":"https:\/\/wordpress2.hdnweb.com\/2020\/07\/20\/worldremit-lanza-la-lista-inaugural-de-colombianos-influyentes-en-la-diaspora\/#primaryimage"},"thumbnailUrl":"https:\/\/wordpress2.hdnweb.com\/wp-content\/uploads\/2020\/05\/13596_1_95947.jpg","datePublished":"2020-07-20T11:41:00+00:00","author":{"@id":"https:\/\/wordpress2.hdnweb.com\/#\/schema\/person\/c112e8e970f2cfc8553cdb5392b493ad"},"breadcrumb":{"@id":"https:\/\/wordpress2.hdnweb.com\/en\/2020\/07\/20\/worldremit-lanza-la-lista-inaugural-de-colombianos-influyentes-en-la-diaspora\/#breadcrumb"},"inLanguage":"en-US","potentialAction":[{"@type":"ReadAction","target":[["https:\/\/wordpress2.hdnweb.com\/en\/2020\/07\/20\/worldremit-lanza-la-lista-inaugural-de-colombianos-influyentes-en-la-diaspora\/"]]}]},{"@type":"ImageObject","inLanguage":"en-US","@id":"https:\/\/wordpress2.hdnweb.com\/en\/2020\/07\/20\/worldremit-lanza-la-lista-inaugural-de-colombianos-influyentes-en-la-diaspora\/#primaryimage","url":"https:\/\/wordpress2.hdnweb.com\/wp-content\/uploads\/2020\/05\/13596_1_95947.jpg","contentUrl":"https:\/\/wordpress2.hdnweb.com\/wp-content\/uploads\/2020\/05\/13596_1_95947.jpg","width":960,"height":642,"caption":"De izquierda a derecha Veronica Orozco, Luis Villegas y Juliana Zerda (PRNewsfoto\/WorldRemit)"},{"@type":"BreadcrumbList","@id":"https:\/\/wordpress2.hdnweb.com\/en\/2020\/07\/20\/worldremit-lanza-la-lista-inaugural-de-colombianos-influyentes-en-la-diaspora\/#breadcrumb","itemListElement":[{"@type":"ListItem","position":1,"name":"Portada","item":"https:\/\/wordpress2.hdnweb.com\/en\/"},{"@type":"ListItem","position":2,"name":"WorldRemit lanza la Lista Inaugural de Colombianos Influyentes en la Di\u00e1spora"}]},{"@type":"WebSite","@id":"https:\/\/wordpress2.hdnweb.com\/en\/#website","url":"https:\/\/wordpress2.hdnweb.com\/en\/","name":"Multisitio 2","description":"","potentialAction":[{"@type":"SearchAction","target":{"@type":"EntryPoint","urlTemplate":"https:\/\/wordpress2.hdnweb.com\/en\/?s={search_term_string}"},"query-input":{"@type":"PropertyValueSpecification","valueRequired":true,"valueName":"search_term_string"}}],"inLanguage":"en-US"},{"@type":"Person","@id":"https:\/\/wordpress2.hdnweb.com\/#\/schema\/person\/c112e8e970f2cfc8553cdb5392b493ad","name":"venred","image":{"@type":"ImageObject","inLanguage":"en-US","@id":"https:\/\/secure.gravatar.com\/avatar\/2b023a883433f83ad0a3036a7ba60d3133c4e0619f3bca6230ba8c7521b6dec8?s=96&d=mm&r=g","url":"https:\/\/secure.gravatar.com\/avatar\/2b023a883433f83ad0a3036a7ba60d3133c4e0619f3bca6230ba8c7521b6dec8?s=96&d=mm&r=g","contentUrl":"https:\/\/secure.gravatar.com\/avatar\/2b023a883433f83ad0a3036a7ba60d3133c4e0619f3bca6230ba8c7521b6dec8?s=96&d=mm&r=g","caption":"venred"},"url":"https:\/\/wordpress2.hdnweb.com\/en\/author\/venred\/"}]}},"_links":{"self":[{"href":"https:\/\/wordpress2.hdnweb.com\/en\/wp-json\/wp\/v2\/posts\/13596","targetHints":{"allow":["GET"]}}],"collection":[{"href":"https:\/\/wordpress2.hdnweb.com\/en\/wp-json\/wp\/v2\/posts"}],"about":[{"href":"https:\/\/wordpress2.hdnweb.com\/en\/wp-json\/wp\/v2\/types\/post"}],"author":[{"embeddable":true,"href":"https:\/\/wordpress2.hdnweb.com\/en\/wp-json\/wp\/v2\/users\/1"}],"replies":[{"embeddable":true,"href":"https:\/\/wordpress2.hdnweb.com\/en\/wp-json\/wp\/v2\/comments?post=13596"}],"version-history":[{"count":0,"href":"https:\/\/wordpress2.hdnweb.com\/en\/wp-json\/wp\/v2\/posts\/13596\/revisions"}],"wp:featuredmedia":[{"embeddable":true,"href":"https:\/\/wordpress2.hdnweb.com\/en\/wp-json\/wp\/v2\/media\/13597"}],"wp:attachment":[{"href":"https:\/\/wordpress2.hdnweb.com\/en\/wp-json\/wp\/v2\/media?parent=13596"}],"wp:term":[{"taxonomy":"category","embeddable":true,"href":"https:\/\/wordpress2.hdnweb.com\/en\/wp-json\/wp\/v2\/categories?post=13596"},{"taxonomy":"post_tag","embeddable":true,"href":"https:\/\/wordpress2.hdnweb.com\/en\/wp-json\/wp\/v2\/tags?post=13596"}],"curies":[{"name":"wp","href":"https:\/\/api.w.org\/{rel}","templated":true}]}}