{"id":14211,"date":"2020-07-20T08:01:00","date_gmt":"2020-07-20T08:01:00","guid":{"rendered":"https:\/\/wordpress2.hdnweb.com\/2020\/07\/20\/gloria-y-emilio-estefan-apadrinaran-el-nuevo-show-de-ismael-cala-en-megatv-8\/"},"modified":"2020-07-20T08:01:00","modified_gmt":"2020-07-20T08:01:00","slug":"gloria-y-emilio-estefan-apadrinaran-el-nuevo-show-de-ismael-cala-en-megatv-8","status":"publish","type":"post","link":"https:\/\/wordpress2.hdnweb.com\/en\/2020\/07\/20\/gloria-y-emilio-estefan-apadrinaran-el-nuevo-show-de-ismael-cala-en-megatv-8\/","title":{"rendered":"(Espa\u00f1ol) Gloria y Emilio Estefan apadrinar\u00e1n el nuevo show de Ismael Cala en MegaTV"},"content":{"rendered":"<p class=\"qtranxs-available-languages-message qtranxs-available-languages-message-en\">Sorry, this entry is only available in <a href=\"https:\/\/wordpress2.hdnweb.com\/es\/wp-json\/wp\/v2\/posts\/14211\" class=\"qtranxs-available-language-link qtranxs-available-language-link-es\" title=\"Espa\u00f1ol\">Espa\u00f1ol<\/a>.<\/p>","protected":false},"excerpt":{"rendered":"<p class=\"qtranxs-available-languages-message qtranxs-available-languages-message-en\">Sorry, this entry is only available in <a href=\"https:\/\/wordpress2.hdnweb.com\/es\/wp-json\/wp\/v2\/posts\/14211\" class=\"qtranxs-available-language-link qtranxs-available-language-link-es\" title=\"Espa\u00f1ol\">Espa\u00f1ol<\/a>.<\/p>\n","protected":false},"author":1,"featured_media":0,"comment_status":"open","ping_status":"open","sticky":false,"template":"","format":"standard","meta":{"_acf_changed":false,"_monsterinsights_skip_tracking":false,"_monsterinsights_sitenote_active":false,"_monsterinsights_sitenote_note":"","_monsterinsights_sitenote_category":0,"footnotes":""},"categories":[10],"tags":[],"class_list":["post-14211","post","type-post","status-publish","format-standard","hentry","category-luis-jimenez"],"acf":[],"yoast_head":"<!-- This site is optimized with the Yoast SEO plugin v27.5 - https:\/\/yoast.com\/product\/yoast-seo-wordpress\/ -->\n<title>Gloria y Emilio Estefan apadrinar\u00e1n el nuevo show de Ismael Cala en MegaTV - Multisitio 2<\/title>\n<meta name=\"robots\" content=\"index, follow, max-snippet:-1, max-image-preview:large, max-video-preview:-1\" \/>\n<link rel=\"canonical\" href=\"https:\/\/wordpress2.hdnweb.com\/en\/2020\/07\/20\/gloria-y-emilio-estefan-apadrinaran-el-nuevo-show-de-ismael-cala-en-megatv-8\/\" \/>\n<meta property=\"og:locale\" content=\"en_US\" \/>\n<meta property=\"og:type\" content=\"article\" \/>\n<meta property=\"og:title\" content=\"Gloria y Emilio Estefan apadrinar\u00e1n el nuevo show de Ismael Cala en MegaTV - Multisitio 2\" \/>\n<meta property=\"og:description\" content=\"Ser\u00e1n entrevistados en el programa inaugural hoy lunes, junto a Jos\u00e9 Luis Rodr\u00edguez &quot;El Puma&quot;. La semana inaugural tendr\u00e1 otras presencias de peso: Natalia Jim\u00e9nez, Luis Chataing, Luc\u00eda M\u00e9ndez, Antonia L\u00f3pez, Maritza Fuentes y Alexis y Fido, entre otros.  MIAMI, 20 de julio de 2020 \/PRNewswire\/ -- Gloria y Emilio Estefan apadrinar\u00e1n &quot;Cala&quot;, el nuevo show de televisi\u00f3n de Ismael Cala, que se estrena este lunes 20 de julio...\" \/>\n<meta property=\"og:url\" content=\"https:\/\/wordpress2.hdnweb.com\/en\/2020\/07\/20\/gloria-y-emilio-estefan-apadrinaran-el-nuevo-show-de-ismael-cala-en-megatv-8\/\" \/>\n<meta property=\"og:site_name\" content=\"Multisitio 2\" \/>\n<meta property=\"article:published_time\" content=\"2020-07-20T08:01:00+00:00\" \/>\n<meta property=\"og:image\" content=\"https:\/\/rt.prnewswire.com\/rt.gif?NewsItemId=ES67823&amp;Transmission_Id=202007200801PR_NEWS_LATAM____ES67823&amp;DateId=20200720\" \/>\n<meta name=\"author\" content=\"venred\" \/>\n<meta name=\"twitter:card\" content=\"summary_large_image\" \/>\n<meta name=\"twitter:label1\" content=\"Written by\" \/>\n\t<meta name=\"twitter:data1\" content=\"venred\" \/>\n\t<meta name=\"twitter:label2\" content=\"Est. reading time\" \/>\n\t<meta name=\"twitter:data2\" content=\"3 minutes\" \/>\n<script type=\"application\/ld+json\" class=\"yoast-schema-graph\">{\"@context\":\"https:\\\/\\\/schema.org\",\"@graph\":[{\"@type\":\"Article\",\"@id\":\"https:\\\/\\\/wordpress2.hdnweb.com\\\/2020\\\/07\\\/20\\\/gloria-y-emilio-estefan-apadrinaran-el-nuevo-show-de-ismael-cala-en-megatv-8\\\/#article\",\"isPartOf\":{\"@id\":\"https:\\\/\\\/wordpress2.hdnweb.com\\\/2020\\\/07\\\/20\\\/gloria-y-emilio-estefan-apadrinaran-el-nuevo-show-de-ismael-cala-en-megatv-8\\\/\"},\"author\":{\"name\":\"venred\",\"@id\":\"https:\\\/\\\/wordpress2.hdnweb.com\\\/#\\\/schema\\\/person\\\/c112e8e970f2cfc8553cdb5392b493ad\"},\"headline\":\"(Espa\u00f1ol) Gloria y Emilio Estefan apadrinar\u00e1n el nuevo show de Ismael Cala en MegaTV\",\"datePublished\":\"2020-07-20T08:01:00+00:00\",\"mainEntityOfPage\":{\"@id\":\"https:\\\/\\\/wordpress2.hdnweb.com\\\/2020\\\/07\\\/20\\\/gloria-y-emilio-estefan-apadrinaran-el-nuevo-show-de-ismael-cala-en-megatv-8\\\/\"},\"wordCount\":566,\"commentCount\":0,\"image\":{\"@id\":\"https:\\\/\\\/wordpress2.hdnweb.com\\\/2020\\\/07\\\/20\\\/gloria-y-emilio-estefan-apadrinaran-el-nuevo-show-de-ismael-cala-en-megatv-8\\\/#primaryimage\"},\"thumbnailUrl\":\"https:\\\/\\\/rt.prnewswire.com\\\/rt.gif?NewsItemId=ES67823&amp;Transmission_Id=202007200801PR_NEWS_LATAM____ES67823&amp;DateId=20200720\",\"articleSection\":[\"Luis jimenez\"],\"inLanguage\":\"en-US\"},{\"@type\":\"WebPage\",\"@id\":\"https:\\\/\\\/wordpress2.hdnweb.com\\\/en\\\/2020\\\/07\\\/20\\\/gloria-y-emilio-estefan-apadrinaran-el-nuevo-show-de-ismael-cala-en-megatv-8\\\/\",\"url\":\"https:\\\/\\\/wordpress2.hdnweb.com\\\/en\\\/2020\\\/07\\\/20\\\/gloria-y-emilio-estefan-apadrinaran-el-nuevo-show-de-ismael-cala-en-megatv-8\\\/\",\"name\":\"Gloria y Emilio Estefan apadrinar\u00e1n el nuevo show de Ismael Cala en MegaTV - Multisitio 2\",\"isPartOf\":{\"@id\":\"https:\\\/\\\/wordpress2.hdnweb.com\\\/en\\\/#website\"},\"primaryImageOfPage\":{\"@id\":\"https:\\\/\\\/wordpress2.hdnweb.com\\\/en\\\/2020\\\/07\\\/20\\\/gloria-y-emilio-estefan-apadrinaran-el-nuevo-show-de-ismael-cala-en-megatv-8\\\/#primaryimage\"},\"image\":{\"@id\":\"https:\\\/\\\/wordpress2.hdnweb.com\\\/2020\\\/07\\\/20\\\/gloria-y-emilio-estefan-apadrinaran-el-nuevo-show-de-ismael-cala-en-megatv-8\\\/#primaryimage\"},\"thumbnailUrl\":\"https:\\\/\\\/rt.prnewswire.com\\\/rt.gif?NewsItemId=ES67823&amp;Transmission_Id=202007200801PR_NEWS_LATAM____ES67823&amp;DateId=20200720\",\"datePublished\":\"2020-07-20T08:01:00+00:00\",\"author\":{\"@id\":\"https:\\\/\\\/wordpress2.hdnweb.com\\\/#\\\/schema\\\/person\\\/c112e8e970f2cfc8553cdb5392b493ad\"},\"breadcrumb\":{\"@id\":\"https:\\\/\\\/wordpress2.hdnweb.com\\\/en\\\/2020\\\/07\\\/20\\\/gloria-y-emilio-estefan-apadrinaran-el-nuevo-show-de-ismael-cala-en-megatv-8\\\/#breadcrumb\"},\"inLanguage\":\"en-US\",\"potentialAction\":[{\"@type\":\"ReadAction\",\"target\":[[\"https:\\\/\\\/wordpress2.hdnweb.com\\\/en\\\/2020\\\/07\\\/20\\\/gloria-y-emilio-estefan-apadrinaran-el-nuevo-show-de-ismael-cala-en-megatv-8\\\/\"]]}]},{\"@type\":\"ImageObject\",\"inLanguage\":\"en-US\",\"@id\":\"https:\\\/\\\/wordpress2.hdnweb.com\\\/en\\\/2020\\\/07\\\/20\\\/gloria-y-emilio-estefan-apadrinaran-el-nuevo-show-de-ismael-cala-en-megatv-8\\\/#primaryimage\",\"url\":\"https:\\\/\\\/rt.prnewswire.com\\\/rt.gif?NewsItemId=ES67823&amp;Transmission_Id=202007200801PR_NEWS_LATAM____ES67823&amp;DateId=20200720\",\"contentUrl\":\"https:\\\/\\\/rt.prnewswire.com\\\/rt.gif?NewsItemId=ES67823&amp;Transmission_Id=202007200801PR_NEWS_LATAM____ES67823&amp;DateId=20200720\"},{\"@type\":\"BreadcrumbList\",\"@id\":\"https:\\\/\\\/wordpress2.hdnweb.com\\\/en\\\/2020\\\/07\\\/20\\\/gloria-y-emilio-estefan-apadrinaran-el-nuevo-show-de-ismael-cala-en-megatv-8\\\/#breadcrumb\",\"itemListElement\":[{\"@type\":\"ListItem\",\"position\":1,\"name\":\"Portada\",\"item\":\"https:\\\/\\\/wordpress2.hdnweb.com\\\/en\\\/\"},{\"@type\":\"ListItem\",\"position\":2,\"name\":\"Gloria y Emilio Estefan apadrinar\u00e1n el nuevo show de Ismael Cala en MegaTV\"}]},{\"@type\":\"WebSite\",\"@id\":\"https:\\\/\\\/wordpress2.hdnweb.com\\\/en\\\/#website\",\"url\":\"https:\\\/\\\/wordpress2.hdnweb.com\\\/en\\\/\",\"name\":\"Multisitio 2\",\"description\":\"\",\"potentialAction\":[{\"@type\":\"SearchAction\",\"target\":{\"@type\":\"EntryPoint\",\"urlTemplate\":\"https:\\\/\\\/wordpress2.hdnweb.com\\\/en\\\/?s={search_term_string}\"},\"query-input\":{\"@type\":\"PropertyValueSpecification\",\"valueRequired\":true,\"valueName\":\"search_term_string\"}}],\"inLanguage\":\"en-US\"},{\"@type\":\"Person\",\"@id\":\"https:\\\/\\\/wordpress2.hdnweb.com\\\/#\\\/schema\\\/person\\\/c112e8e970f2cfc8553cdb5392b493ad\",\"name\":\"venred\",\"image\":{\"@type\":\"ImageObject\",\"inLanguage\":\"en-US\",\"@id\":\"https:\\\/\\\/secure.gravatar.com\\\/avatar\\\/2b023a883433f83ad0a3036a7ba60d3133c4e0619f3bca6230ba8c7521b6dec8?s=96&d=mm&r=g\",\"url\":\"https:\\\/\\\/secure.gravatar.com\\\/avatar\\\/2b023a883433f83ad0a3036a7ba60d3133c4e0619f3bca6230ba8c7521b6dec8?s=96&d=mm&r=g\",\"contentUrl\":\"https:\\\/\\\/secure.gravatar.com\\\/avatar\\\/2b023a883433f83ad0a3036a7ba60d3133c4e0619f3bca6230ba8c7521b6dec8?s=96&d=mm&r=g\",\"caption\":\"venred\"},\"url\":\"https:\\\/\\\/wordpress2.hdnweb.com\\\/en\\\/author\\\/venred\\\/\"}]}<\/script>\n<!-- \/ Yoast SEO plugin. -->","yoast_head_json":{"title":"Gloria y Emilio Estefan apadrinar\u00e1n el nuevo show de Ismael Cala en MegaTV - Multisitio 2","robots":{"index":"index","follow":"follow","max-snippet":"max-snippet:-1","max-image-preview":"max-image-preview:large","max-video-preview":"max-video-preview:-1"},"canonical":"https:\/\/wordpress2.hdnweb.com\/en\/2020\/07\/20\/gloria-y-emilio-estefan-apadrinaran-el-nuevo-show-de-ismael-cala-en-megatv-8\/","og_locale":"en_US","og_type":"article","og_title":"Gloria y Emilio Estefan apadrinar\u00e1n el nuevo show de Ismael Cala en MegaTV - Multisitio 2","og_description":"Ser\u00e1n entrevistados en el programa inaugural hoy lunes, junto a Jos\u00e9 Luis Rodr\u00edguez \"El Puma\". La semana inaugural tendr\u00e1 otras presencias de peso: Natalia Jim\u00e9nez, Luis Chataing, Luc\u00eda M\u00e9ndez, Antonia L\u00f3pez, Maritza Fuentes y Alexis y Fido, entre otros.  MIAMI, 20 de julio de 2020 \/PRNewswire\/ -- Gloria y Emilio Estefan apadrinar\u00e1n \"Cala\", el nuevo show de televisi\u00f3n de Ismael Cala, que se estrena este lunes 20 de julio...","og_url":"https:\/\/wordpress2.hdnweb.com\/en\/2020\/07\/20\/gloria-y-emilio-estefan-apadrinaran-el-nuevo-show-de-ismael-cala-en-megatv-8\/","og_site_name":"Multisitio 2","article_published_time":"2020-07-20T08:01:00+00:00","og_image":[{"url":"https:\/\/rt.prnewswire.com\/rt.gif?NewsItemId=ES67823&amp;Transmission_Id=202007200801PR_NEWS_LATAM____ES67823&amp;DateId=20200720","type":"","width":"","height":""}],"author":"venred","twitter_card":"summary_large_image","twitter_misc":{"Written by":"venred","Est. reading time":"3 minutes"},"schema":{"@context":"https:\/\/schema.org","@graph":[{"@type":"Article","@id":"https:\/\/wordpress2.hdnweb.com\/2020\/07\/20\/gloria-y-emilio-estefan-apadrinaran-el-nuevo-show-de-ismael-cala-en-megatv-8\/#article","isPartOf":{"@id":"https:\/\/wordpress2.hdnweb.com\/2020\/07\/20\/gloria-y-emilio-estefan-apadrinaran-el-nuevo-show-de-ismael-cala-en-megatv-8\/"},"author":{"name":"venred","@id":"https:\/\/wordpress2.hdnweb.com\/#\/schema\/person\/c112e8e970f2cfc8553cdb5392b493ad"},"headline":"(Espa\u00f1ol) Gloria y Emilio Estefan apadrinar\u00e1n el nuevo show de Ismael Cala en MegaTV","datePublished":"2020-07-20T08:01:00+00:00","mainEntityOfPage":{"@id":"https:\/\/wordpress2.hdnweb.com\/2020\/07\/20\/gloria-y-emilio-estefan-apadrinaran-el-nuevo-show-de-ismael-cala-en-megatv-8\/"},"wordCount":566,"commentCount":0,"image":{"@id":"https:\/\/wordpress2.hdnweb.com\/2020\/07\/20\/gloria-y-emilio-estefan-apadrinaran-el-nuevo-show-de-ismael-cala-en-megatv-8\/#primaryimage"},"thumbnailUrl":"https:\/\/rt.prnewswire.com\/rt.gif?NewsItemId=ES67823&amp;Transmission_Id=202007200801PR_NEWS_LATAM____ES67823&amp;DateId=20200720","articleSection":["Luis jimenez"],"inLanguage":"en-US"},{"@type":"WebPage","@id":"https:\/\/wordpress2.hdnweb.com\/en\/2020\/07\/20\/gloria-y-emilio-estefan-apadrinaran-el-nuevo-show-de-ismael-cala-en-megatv-8\/","url":"https:\/\/wordpress2.hdnweb.com\/en\/2020\/07\/20\/gloria-y-emilio-estefan-apadrinaran-el-nuevo-show-de-ismael-cala-en-megatv-8\/","name":"Gloria y Emilio Estefan apadrinar\u00e1n el nuevo show de Ismael Cala en MegaTV - Multisitio 2","isPartOf":{"@id":"https:\/\/wordpress2.hdnweb.com\/en\/#website"},"primaryImageOfPage":{"@id":"https:\/\/wordpress2.hdnweb.com\/en\/2020\/07\/20\/gloria-y-emilio-estefan-apadrinaran-el-nuevo-show-de-ismael-cala-en-megatv-8\/#primaryimage"},"image":{"@id":"https:\/\/wordpress2.hdnweb.com\/2020\/07\/20\/gloria-y-emilio-estefan-apadrinaran-el-nuevo-show-de-ismael-cala-en-megatv-8\/#primaryimage"},"thumbnailUrl":"https:\/\/rt.prnewswire.com\/rt.gif?NewsItemId=ES67823&amp;Transmission_Id=202007200801PR_NEWS_LATAM____ES67823&amp;DateId=20200720","datePublished":"2020-07-20T08:01:00+00:00","author":{"@id":"https:\/\/wordpress2.hdnweb.com\/#\/schema\/person\/c112e8e970f2cfc8553cdb5392b493ad"},"breadcrumb":{"@id":"https:\/\/wordpress2.hdnweb.com\/en\/2020\/07\/20\/gloria-y-emilio-estefan-apadrinaran-el-nuevo-show-de-ismael-cala-en-megatv-8\/#breadcrumb"},"inLanguage":"en-US","potentialAction":[{"@type":"ReadAction","target":[["https:\/\/wordpress2.hdnweb.com\/en\/2020\/07\/20\/gloria-y-emilio-estefan-apadrinaran-el-nuevo-show-de-ismael-cala-en-megatv-8\/"]]}]},{"@type":"ImageObject","inLanguage":"en-US","@id":"https:\/\/wordpress2.hdnweb.com\/en\/2020\/07\/20\/gloria-y-emilio-estefan-apadrinaran-el-nuevo-show-de-ismael-cala-en-megatv-8\/#primaryimage","url":"https:\/\/rt.prnewswire.com\/rt.gif?NewsItemId=ES67823&amp;Transmission_Id=202007200801PR_NEWS_LATAM____ES67823&amp;DateId=20200720","contentUrl":"https:\/\/rt.prnewswire.com\/rt.gif?NewsItemId=ES67823&amp;Transmission_Id=202007200801PR_NEWS_LATAM____ES67823&amp;DateId=20200720"},{"@type":"BreadcrumbList","@id":"https:\/\/wordpress2.hdnweb.com\/en\/2020\/07\/20\/gloria-y-emilio-estefan-apadrinaran-el-nuevo-show-de-ismael-cala-en-megatv-8\/#breadcrumb","itemListElement":[{"@type":"ListItem","position":1,"name":"Portada","item":"https:\/\/wordpress2.hdnweb.com\/en\/"},{"@type":"ListItem","position":2,"name":"Gloria y Emilio Estefan apadrinar\u00e1n el nuevo show de Ismael Cala en MegaTV"}]},{"@type":"WebSite","@id":"https:\/\/wordpress2.hdnweb.com\/en\/#website","url":"https:\/\/wordpress2.hdnweb.com\/en\/","name":"Multisitio 2","description":"","potentialAction":[{"@type":"SearchAction","target":{"@type":"EntryPoint","urlTemplate":"https:\/\/wordpress2.hdnweb.com\/en\/?s={search_term_string}"},"query-input":{"@type":"PropertyValueSpecification","valueRequired":true,"valueName":"search_term_string"}}],"inLanguage":"en-US"},{"@type":"Person","@id":"https:\/\/wordpress2.hdnweb.com\/#\/schema\/person\/c112e8e970f2cfc8553cdb5392b493ad","name":"venred","image":{"@type":"ImageObject","inLanguage":"en-US","@id":"https:\/\/secure.gravatar.com\/avatar\/2b023a883433f83ad0a3036a7ba60d3133c4e0619f3bca6230ba8c7521b6dec8?s=96&d=mm&r=g","url":"https:\/\/secure.gravatar.com\/avatar\/2b023a883433f83ad0a3036a7ba60d3133c4e0619f3bca6230ba8c7521b6dec8?s=96&d=mm&r=g","contentUrl":"https:\/\/secure.gravatar.com\/avatar\/2b023a883433f83ad0a3036a7ba60d3133c4e0619f3bca6230ba8c7521b6dec8?s=96&d=mm&r=g","caption":"venred"},"url":"https:\/\/wordpress2.hdnweb.com\/en\/author\/venred\/"}]}},"_links":{"self":[{"href":"https:\/\/wordpress2.hdnweb.com\/en\/wp-json\/wp\/v2\/posts\/14211","targetHints":{"allow":["GET"]}}],"collection":[{"href":"https:\/\/wordpress2.hdnweb.com\/en\/wp-json\/wp\/v2\/posts"}],"about":[{"href":"https:\/\/wordpress2.hdnweb.com\/en\/wp-json\/wp\/v2\/types\/post"}],"author":[{"embeddable":true,"href":"https:\/\/wordpress2.hdnweb.com\/en\/wp-json\/wp\/v2\/users\/1"}],"replies":[{"embeddable":true,"href":"https:\/\/wordpress2.hdnweb.com\/en\/wp-json\/wp\/v2\/comments?post=14211"}],"version-history":[{"count":0,"href":"https:\/\/wordpress2.hdnweb.com\/en\/wp-json\/wp\/v2\/posts\/14211\/revisions"}],"wp:attachment":[{"href":"https:\/\/wordpress2.hdnweb.com\/en\/wp-json\/wp\/v2\/media?parent=14211"}],"wp:term":[{"taxonomy":"category","embeddable":true,"href":"https:\/\/wordpress2.hdnweb.com\/en\/wp-json\/wp\/v2\/categories?post=14211"},{"taxonomy":"post_tag","embeddable":true,"href":"https:\/\/wordpress2.hdnweb.com\/en\/wp-json\/wp\/v2\/tags?post=14211"}],"curies":[{"name":"wp","href":"https:\/\/api.w.org\/{rel}","templated":true}]}}