{"id":14244,"date":"2020-08-03T11:32:00","date_gmt":"2020-08-03T11:32:00","guid":{"rendered":"https:\/\/wordpress2.hdnweb.com\/2020\/08\/03\/conde-nast-anuncia-la-primera-colaboracion-global-de-este-tipo-la-edicion-hope-de-vogue-4\/"},"modified":"2020-08-03T11:32:00","modified_gmt":"2020-08-03T11:32:00","slug":"conde-nast-anuncia-la-primera-colaboracion-global-de-este-tipo-la-edicion-hope-de-vogue-4","status":"publish","type":"post","link":"https:\/\/wordpress2.hdnweb.com\/en\/2020\/08\/03\/conde-nast-anuncia-la-primera-colaboracion-global-de-este-tipo-la-edicion-hope-de-vogue-4\/","title":{"rendered":"(Espa\u00f1ol) Cond\u00e9 Nast anuncia la primera colaboraci\u00f3n global de este tipo: La Edici\u00f3n &#8216;Hope&#8217; de Vogue"},"content":{"rendered":"<p class=\"qtranxs-available-languages-message qtranxs-available-languages-message-en\">Sorry, this entry is only available in <a href=\"https:\/\/wordpress2.hdnweb.com\/es\/wp-json\/wp\/v2\/posts\/14244\" class=\"qtranxs-available-language-link qtranxs-available-language-link-es\" title=\"Espa\u00f1ol\">Espa\u00f1ol<\/a>.<\/p>","protected":false},"excerpt":{"rendered":"<p class=\"qtranxs-available-languages-message qtranxs-available-languages-message-en\">Sorry, this entry is only available in <a href=\"https:\/\/wordpress2.hdnweb.com\/es\/wp-json\/wp\/v2\/posts\/14244\" class=\"qtranxs-available-language-link qtranxs-available-language-link-es\" title=\"Espa\u00f1ol\">Espa\u00f1ol<\/a>.<\/p>\n","protected":false},"author":1,"featured_media":14245,"comment_status":"open","ping_status":"open","sticky":false,"template":"","format":"standard","meta":{"_acf_changed":false,"_monsterinsights_skip_tracking":false,"_monsterinsights_sitenote_active":false,"_monsterinsights_sitenote_note":"","_monsterinsights_sitenote_category":0,"footnotes":""},"categories":[10],"tags":[],"class_list":["post-14244","post","type-post","status-publish","format-standard","has-post-thumbnail","hentry","category-luis-jimenez"],"acf":[],"yoast_head":"<!-- This site is optimized with the Yoast SEO plugin v27.5 - https:\/\/yoast.com\/product\/yoast-seo-wordpress\/ -->\n<title>Cond\u00e9 Nast anuncia la primera colaboraci\u00f3n global de este tipo: La Edici\u00f3n &#039;Hope&#039; de Vogue - Multisitio 2<\/title>\n<meta name=\"robots\" content=\"index, follow, max-snippet:-1, max-image-preview:large, max-video-preview:-1\" \/>\n<link rel=\"canonical\" href=\"https:\/\/wordpress2.hdnweb.com\/en\/2020\/08\/03\/conde-nast-anuncia-la-primera-colaboracion-global-de-este-tipo-la-edicion-hope-de-vogue-4\/\" \/>\n<meta property=\"og:locale\" content=\"en_US\" \/>\n<meta property=\"og:type\" content=\"article\" \/>\n<meta property=\"og:title\" content=\"Cond\u00e9 Nast anuncia la primera colaboraci\u00f3n global de este tipo: La Edici\u00f3n &#039;Hope&#039; de Vogue - Multisitio 2\" \/>\n<meta property=\"og:description\" content=\"LONDRES y NUEVA YORK, 3 de agosto de 2020 \/PRNewswire\/ --\u00a0Cond\u00e9 Nast anunci\u00f3 hoy la edici\u00f3n &#039;Hope&#039; de Vogue, una colaboraci\u00f3n global entre las 26 publicaciones de Vogue de todo el mundo para las ediciones de septiembre\/octubre. La iniciativa es la primera vez en los 128 a\u00f1os de historia de Vogue, que todas las ediciones se consolidan bajo un mismo tema editorial, con el fin de transmitir optimismo y solidaridad ante los cambios sin precedentes que est\u00e1 enfrentando el mundo.   &lt;div...\" \/>\n<meta property=\"og:url\" content=\"https:\/\/wordpress2.hdnweb.com\/en\/2020\/08\/03\/conde-nast-anuncia-la-primera-colaboracion-global-de-este-tipo-la-edicion-hope-de-vogue-4\/\" \/>\n<meta property=\"og:site_name\" content=\"Multisitio 2\" \/>\n<meta property=\"article:published_time\" content=\"2020-08-03T11:32:00+00:00\" \/>\n<meta property=\"og:image\" content=\"https:\/\/wordpress2.hdnweb.com\/wp-content\/uploads\/2020\/05\/14244_1_76508.jpg\" \/>\n\t<meta property=\"og:image:width\" content=\"600\" \/>\n\t<meta property=\"og:image:height\" content=\"750\" \/>\n\t<meta property=\"og:image:type\" content=\"image\/jpeg\" \/>\n<meta name=\"author\" content=\"venred\" \/>\n<meta name=\"twitter:card\" content=\"summary_large_image\" \/>\n<meta name=\"twitter:label1\" content=\"Written by\" \/>\n\t<meta name=\"twitter:data1\" content=\"venred\" \/>\n\t<meta name=\"twitter:label2\" content=\"Est. reading time\" \/>\n\t<meta name=\"twitter:data2\" content=\"3 minutes\" \/>\n<script type=\"application\/ld+json\" class=\"yoast-schema-graph\">{\"@context\":\"https:\\\/\\\/schema.org\",\"@graph\":[{\"@type\":\"Article\",\"@id\":\"https:\\\/\\\/wordpress2.hdnweb.com\\\/2020\\\/08\\\/03\\\/conde-nast-anuncia-la-primera-colaboracion-global-de-este-tipo-la-edicion-hope-de-vogue-4\\\/#article\",\"isPartOf\":{\"@id\":\"https:\\\/\\\/wordpress2.hdnweb.com\\\/2020\\\/08\\\/03\\\/conde-nast-anuncia-la-primera-colaboracion-global-de-este-tipo-la-edicion-hope-de-vogue-4\\\/\"},\"author\":{\"name\":\"venred\",\"@id\":\"https:\\\/\\\/wordpress2.hdnweb.com\\\/#\\\/schema\\\/person\\\/c112e8e970f2cfc8553cdb5392b493ad\"},\"headline\":\"(Espa\u00f1ol) Cond\u00e9 Nast anuncia la primera colaboraci\u00f3n global de este tipo: La Edici\u00f3n &#8216;Hope&#8217; de Vogue\",\"datePublished\":\"2020-08-03T11:32:00+00:00\",\"mainEntityOfPage\":{\"@id\":\"https:\\\/\\\/wordpress2.hdnweb.com\\\/2020\\\/08\\\/03\\\/conde-nast-anuncia-la-primera-colaboracion-global-de-este-tipo-la-edicion-hope-de-vogue-4\\\/\"},\"wordCount\":567,\"commentCount\":0,\"image\":{\"@id\":\"https:\\\/\\\/wordpress2.hdnweb.com\\\/2020\\\/08\\\/03\\\/conde-nast-anuncia-la-primera-colaboracion-global-de-este-tipo-la-edicion-hope-de-vogue-4\\\/#primaryimage\"},\"thumbnailUrl\":\"https:\\\/\\\/wordpress2.hdnweb.com\\\/wp-content\\\/uploads\\\/2020\\\/05\\\/14244_1_76508.jpg\",\"articleSection\":[\"Luis jimenez\"],\"inLanguage\":\"en-US\"},{\"@type\":\"WebPage\",\"@id\":\"https:\\\/\\\/wordpress2.hdnweb.com\\\/en\\\/2020\\\/08\\\/03\\\/conde-nast-anuncia-la-primera-colaboracion-global-de-este-tipo-la-edicion-hope-de-vogue-4\\\/\",\"url\":\"https:\\\/\\\/wordpress2.hdnweb.com\\\/en\\\/2020\\\/08\\\/03\\\/conde-nast-anuncia-la-primera-colaboracion-global-de-este-tipo-la-edicion-hope-de-vogue-4\\\/\",\"name\":\"Cond\u00e9 Nast anuncia la primera colaboraci\u00f3n global de este tipo: La Edici\u00f3n 'Hope' de Vogue - Multisitio 2\",\"isPartOf\":{\"@id\":\"https:\\\/\\\/wordpress2.hdnweb.com\\\/en\\\/#website\"},\"primaryImageOfPage\":{\"@id\":\"https:\\\/\\\/wordpress2.hdnweb.com\\\/en\\\/2020\\\/08\\\/03\\\/conde-nast-anuncia-la-primera-colaboracion-global-de-este-tipo-la-edicion-hope-de-vogue-4\\\/#primaryimage\"},\"image\":{\"@id\":\"https:\\\/\\\/wordpress2.hdnweb.com\\\/2020\\\/08\\\/03\\\/conde-nast-anuncia-la-primera-colaboracion-global-de-este-tipo-la-edicion-hope-de-vogue-4\\\/#primaryimage\"},\"thumbnailUrl\":\"https:\\\/\\\/wordpress2.hdnweb.com\\\/wp-content\\\/uploads\\\/2020\\\/05\\\/14244_1_76508.jpg\",\"datePublished\":\"2020-08-03T11:32:00+00:00\",\"author\":{\"@id\":\"https:\\\/\\\/wordpress2.hdnweb.com\\\/#\\\/schema\\\/person\\\/c112e8e970f2cfc8553cdb5392b493ad\"},\"breadcrumb\":{\"@id\":\"https:\\\/\\\/wordpress2.hdnweb.com\\\/en\\\/2020\\\/08\\\/03\\\/conde-nast-anuncia-la-primera-colaboracion-global-de-este-tipo-la-edicion-hope-de-vogue-4\\\/#breadcrumb\"},\"inLanguage\":\"en-US\",\"potentialAction\":[{\"@type\":\"ReadAction\",\"target\":[[\"https:\\\/\\\/wordpress2.hdnweb.com\\\/en\\\/2020\\\/08\\\/03\\\/conde-nast-anuncia-la-primera-colaboracion-global-de-este-tipo-la-edicion-hope-de-vogue-4\\\/\"]]}]},{\"@type\":\"ImageObject\",\"inLanguage\":\"en-US\",\"@id\":\"https:\\\/\\\/wordpress2.hdnweb.com\\\/en\\\/2020\\\/08\\\/03\\\/conde-nast-anuncia-la-primera-colaboracion-global-de-este-tipo-la-edicion-hope-de-vogue-4\\\/#primaryimage\",\"url\":\"https:\\\/\\\/wordpress2.hdnweb.com\\\/wp-content\\\/uploads\\\/2020\\\/05\\\/14244_1_76508.jpg\",\"contentUrl\":\"https:\\\/\\\/wordpress2.hdnweb.com\\\/wp-content\\\/uploads\\\/2020\\\/05\\\/14244_1_76508.jpg\",\"width\":600,\"height\":750,\"caption\":\"Fotograf&iacute;a por Stefan Ruiz para Vogue M&eacute;xico\"},{\"@type\":\"BreadcrumbList\",\"@id\":\"https:\\\/\\\/wordpress2.hdnweb.com\\\/en\\\/2020\\\/08\\\/03\\\/conde-nast-anuncia-la-primera-colaboracion-global-de-este-tipo-la-edicion-hope-de-vogue-4\\\/#breadcrumb\",\"itemListElement\":[{\"@type\":\"ListItem\",\"position\":1,\"name\":\"Portada\",\"item\":\"https:\\\/\\\/wordpress2.hdnweb.com\\\/en\\\/\"},{\"@type\":\"ListItem\",\"position\":2,\"name\":\"Cond\u00e9 Nast anuncia la primera colaboraci\u00f3n global de este tipo: La Edici\u00f3n &#8216;Hope&#8217; de Vogue\"}]},{\"@type\":\"WebSite\",\"@id\":\"https:\\\/\\\/wordpress2.hdnweb.com\\\/en\\\/#website\",\"url\":\"https:\\\/\\\/wordpress2.hdnweb.com\\\/en\\\/\",\"name\":\"Multisitio 2\",\"description\":\"\",\"potentialAction\":[{\"@type\":\"SearchAction\",\"target\":{\"@type\":\"EntryPoint\",\"urlTemplate\":\"https:\\\/\\\/wordpress2.hdnweb.com\\\/en\\\/?s={search_term_string}\"},\"query-input\":{\"@type\":\"PropertyValueSpecification\",\"valueRequired\":true,\"valueName\":\"search_term_string\"}}],\"inLanguage\":\"en-US\"},{\"@type\":\"Person\",\"@id\":\"https:\\\/\\\/wordpress2.hdnweb.com\\\/#\\\/schema\\\/person\\\/c112e8e970f2cfc8553cdb5392b493ad\",\"name\":\"venred\",\"image\":{\"@type\":\"ImageObject\",\"inLanguage\":\"en-US\",\"@id\":\"https:\\\/\\\/secure.gravatar.com\\\/avatar\\\/2b023a883433f83ad0a3036a7ba60d3133c4e0619f3bca6230ba8c7521b6dec8?s=96&d=mm&r=g\",\"url\":\"https:\\\/\\\/secure.gravatar.com\\\/avatar\\\/2b023a883433f83ad0a3036a7ba60d3133c4e0619f3bca6230ba8c7521b6dec8?s=96&d=mm&r=g\",\"contentUrl\":\"https:\\\/\\\/secure.gravatar.com\\\/avatar\\\/2b023a883433f83ad0a3036a7ba60d3133c4e0619f3bca6230ba8c7521b6dec8?s=96&d=mm&r=g\",\"caption\":\"venred\"},\"url\":\"https:\\\/\\\/wordpress2.hdnweb.com\\\/en\\\/author\\\/venred\\\/\"}]}<\/script>\n<!-- \/ Yoast SEO plugin. -->","yoast_head_json":{"title":"Cond\u00e9 Nast anuncia la primera colaboraci\u00f3n global de este tipo: La Edici\u00f3n 'Hope' de Vogue - Multisitio 2","robots":{"index":"index","follow":"follow","max-snippet":"max-snippet:-1","max-image-preview":"max-image-preview:large","max-video-preview":"max-video-preview:-1"},"canonical":"https:\/\/wordpress2.hdnweb.com\/en\/2020\/08\/03\/conde-nast-anuncia-la-primera-colaboracion-global-de-este-tipo-la-edicion-hope-de-vogue-4\/","og_locale":"en_US","og_type":"article","og_title":"Cond\u00e9 Nast anuncia la primera colaboraci\u00f3n global de este tipo: La Edici\u00f3n 'Hope' de Vogue - Multisitio 2","og_description":"LONDRES y NUEVA YORK, 3 de agosto de 2020 \/PRNewswire\/ --\u00a0Cond\u00e9 Nast anunci\u00f3 hoy la edici\u00f3n 'Hope' de Vogue, una colaboraci\u00f3n global entre las 26 publicaciones de Vogue de todo el mundo para las ediciones de septiembre\/octubre. La iniciativa es la primera vez en los 128 a\u00f1os de historia de Vogue, que todas las ediciones se consolidan bajo un mismo tema editorial, con el fin de transmitir optimismo y solidaridad ante los cambios sin precedentes que est\u00e1 enfrentando el mundo.   &lt;div...","og_url":"https:\/\/wordpress2.hdnweb.com\/en\/2020\/08\/03\/conde-nast-anuncia-la-primera-colaboracion-global-de-este-tipo-la-edicion-hope-de-vogue-4\/","og_site_name":"Multisitio 2","article_published_time":"2020-08-03T11:32:00+00:00","og_image":[{"width":600,"height":750,"url":"https:\/\/wordpress2.hdnweb.com\/wp-content\/uploads\/2020\/05\/14244_1_76508.jpg","type":"image\/jpeg"}],"author":"venred","twitter_card":"summary_large_image","twitter_misc":{"Written by":"venred","Est. reading time":"3 minutes"},"schema":{"@context":"https:\/\/schema.org","@graph":[{"@type":"Article","@id":"https:\/\/wordpress2.hdnweb.com\/2020\/08\/03\/conde-nast-anuncia-la-primera-colaboracion-global-de-este-tipo-la-edicion-hope-de-vogue-4\/#article","isPartOf":{"@id":"https:\/\/wordpress2.hdnweb.com\/2020\/08\/03\/conde-nast-anuncia-la-primera-colaboracion-global-de-este-tipo-la-edicion-hope-de-vogue-4\/"},"author":{"name":"venred","@id":"https:\/\/wordpress2.hdnweb.com\/#\/schema\/person\/c112e8e970f2cfc8553cdb5392b493ad"},"headline":"(Espa\u00f1ol) Cond\u00e9 Nast anuncia la primera colaboraci\u00f3n global de este tipo: La Edici\u00f3n &#8216;Hope&#8217; de Vogue","datePublished":"2020-08-03T11:32:00+00:00","mainEntityOfPage":{"@id":"https:\/\/wordpress2.hdnweb.com\/2020\/08\/03\/conde-nast-anuncia-la-primera-colaboracion-global-de-este-tipo-la-edicion-hope-de-vogue-4\/"},"wordCount":567,"commentCount":0,"image":{"@id":"https:\/\/wordpress2.hdnweb.com\/2020\/08\/03\/conde-nast-anuncia-la-primera-colaboracion-global-de-este-tipo-la-edicion-hope-de-vogue-4\/#primaryimage"},"thumbnailUrl":"https:\/\/wordpress2.hdnweb.com\/wp-content\/uploads\/2020\/05\/14244_1_76508.jpg","articleSection":["Luis jimenez"],"inLanguage":"en-US"},{"@type":"WebPage","@id":"https:\/\/wordpress2.hdnweb.com\/en\/2020\/08\/03\/conde-nast-anuncia-la-primera-colaboracion-global-de-este-tipo-la-edicion-hope-de-vogue-4\/","url":"https:\/\/wordpress2.hdnweb.com\/en\/2020\/08\/03\/conde-nast-anuncia-la-primera-colaboracion-global-de-este-tipo-la-edicion-hope-de-vogue-4\/","name":"Cond\u00e9 Nast anuncia la primera colaboraci\u00f3n global de este tipo: La Edici\u00f3n 'Hope' de Vogue - Multisitio 2","isPartOf":{"@id":"https:\/\/wordpress2.hdnweb.com\/en\/#website"},"primaryImageOfPage":{"@id":"https:\/\/wordpress2.hdnweb.com\/en\/2020\/08\/03\/conde-nast-anuncia-la-primera-colaboracion-global-de-este-tipo-la-edicion-hope-de-vogue-4\/#primaryimage"},"image":{"@id":"https:\/\/wordpress2.hdnweb.com\/2020\/08\/03\/conde-nast-anuncia-la-primera-colaboracion-global-de-este-tipo-la-edicion-hope-de-vogue-4\/#primaryimage"},"thumbnailUrl":"https:\/\/wordpress2.hdnweb.com\/wp-content\/uploads\/2020\/05\/14244_1_76508.jpg","datePublished":"2020-08-03T11:32:00+00:00","author":{"@id":"https:\/\/wordpress2.hdnweb.com\/#\/schema\/person\/c112e8e970f2cfc8553cdb5392b493ad"},"breadcrumb":{"@id":"https:\/\/wordpress2.hdnweb.com\/en\/2020\/08\/03\/conde-nast-anuncia-la-primera-colaboracion-global-de-este-tipo-la-edicion-hope-de-vogue-4\/#breadcrumb"},"inLanguage":"en-US","potentialAction":[{"@type":"ReadAction","target":[["https:\/\/wordpress2.hdnweb.com\/en\/2020\/08\/03\/conde-nast-anuncia-la-primera-colaboracion-global-de-este-tipo-la-edicion-hope-de-vogue-4\/"]]}]},{"@type":"ImageObject","inLanguage":"en-US","@id":"https:\/\/wordpress2.hdnweb.com\/en\/2020\/08\/03\/conde-nast-anuncia-la-primera-colaboracion-global-de-este-tipo-la-edicion-hope-de-vogue-4\/#primaryimage","url":"https:\/\/wordpress2.hdnweb.com\/wp-content\/uploads\/2020\/05\/14244_1_76508.jpg","contentUrl":"https:\/\/wordpress2.hdnweb.com\/wp-content\/uploads\/2020\/05\/14244_1_76508.jpg","width":600,"height":750,"caption":"Fotograf&iacute;a por Stefan Ruiz para Vogue M&eacute;xico"},{"@type":"BreadcrumbList","@id":"https:\/\/wordpress2.hdnweb.com\/en\/2020\/08\/03\/conde-nast-anuncia-la-primera-colaboracion-global-de-este-tipo-la-edicion-hope-de-vogue-4\/#breadcrumb","itemListElement":[{"@type":"ListItem","position":1,"name":"Portada","item":"https:\/\/wordpress2.hdnweb.com\/en\/"},{"@type":"ListItem","position":2,"name":"Cond\u00e9 Nast anuncia la primera colaboraci\u00f3n global de este tipo: La Edici\u00f3n &#8216;Hope&#8217; de Vogue"}]},{"@type":"WebSite","@id":"https:\/\/wordpress2.hdnweb.com\/en\/#website","url":"https:\/\/wordpress2.hdnweb.com\/en\/","name":"Multisitio 2","description":"","potentialAction":[{"@type":"SearchAction","target":{"@type":"EntryPoint","urlTemplate":"https:\/\/wordpress2.hdnweb.com\/en\/?s={search_term_string}"},"query-input":{"@type":"PropertyValueSpecification","valueRequired":true,"valueName":"search_term_string"}}],"inLanguage":"en-US"},{"@type":"Person","@id":"https:\/\/wordpress2.hdnweb.com\/#\/schema\/person\/c112e8e970f2cfc8553cdb5392b493ad","name":"venred","image":{"@type":"ImageObject","inLanguage":"en-US","@id":"https:\/\/secure.gravatar.com\/avatar\/2b023a883433f83ad0a3036a7ba60d3133c4e0619f3bca6230ba8c7521b6dec8?s=96&d=mm&r=g","url":"https:\/\/secure.gravatar.com\/avatar\/2b023a883433f83ad0a3036a7ba60d3133c4e0619f3bca6230ba8c7521b6dec8?s=96&d=mm&r=g","contentUrl":"https:\/\/secure.gravatar.com\/avatar\/2b023a883433f83ad0a3036a7ba60d3133c4e0619f3bca6230ba8c7521b6dec8?s=96&d=mm&r=g","caption":"venred"},"url":"https:\/\/wordpress2.hdnweb.com\/en\/author\/venred\/"}]}},"_links":{"self":[{"href":"https:\/\/wordpress2.hdnweb.com\/en\/wp-json\/wp\/v2\/posts\/14244","targetHints":{"allow":["GET"]}}],"collection":[{"href":"https:\/\/wordpress2.hdnweb.com\/en\/wp-json\/wp\/v2\/posts"}],"about":[{"href":"https:\/\/wordpress2.hdnweb.com\/en\/wp-json\/wp\/v2\/types\/post"}],"author":[{"embeddable":true,"href":"https:\/\/wordpress2.hdnweb.com\/en\/wp-json\/wp\/v2\/users\/1"}],"replies":[{"embeddable":true,"href":"https:\/\/wordpress2.hdnweb.com\/en\/wp-json\/wp\/v2\/comments?post=14244"}],"version-history":[{"count":0,"href":"https:\/\/wordpress2.hdnweb.com\/en\/wp-json\/wp\/v2\/posts\/14244\/revisions"}],"wp:featuredmedia":[{"embeddable":true,"href":"https:\/\/wordpress2.hdnweb.com\/en\/wp-json\/wp\/v2\/media\/14245"}],"wp:attachment":[{"href":"https:\/\/wordpress2.hdnweb.com\/en\/wp-json\/wp\/v2\/media?parent=14244"}],"wp:term":[{"taxonomy":"category","embeddable":true,"href":"https:\/\/wordpress2.hdnweb.com\/en\/wp-json\/wp\/v2\/categories?post=14244"},{"taxonomy":"post_tag","embeddable":true,"href":"https:\/\/wordpress2.hdnweb.com\/en\/wp-json\/wp\/v2\/tags?post=14244"}],"curies":[{"name":"wp","href":"https:\/\/api.w.org\/{rel}","templated":true}]}}