{"id":14317,"date":"2020-07-30T16:56:00","date_gmt":"2020-07-30T16:56:00","guid":{"rendered":"https:\/\/wordpress2.hdnweb.com\/2020\/07\/30\/el-tlx-2021-hace-su-presentacion-en-carreras-en-pikes-peak-hill-climb-el-tlx-type-s-prototipo-actua-como-auto-de-seguridad-oficial-4\/"},"modified":"2020-07-30T16:56:00","modified_gmt":"2020-07-30T16:56:00","slug":"el-tlx-2021-hace-su-presentacion-en-carreras-en-pikes-peak-hill-climb-el-tlx-type-s-prototipo-actua-como-auto-de-seguridad-oficial-4","status":"publish","type":"post","link":"https:\/\/wordpress2.hdnweb.com\/en\/2020\/07\/30\/el-tlx-2021-hace-su-presentacion-en-carreras-en-pikes-peak-hill-climb-el-tlx-type-s-prototipo-actua-como-auto-de-seguridad-oficial-4\/","title":{"rendered":"(Espa\u00f1ol) El TLX 2021 hace su presentaci\u00f3n en carreras en Pikes Peak Hill Climb; el TLX Type S Prototipo act\u00faa como auto de seguridad oficial"},"content":{"rendered":"<p class=\"qtranxs-available-languages-message qtranxs-available-languages-message-en\">Sorry, this entry is only available in <a href=\"https:\/\/wordpress2.hdnweb.com\/es\/wp-json\/wp\/v2\/posts\/14317\" class=\"qtranxs-available-language-link qtranxs-available-language-link-es\" title=\"Espa\u00f1ol\">Espa\u00f1ol<\/a>.<\/p>","protected":false},"excerpt":{"rendered":"<p class=\"qtranxs-available-languages-message qtranxs-available-languages-message-en\">Sorry, this entry is only available in <a href=\"https:\/\/wordpress2.hdnweb.com\/es\/wp-json\/wp\/v2\/posts\/14317\" class=\"qtranxs-available-language-link qtranxs-available-language-link-es\" title=\"Espa\u00f1ol\">Espa\u00f1ol<\/a>.<\/p>\n","protected":false},"author":1,"featured_media":14318,"comment_status":"open","ping_status":"open","sticky":false,"template":"","format":"standard","meta":{"_acf_changed":false,"_monsterinsights_skip_tracking":false,"_monsterinsights_sitenote_active":false,"_monsterinsights_sitenote_note":"","_monsterinsights_sitenote_category":0,"footnotes":""},"categories":[11],"tags":[],"class_list":["post-14317","post","type-post","status-publish","format-standard","has-post-thumbnail","hentry","category-marcos-bureau"],"acf":[],"yoast_head":"<!-- This site is optimized with the Yoast SEO plugin v27.5 - https:\/\/yoast.com\/product\/yoast-seo-wordpress\/ -->\n<title>El TLX 2021 hace su presentaci\u00f3n en carreras en Pikes Peak Hill Climb; el TLX Type S Prototipo act\u00faa como auto de seguridad oficial - Multisitio 2<\/title>\n<meta name=\"robots\" content=\"index, follow, max-snippet:-1, max-image-preview:large, max-video-preview:-1\" \/>\n<link rel=\"canonical\" href=\"https:\/\/wordpress2.hdnweb.com\/en\/2020\/07\/30\/el-tlx-2021-hace-su-presentacion-en-carreras-en-pikes-peak-hill-climb-el-tlx-type-s-prototipo-actua-como-auto-de-seguridad-oficial-4\/\" \/>\n<meta property=\"og:locale\" content=\"en_US\" \/>\n<meta property=\"og:type\" content=\"article\" \/>\n<meta property=\"og:title\" content=\"El TLX 2021 hace su presentaci\u00f3n en carreras en Pikes Peak Hill Climb; el TLX Type S Prototipo act\u00faa como auto de seguridad oficial - Multisitio 2\" \/>\n<meta property=\"og:description\" content=\"TORRANCE, California, 30 de julio de 2020 \/PRNewswire-HISPANIC PR WIRE\/ -- Pikes Peak International Hill Climb 2020 marca la presentaci\u00f3n oficial en carrera del TLX 2021 totalmente reimaginado, que saldr\u00e1 a la venta este oto\u00f1o. Acura competir\u00e1 en la 98.\u00aa edici\u00f3n de la &quot;Carrera hacia las Nubes&quot;, que se realizar\u00e1 el 30 de agosto, con dos TLX de segunda generaci\u00f3n preparados para carrera, propulsados por versiones modificadas del motor turboalimentado de producci\u00f3n de 2.0 litros, junto con un superauto NSX &quot;Time Attack&quot;....\" \/>\n<meta property=\"og:url\" content=\"https:\/\/wordpress2.hdnweb.com\/en\/2020\/07\/30\/el-tlx-2021-hace-su-presentacion-en-carreras-en-pikes-peak-hill-climb-el-tlx-type-s-prototipo-actua-como-auto-de-seguridad-oficial-4\/\" \/>\n<meta property=\"og:site_name\" content=\"Multisitio 2\" \/>\n<meta property=\"article:published_time\" content=\"2020-07-30T16:56:00+00:00\" \/>\n<meta property=\"og:image\" content=\"https:\/\/wordpress2.hdnweb.com\/wp-content\/uploads\/2020\/05\/14317_1_19579.jpg\" \/>\n\t<meta property=\"og:image:width\" content=\"2000\" \/>\n\t<meta property=\"og:image:height\" content=\"1333\" \/>\n\t<meta property=\"og:image:type\" content=\"image\/jpeg\" \/>\n<meta name=\"author\" content=\"venred\" \/>\n<meta name=\"twitter:card\" content=\"summary_large_image\" \/>\n<meta name=\"twitter:label1\" content=\"Written by\" \/>\n\t<meta name=\"twitter:data1\" content=\"venred\" \/>\n\t<meta name=\"twitter:label2\" content=\"Est. reading time\" \/>\n\t<meta name=\"twitter:data2\" content=\"7 minutes\" \/>\n<script type=\"application\/ld+json\" class=\"yoast-schema-graph\">{\"@context\":\"https:\\\/\\\/schema.org\",\"@graph\":[{\"@type\":\"Article\",\"@id\":\"https:\\\/\\\/wordpress2.hdnweb.com\\\/2020\\\/07\\\/30\\\/el-tlx-2021-hace-su-presentacion-en-carreras-en-pikes-peak-hill-climb-el-tlx-type-s-prototipo-actua-como-auto-de-seguridad-oficial-4\\\/#article\",\"isPartOf\":{\"@id\":\"https:\\\/\\\/wordpress2.hdnweb.com\\\/2020\\\/07\\\/30\\\/el-tlx-2021-hace-su-presentacion-en-carreras-en-pikes-peak-hill-climb-el-tlx-type-s-prototipo-actua-como-auto-de-seguridad-oficial-4\\\/\"},\"author\":{\"name\":\"venred\",\"@id\":\"https:\\\/\\\/wordpress2.hdnweb.com\\\/#\\\/schema\\\/person\\\/c112e8e970f2cfc8553cdb5392b493ad\"},\"headline\":\"(Espa\u00f1ol) El TLX 2021 hace su presentaci\u00f3n en carreras en Pikes Peak Hill Climb; el TLX Type S Prototipo act\u00faa como auto de seguridad oficial\",\"datePublished\":\"2020-07-30T16:56:00+00:00\",\"mainEntityOfPage\":{\"@id\":\"https:\\\/\\\/wordpress2.hdnweb.com\\\/2020\\\/07\\\/30\\\/el-tlx-2021-hace-su-presentacion-en-carreras-en-pikes-peak-hill-climb-el-tlx-type-s-prototipo-actua-como-auto-de-seguridad-oficial-4\\\/\"},\"wordCount\":1469,\"commentCount\":0,\"image\":{\"@id\":\"https:\\\/\\\/wordpress2.hdnweb.com\\\/2020\\\/07\\\/30\\\/el-tlx-2021-hace-su-presentacion-en-carreras-en-pikes-peak-hill-climb-el-tlx-type-s-prototipo-actua-como-auto-de-seguridad-oficial-4\\\/#primaryimage\"},\"thumbnailUrl\":\"https:\\\/\\\/wordpress2.hdnweb.com\\\/wp-content\\\/uploads\\\/2020\\\/05\\\/14317_1_19579.jpg\",\"articleSection\":[\"Marcos Bureau\"],\"inLanguage\":\"en-US\"},{\"@type\":\"WebPage\",\"@id\":\"https:\\\/\\\/wordpress2.hdnweb.com\\\/en\\\/2020\\\/07\\\/30\\\/el-tlx-2021-hace-su-presentacion-en-carreras-en-pikes-peak-hill-climb-el-tlx-type-s-prototipo-actua-como-auto-de-seguridad-oficial-4\\\/\",\"url\":\"https:\\\/\\\/wordpress2.hdnweb.com\\\/en\\\/2020\\\/07\\\/30\\\/el-tlx-2021-hace-su-presentacion-en-carreras-en-pikes-peak-hill-climb-el-tlx-type-s-prototipo-actua-como-auto-de-seguridad-oficial-4\\\/\",\"name\":\"El TLX 2021 hace su presentaci\u00f3n en carreras en Pikes Peak Hill Climb; el TLX Type S Prototipo act\u00faa como auto de seguridad oficial - Multisitio 2\",\"isPartOf\":{\"@id\":\"https:\\\/\\\/wordpress2.hdnweb.com\\\/en\\\/#website\"},\"primaryImageOfPage\":{\"@id\":\"https:\\\/\\\/wordpress2.hdnweb.com\\\/en\\\/2020\\\/07\\\/30\\\/el-tlx-2021-hace-su-presentacion-en-carreras-en-pikes-peak-hill-climb-el-tlx-type-s-prototipo-actua-como-auto-de-seguridad-oficial-4\\\/#primaryimage\"},\"image\":{\"@id\":\"https:\\\/\\\/wordpress2.hdnweb.com\\\/2020\\\/07\\\/30\\\/el-tlx-2021-hace-su-presentacion-en-carreras-en-pikes-peak-hill-climb-el-tlx-type-s-prototipo-actua-como-auto-de-seguridad-oficial-4\\\/#primaryimage\"},\"thumbnailUrl\":\"https:\\\/\\\/wordpress2.hdnweb.com\\\/wp-content\\\/uploads\\\/2020\\\/05\\\/14317_1_19579.jpg\",\"datePublished\":\"2020-07-30T16:56:00+00:00\",\"author\":{\"@id\":\"https:\\\/\\\/wordpress2.hdnweb.com\\\/#\\\/schema\\\/person\\\/c112e8e970f2cfc8553cdb5392b493ad\"},\"breadcrumb\":{\"@id\":\"https:\\\/\\\/wordpress2.hdnweb.com\\\/en\\\/2020\\\/07\\\/30\\\/el-tlx-2021-hace-su-presentacion-en-carreras-en-pikes-peak-hill-climb-el-tlx-type-s-prototipo-actua-como-auto-de-seguridad-oficial-4\\\/#breadcrumb\"},\"inLanguage\":\"en-US\",\"potentialAction\":[{\"@type\":\"ReadAction\",\"target\":[[\"https:\\\/\\\/wordpress2.hdnweb.com\\\/en\\\/2020\\\/07\\\/30\\\/el-tlx-2021-hace-su-presentacion-en-carreras-en-pikes-peak-hill-climb-el-tlx-type-s-prototipo-actua-como-auto-de-seguridad-oficial-4\\\/\"]]}]},{\"@type\":\"ImageObject\",\"inLanguage\":\"en-US\",\"@id\":\"https:\\\/\\\/wordpress2.hdnweb.com\\\/en\\\/2020\\\/07\\\/30\\\/el-tlx-2021-hace-su-presentacion-en-carreras-en-pikes-peak-hill-climb-el-tlx-type-s-prototipo-actua-como-auto-de-seguridad-oficial-4\\\/#primaryimage\",\"url\":\"https:\\\/\\\/wordpress2.hdnweb.com\\\/wp-content\\\/uploads\\\/2020\\\/05\\\/14317_1_19579.jpg\",\"contentUrl\":\"https:\\\/\\\/wordpress2.hdnweb.com\\\/wp-content\\\/uploads\\\/2020\\\/05\\\/14317_1_19579.jpg\",\"width\":2000,\"height\":1333,\"caption\":\"2021 TLX to Make Racing Debut at Pikes Peak Hill Climb\"},{\"@type\":\"BreadcrumbList\",\"@id\":\"https:\\\/\\\/wordpress2.hdnweb.com\\\/en\\\/2020\\\/07\\\/30\\\/el-tlx-2021-hace-su-presentacion-en-carreras-en-pikes-peak-hill-climb-el-tlx-type-s-prototipo-actua-como-auto-de-seguridad-oficial-4\\\/#breadcrumb\",\"itemListElement\":[{\"@type\":\"ListItem\",\"position\":1,\"name\":\"Portada\",\"item\":\"https:\\\/\\\/wordpress2.hdnweb.com\\\/en\\\/\"},{\"@type\":\"ListItem\",\"position\":2,\"name\":\"El TLX 2021 hace su presentaci\u00f3n en carreras en Pikes Peak Hill Climb; el TLX Type S Prototipo act\u00faa como auto de seguridad oficial\"}]},{\"@type\":\"WebSite\",\"@id\":\"https:\\\/\\\/wordpress2.hdnweb.com\\\/en\\\/#website\",\"url\":\"https:\\\/\\\/wordpress2.hdnweb.com\\\/en\\\/\",\"name\":\"Multisitio 2\",\"description\":\"\",\"potentialAction\":[{\"@type\":\"SearchAction\",\"target\":{\"@type\":\"EntryPoint\",\"urlTemplate\":\"https:\\\/\\\/wordpress2.hdnweb.com\\\/en\\\/?s={search_term_string}\"},\"query-input\":{\"@type\":\"PropertyValueSpecification\",\"valueRequired\":true,\"valueName\":\"search_term_string\"}}],\"inLanguage\":\"en-US\"},{\"@type\":\"Person\",\"@id\":\"https:\\\/\\\/wordpress2.hdnweb.com\\\/#\\\/schema\\\/person\\\/c112e8e970f2cfc8553cdb5392b493ad\",\"name\":\"venred\",\"image\":{\"@type\":\"ImageObject\",\"inLanguage\":\"en-US\",\"@id\":\"https:\\\/\\\/secure.gravatar.com\\\/avatar\\\/2b023a883433f83ad0a3036a7ba60d3133c4e0619f3bca6230ba8c7521b6dec8?s=96&d=mm&r=g\",\"url\":\"https:\\\/\\\/secure.gravatar.com\\\/avatar\\\/2b023a883433f83ad0a3036a7ba60d3133c4e0619f3bca6230ba8c7521b6dec8?s=96&d=mm&r=g\",\"contentUrl\":\"https:\\\/\\\/secure.gravatar.com\\\/avatar\\\/2b023a883433f83ad0a3036a7ba60d3133c4e0619f3bca6230ba8c7521b6dec8?s=96&d=mm&r=g\",\"caption\":\"venred\"},\"url\":\"https:\\\/\\\/wordpress2.hdnweb.com\\\/en\\\/author\\\/venred\\\/\"}]}<\/script>\n<!-- \/ Yoast SEO plugin. -->","yoast_head_json":{"title":"El TLX 2021 hace su presentaci\u00f3n en carreras en Pikes Peak Hill Climb; el TLX Type S Prototipo act\u00faa como auto de seguridad oficial - Multisitio 2","robots":{"index":"index","follow":"follow","max-snippet":"max-snippet:-1","max-image-preview":"max-image-preview:large","max-video-preview":"max-video-preview:-1"},"canonical":"https:\/\/wordpress2.hdnweb.com\/en\/2020\/07\/30\/el-tlx-2021-hace-su-presentacion-en-carreras-en-pikes-peak-hill-climb-el-tlx-type-s-prototipo-actua-como-auto-de-seguridad-oficial-4\/","og_locale":"en_US","og_type":"article","og_title":"El TLX 2021 hace su presentaci\u00f3n en carreras en Pikes Peak Hill Climb; el TLX Type S Prototipo act\u00faa como auto de seguridad oficial - Multisitio 2","og_description":"TORRANCE, California, 30 de julio de 2020 \/PRNewswire-HISPANIC PR WIRE\/ -- Pikes Peak International Hill Climb 2020 marca la presentaci\u00f3n oficial en carrera del TLX 2021 totalmente reimaginado, que saldr\u00e1 a la venta este oto\u00f1o. Acura competir\u00e1 en la 98.\u00aa edici\u00f3n de la \"Carrera hacia las Nubes\", que se realizar\u00e1 el 30 de agosto, con dos TLX de segunda generaci\u00f3n preparados para carrera, propulsados por versiones modificadas del motor turboalimentado de producci\u00f3n de 2.0 litros, junto con un superauto NSX \"Time Attack\"....","og_url":"https:\/\/wordpress2.hdnweb.com\/en\/2020\/07\/30\/el-tlx-2021-hace-su-presentacion-en-carreras-en-pikes-peak-hill-climb-el-tlx-type-s-prototipo-actua-como-auto-de-seguridad-oficial-4\/","og_site_name":"Multisitio 2","article_published_time":"2020-07-30T16:56:00+00:00","og_image":[{"width":2000,"height":1333,"url":"https:\/\/wordpress2.hdnweb.com\/wp-content\/uploads\/2020\/05\/14317_1_19579.jpg","type":"image\/jpeg"}],"author":"venred","twitter_card":"summary_large_image","twitter_misc":{"Written by":"venred","Est. reading time":"7 minutes"},"schema":{"@context":"https:\/\/schema.org","@graph":[{"@type":"Article","@id":"https:\/\/wordpress2.hdnweb.com\/2020\/07\/30\/el-tlx-2021-hace-su-presentacion-en-carreras-en-pikes-peak-hill-climb-el-tlx-type-s-prototipo-actua-como-auto-de-seguridad-oficial-4\/#article","isPartOf":{"@id":"https:\/\/wordpress2.hdnweb.com\/2020\/07\/30\/el-tlx-2021-hace-su-presentacion-en-carreras-en-pikes-peak-hill-climb-el-tlx-type-s-prototipo-actua-como-auto-de-seguridad-oficial-4\/"},"author":{"name":"venred","@id":"https:\/\/wordpress2.hdnweb.com\/#\/schema\/person\/c112e8e970f2cfc8553cdb5392b493ad"},"headline":"(Espa\u00f1ol) El TLX 2021 hace su presentaci\u00f3n en carreras en Pikes Peak Hill Climb; el TLX Type S Prototipo act\u00faa como auto de seguridad oficial","datePublished":"2020-07-30T16:56:00+00:00","mainEntityOfPage":{"@id":"https:\/\/wordpress2.hdnweb.com\/2020\/07\/30\/el-tlx-2021-hace-su-presentacion-en-carreras-en-pikes-peak-hill-climb-el-tlx-type-s-prototipo-actua-como-auto-de-seguridad-oficial-4\/"},"wordCount":1469,"commentCount":0,"image":{"@id":"https:\/\/wordpress2.hdnweb.com\/2020\/07\/30\/el-tlx-2021-hace-su-presentacion-en-carreras-en-pikes-peak-hill-climb-el-tlx-type-s-prototipo-actua-como-auto-de-seguridad-oficial-4\/#primaryimage"},"thumbnailUrl":"https:\/\/wordpress2.hdnweb.com\/wp-content\/uploads\/2020\/05\/14317_1_19579.jpg","articleSection":["Marcos Bureau"],"inLanguage":"en-US"},{"@type":"WebPage","@id":"https:\/\/wordpress2.hdnweb.com\/en\/2020\/07\/30\/el-tlx-2021-hace-su-presentacion-en-carreras-en-pikes-peak-hill-climb-el-tlx-type-s-prototipo-actua-como-auto-de-seguridad-oficial-4\/","url":"https:\/\/wordpress2.hdnweb.com\/en\/2020\/07\/30\/el-tlx-2021-hace-su-presentacion-en-carreras-en-pikes-peak-hill-climb-el-tlx-type-s-prototipo-actua-como-auto-de-seguridad-oficial-4\/","name":"El TLX 2021 hace su presentaci\u00f3n en carreras en Pikes Peak Hill Climb; el TLX Type S Prototipo act\u00faa como auto de seguridad oficial - Multisitio 2","isPartOf":{"@id":"https:\/\/wordpress2.hdnweb.com\/en\/#website"},"primaryImageOfPage":{"@id":"https:\/\/wordpress2.hdnweb.com\/en\/2020\/07\/30\/el-tlx-2021-hace-su-presentacion-en-carreras-en-pikes-peak-hill-climb-el-tlx-type-s-prototipo-actua-como-auto-de-seguridad-oficial-4\/#primaryimage"},"image":{"@id":"https:\/\/wordpress2.hdnweb.com\/2020\/07\/30\/el-tlx-2021-hace-su-presentacion-en-carreras-en-pikes-peak-hill-climb-el-tlx-type-s-prototipo-actua-como-auto-de-seguridad-oficial-4\/#primaryimage"},"thumbnailUrl":"https:\/\/wordpress2.hdnweb.com\/wp-content\/uploads\/2020\/05\/14317_1_19579.jpg","datePublished":"2020-07-30T16:56:00+00:00","author":{"@id":"https:\/\/wordpress2.hdnweb.com\/#\/schema\/person\/c112e8e970f2cfc8553cdb5392b493ad"},"breadcrumb":{"@id":"https:\/\/wordpress2.hdnweb.com\/en\/2020\/07\/30\/el-tlx-2021-hace-su-presentacion-en-carreras-en-pikes-peak-hill-climb-el-tlx-type-s-prototipo-actua-como-auto-de-seguridad-oficial-4\/#breadcrumb"},"inLanguage":"en-US","potentialAction":[{"@type":"ReadAction","target":[["https:\/\/wordpress2.hdnweb.com\/en\/2020\/07\/30\/el-tlx-2021-hace-su-presentacion-en-carreras-en-pikes-peak-hill-climb-el-tlx-type-s-prototipo-actua-como-auto-de-seguridad-oficial-4\/"]]}]},{"@type":"ImageObject","inLanguage":"en-US","@id":"https:\/\/wordpress2.hdnweb.com\/en\/2020\/07\/30\/el-tlx-2021-hace-su-presentacion-en-carreras-en-pikes-peak-hill-climb-el-tlx-type-s-prototipo-actua-como-auto-de-seguridad-oficial-4\/#primaryimage","url":"https:\/\/wordpress2.hdnweb.com\/wp-content\/uploads\/2020\/05\/14317_1_19579.jpg","contentUrl":"https:\/\/wordpress2.hdnweb.com\/wp-content\/uploads\/2020\/05\/14317_1_19579.jpg","width":2000,"height":1333,"caption":"2021 TLX to Make Racing Debut at Pikes Peak Hill Climb"},{"@type":"BreadcrumbList","@id":"https:\/\/wordpress2.hdnweb.com\/en\/2020\/07\/30\/el-tlx-2021-hace-su-presentacion-en-carreras-en-pikes-peak-hill-climb-el-tlx-type-s-prototipo-actua-como-auto-de-seguridad-oficial-4\/#breadcrumb","itemListElement":[{"@type":"ListItem","position":1,"name":"Portada","item":"https:\/\/wordpress2.hdnweb.com\/en\/"},{"@type":"ListItem","position":2,"name":"El TLX 2021 hace su presentaci\u00f3n en carreras en Pikes Peak Hill Climb; el TLX Type S Prototipo act\u00faa como auto de seguridad oficial"}]},{"@type":"WebSite","@id":"https:\/\/wordpress2.hdnweb.com\/en\/#website","url":"https:\/\/wordpress2.hdnweb.com\/en\/","name":"Multisitio 2","description":"","potentialAction":[{"@type":"SearchAction","target":{"@type":"EntryPoint","urlTemplate":"https:\/\/wordpress2.hdnweb.com\/en\/?s={search_term_string}"},"query-input":{"@type":"PropertyValueSpecification","valueRequired":true,"valueName":"search_term_string"}}],"inLanguage":"en-US"},{"@type":"Person","@id":"https:\/\/wordpress2.hdnweb.com\/#\/schema\/person\/c112e8e970f2cfc8553cdb5392b493ad","name":"venred","image":{"@type":"ImageObject","inLanguage":"en-US","@id":"https:\/\/secure.gravatar.com\/avatar\/2b023a883433f83ad0a3036a7ba60d3133c4e0619f3bca6230ba8c7521b6dec8?s=96&d=mm&r=g","url":"https:\/\/secure.gravatar.com\/avatar\/2b023a883433f83ad0a3036a7ba60d3133c4e0619f3bca6230ba8c7521b6dec8?s=96&d=mm&r=g","contentUrl":"https:\/\/secure.gravatar.com\/avatar\/2b023a883433f83ad0a3036a7ba60d3133c4e0619f3bca6230ba8c7521b6dec8?s=96&d=mm&r=g","caption":"venred"},"url":"https:\/\/wordpress2.hdnweb.com\/en\/author\/venred\/"}]}},"_links":{"self":[{"href":"https:\/\/wordpress2.hdnweb.com\/en\/wp-json\/wp\/v2\/posts\/14317","targetHints":{"allow":["GET"]}}],"collection":[{"href":"https:\/\/wordpress2.hdnweb.com\/en\/wp-json\/wp\/v2\/posts"}],"about":[{"href":"https:\/\/wordpress2.hdnweb.com\/en\/wp-json\/wp\/v2\/types\/post"}],"author":[{"embeddable":true,"href":"https:\/\/wordpress2.hdnweb.com\/en\/wp-json\/wp\/v2\/users\/1"}],"replies":[{"embeddable":true,"href":"https:\/\/wordpress2.hdnweb.com\/en\/wp-json\/wp\/v2\/comments?post=14317"}],"version-history":[{"count":0,"href":"https:\/\/wordpress2.hdnweb.com\/en\/wp-json\/wp\/v2\/posts\/14317\/revisions"}],"wp:featuredmedia":[{"embeddable":true,"href":"https:\/\/wordpress2.hdnweb.com\/en\/wp-json\/wp\/v2\/media\/14318"}],"wp:attachment":[{"href":"https:\/\/wordpress2.hdnweb.com\/en\/wp-json\/wp\/v2\/media?parent=14317"}],"wp:term":[{"taxonomy":"category","embeddable":true,"href":"https:\/\/wordpress2.hdnweb.com\/en\/wp-json\/wp\/v2\/categories?post=14317"},{"taxonomy":"post_tag","embeddable":true,"href":"https:\/\/wordpress2.hdnweb.com\/en\/wp-json\/wp\/v2\/tags?post=14317"}],"curies":[{"name":"wp","href":"https:\/\/api.w.org\/{rel}","templated":true}]}}