{"id":15626,"date":"2020-07-22T13:55:00","date_gmt":"2020-07-22T13:55:00","guid":{"rendered":"https:\/\/wordpress2.hdnweb.com\/2020\/07\/22\/mazda-reanudara-la-plena-operacion-de-sus-fabricas-en-todo-el-mundo-en-agosto-debido-a-las-fuertes-ventas-y-demanda-de-ee-uu-6\/"},"modified":"2020-07-22T13:55:00","modified_gmt":"2020-07-22T13:55:00","slug":"mazda-reanudara-la-plena-operacion-de-sus-fabricas-en-todo-el-mundo-en-agosto-debido-a-las-fuertes-ventas-y-demanda-de-ee-uu-6","status":"publish","type":"post","link":"https:\/\/wordpress2.hdnweb.com\/en\/2020\/07\/22\/mazda-reanudara-la-plena-operacion-de-sus-fabricas-en-todo-el-mundo-en-agosto-debido-a-las-fuertes-ventas-y-demanda-de-ee-uu-6\/","title":{"rendered":"(Espa\u00f1ol) Mazda reanudar\u00e1 la plena operaci\u00f3n de sus f\u00e1bricas en todo el mundo en agosto, debido a las fuertes ventas y demanda de EE.UU."},"content":{"rendered":"<p class=\"qtranxs-available-languages-message qtranxs-available-languages-message-en\">Sorry, this entry is only available in <a href=\"https:\/\/wordpress2.hdnweb.com\/es\/wp-json\/wp\/v2\/posts\/15626\" class=\"qtranxs-available-language-link qtranxs-available-language-link-es\" title=\"Espa\u00f1ol\">Espa\u00f1ol<\/a>.<\/p>","protected":false},"excerpt":{"rendered":"<p class=\"qtranxs-available-languages-message qtranxs-available-languages-message-en\">Sorry, this entry is only available in <a href=\"https:\/\/wordpress2.hdnweb.com\/es\/wp-json\/wp\/v2\/posts\/15626\" class=\"qtranxs-available-language-link qtranxs-available-language-link-es\" title=\"Espa\u00f1ol\">Espa\u00f1ol<\/a>.<\/p>\n","protected":false},"author":1,"featured_media":15630,"comment_status":"open","ping_status":"open","sticky":false,"template":"","format":"standard","meta":{"_acf_changed":false,"_monsterinsights_skip_tracking":false,"_monsterinsights_sitenote_active":false,"_monsterinsights_sitenote_note":"","_monsterinsights_sitenote_category":0,"footnotes":""},"categories":[21],"tags":[],"class_list":["post-15626","post","type-post","status-publish","format-standard","has-post-thumbnail","hentry","category-juan-carlos-maimone"],"acf":[],"yoast_head":"<!-- This site is optimized with the Yoast SEO plugin v27.5 - https:\/\/yoast.com\/product\/yoast-seo-wordpress\/ -->\n<title>Mazda reanudar\u00e1 la plena operaci\u00f3n de sus f\u00e1bricas en todo el mundo en agosto, debido a las fuertes ventas y demanda de EE.UU. - Multisitio 2<\/title>\n<meta name=\"robots\" content=\"index, follow, max-snippet:-1, max-image-preview:large, max-video-preview:-1\" \/>\n<link rel=\"canonical\" href=\"https:\/\/wordpress2.hdnweb.com\/en\/2020\/07\/22\/mazda-reanudara-la-plena-operacion-de-sus-fabricas-en-todo-el-mundo-en-agosto-debido-a-las-fuertes-ventas-y-demanda-de-ee-uu-6\/\" \/>\n<meta property=\"og:locale\" content=\"en_US\" \/>\n<meta property=\"og:type\" content=\"article\" \/>\n<meta property=\"og:title\" content=\"Mazda reanudar\u00e1 la plena operaci\u00f3n de sus f\u00e1bricas en todo el mundo en agosto, debido a las fuertes ventas y demanda de EE.UU. - Multisitio 2\" \/>\n<meta property=\"og:description\" content=\"IRVINE, California, 22 de julio de 2020 \/PRNewswire-HISPANIC PR WIRE\/ -- A partir de agosto, Mazda Motor Corporation retornar\u00e1 a sus operaciones normales de f\u00e1brica, o a los niveles anteriores a la crisis del COVID-19, ante el aumento de las ventas y las previsiones sobre la demanda de productos en EE.UU. En junio, las operaciones de Mazda en Norteam\u00e9rica lograron un aumento de las ventas de casi el 11% con respecto al a\u00f1o anterior. En particular, el volumen de ventas de los roadster CX-9 y MX-5 de tres filas creci\u00f3 alrededor...\" \/>\n<meta property=\"og:url\" content=\"https:\/\/wordpress2.hdnweb.com\/en\/2020\/07\/22\/mazda-reanudara-la-plena-operacion-de-sus-fabricas-en-todo-el-mundo-en-agosto-debido-a-las-fuertes-ventas-y-demanda-de-ee-uu-6\/\" \/>\n<meta property=\"og:site_name\" content=\"Multisitio 2\" \/>\n<meta property=\"article:published_time\" content=\"2020-07-22T13:55:00+00:00\" \/>\n<meta property=\"og:image\" content=\"https:\/\/wordpress2.hdnweb.com\/wp-content\/uploads\/2020\/05\/15626_1_78940.jpg\" \/>\n\t<meta property=\"og:image:width\" content=\"2068\" \/>\n\t<meta property=\"og:image:height\" content=\"1892\" \/>\n\t<meta property=\"og:image:type\" content=\"image\/jpeg\" \/>\n<meta name=\"author\" content=\"venred\" \/>\n<meta name=\"twitter:card\" content=\"summary_large_image\" \/>\n<meta name=\"twitter:label1\" content=\"Written by\" \/>\n\t<meta name=\"twitter:data1\" content=\"venred\" \/>\n\t<meta name=\"twitter:label2\" content=\"Est. reading time\" \/>\n\t<meta name=\"twitter:data2\" content=\"2 minutes\" \/>\n<script type=\"application\/ld+json\" class=\"yoast-schema-graph\">{\"@context\":\"https:\\\/\\\/schema.org\",\"@graph\":[{\"@type\":\"Article\",\"@id\":\"https:\\\/\\\/wordpress2.hdnweb.com\\\/2020\\\/07\\\/22\\\/mazda-reanudara-la-plena-operacion-de-sus-fabricas-en-todo-el-mundo-en-agosto-debido-a-las-fuertes-ventas-y-demanda-de-ee-uu-6\\\/#article\",\"isPartOf\":{\"@id\":\"https:\\\/\\\/wordpress2.hdnweb.com\\\/2020\\\/07\\\/22\\\/mazda-reanudara-la-plena-operacion-de-sus-fabricas-en-todo-el-mundo-en-agosto-debido-a-las-fuertes-ventas-y-demanda-de-ee-uu-6\\\/\"},\"author\":{\"name\":\"venred\",\"@id\":\"https:\\\/\\\/wordpress2.hdnweb.com\\\/#\\\/schema\\\/person\\\/c112e8e970f2cfc8553cdb5392b493ad\"},\"headline\":\"(Espa\u00f1ol) Mazda reanudar\u00e1 la plena operaci\u00f3n de sus f\u00e1bricas en todo el mundo en agosto, debido a las fuertes ventas y demanda de EE.UU.\",\"datePublished\":\"2020-07-22T13:55:00+00:00\",\"mainEntityOfPage\":{\"@id\":\"https:\\\/\\\/wordpress2.hdnweb.com\\\/2020\\\/07\\\/22\\\/mazda-reanudara-la-plena-operacion-de-sus-fabricas-en-todo-el-mundo-en-agosto-debido-a-las-fuertes-ventas-y-demanda-de-ee-uu-6\\\/\"},\"wordCount\":368,\"commentCount\":0,\"image\":{\"@id\":\"https:\\\/\\\/wordpress2.hdnweb.com\\\/2020\\\/07\\\/22\\\/mazda-reanudara-la-plena-operacion-de-sus-fabricas-en-todo-el-mundo-en-agosto-debido-a-las-fuertes-ventas-y-demanda-de-ee-uu-6\\\/#primaryimage\"},\"thumbnailUrl\":\"https:\\\/\\\/wordpress2.hdnweb.com\\\/wp-content\\\/uploads\\\/2020\\\/05\\\/15626_1_78940.jpg\",\"articleSection\":[\"Juan Carlos Maimone\"],\"inLanguage\":\"en-US\"},{\"@type\":\"WebPage\",\"@id\":\"https:\\\/\\\/wordpress2.hdnweb.com\\\/en\\\/2020\\\/07\\\/22\\\/mazda-reanudara-la-plena-operacion-de-sus-fabricas-en-todo-el-mundo-en-agosto-debido-a-las-fuertes-ventas-y-demanda-de-ee-uu-6\\\/\",\"url\":\"https:\\\/\\\/wordpress2.hdnweb.com\\\/en\\\/2020\\\/07\\\/22\\\/mazda-reanudara-la-plena-operacion-de-sus-fabricas-en-todo-el-mundo-en-agosto-debido-a-las-fuertes-ventas-y-demanda-de-ee-uu-6\\\/\",\"name\":\"Mazda reanudar\u00e1 la plena operaci\u00f3n de sus f\u00e1bricas en todo el mundo en agosto, debido a las fuertes ventas y demanda de EE.UU. - Multisitio 2\",\"isPartOf\":{\"@id\":\"https:\\\/\\\/wordpress2.hdnweb.com\\\/en\\\/#website\"},\"primaryImageOfPage\":{\"@id\":\"https:\\\/\\\/wordpress2.hdnweb.com\\\/en\\\/2020\\\/07\\\/22\\\/mazda-reanudara-la-plena-operacion-de-sus-fabricas-en-todo-el-mundo-en-agosto-debido-a-las-fuertes-ventas-y-demanda-de-ee-uu-6\\\/#primaryimage\"},\"image\":{\"@id\":\"https:\\\/\\\/wordpress2.hdnweb.com\\\/2020\\\/07\\\/22\\\/mazda-reanudara-la-plena-operacion-de-sus-fabricas-en-todo-el-mundo-en-agosto-debido-a-las-fuertes-ventas-y-demanda-de-ee-uu-6\\\/#primaryimage\"},\"thumbnailUrl\":\"https:\\\/\\\/wordpress2.hdnweb.com\\\/wp-content\\\/uploads\\\/2020\\\/05\\\/15626_1_78940.jpg\",\"datePublished\":\"2020-07-22T13:55:00+00:00\",\"author\":{\"@id\":\"https:\\\/\\\/wordpress2.hdnweb.com\\\/#\\\/schema\\\/person\\\/c112e8e970f2cfc8553cdb5392b493ad\"},\"breadcrumb\":{\"@id\":\"https:\\\/\\\/wordpress2.hdnweb.com\\\/en\\\/2020\\\/07\\\/22\\\/mazda-reanudara-la-plena-operacion-de-sus-fabricas-en-todo-el-mundo-en-agosto-debido-a-las-fuertes-ventas-y-demanda-de-ee-uu-6\\\/#breadcrumb\"},\"inLanguage\":\"en-US\",\"potentialAction\":[{\"@type\":\"ReadAction\",\"target\":[[\"https:\\\/\\\/wordpress2.hdnweb.com\\\/en\\\/2020\\\/07\\\/22\\\/mazda-reanudara-la-plena-operacion-de-sus-fabricas-en-todo-el-mundo-en-agosto-debido-a-las-fuertes-ventas-y-demanda-de-ee-uu-6\\\/\"]]}]},{\"@type\":\"ImageObject\",\"inLanguage\":\"en-US\",\"@id\":\"https:\\\/\\\/wordpress2.hdnweb.com\\\/en\\\/2020\\\/07\\\/22\\\/mazda-reanudara-la-plena-operacion-de-sus-fabricas-en-todo-el-mundo-en-agosto-debido-a-las-fuertes-ventas-y-demanda-de-ee-uu-6\\\/#primaryimage\",\"url\":\"https:\\\/\\\/wordpress2.hdnweb.com\\\/wp-content\\\/uploads\\\/2020\\\/05\\\/15626_1_78940.jpg\",\"contentUrl\":\"https:\\\/\\\/wordpress2.hdnweb.com\\\/wp-content\\\/uploads\\\/2020\\\/05\\\/15626_1_78940.jpg\",\"width\":2068,\"height\":1892,\"caption\":\"Mazda North American Operations is headquartered in Irvine, Calif., and oversees the sales, marketing, parts and customer service support of Mazda vehicles in the United States and Mexico through nearly 700 dealers. Operations in Mexico are managed by Mazda Motor de Mexico in Mexico City. For more information on Mazda vehicles, including photography and B-roll, please visit the online Mazda media center at www.mazdausamedia.com.\"},{\"@type\":\"BreadcrumbList\",\"@id\":\"https:\\\/\\\/wordpress2.hdnweb.com\\\/en\\\/2020\\\/07\\\/22\\\/mazda-reanudara-la-plena-operacion-de-sus-fabricas-en-todo-el-mundo-en-agosto-debido-a-las-fuertes-ventas-y-demanda-de-ee-uu-6\\\/#breadcrumb\",\"itemListElement\":[{\"@type\":\"ListItem\",\"position\":1,\"name\":\"Portada\",\"item\":\"https:\\\/\\\/wordpress2.hdnweb.com\\\/en\\\/\"},{\"@type\":\"ListItem\",\"position\":2,\"name\":\"Mazda reanudar\u00e1 la plena operaci\u00f3n de sus f\u00e1bricas en todo el mundo en agosto, debido a las fuertes ventas y demanda de EE.UU.\"}]},{\"@type\":\"WebSite\",\"@id\":\"https:\\\/\\\/wordpress2.hdnweb.com\\\/en\\\/#website\",\"url\":\"https:\\\/\\\/wordpress2.hdnweb.com\\\/en\\\/\",\"name\":\"Multisitio 2\",\"description\":\"\",\"potentialAction\":[{\"@type\":\"SearchAction\",\"target\":{\"@type\":\"EntryPoint\",\"urlTemplate\":\"https:\\\/\\\/wordpress2.hdnweb.com\\\/en\\\/?s={search_term_string}\"},\"query-input\":{\"@type\":\"PropertyValueSpecification\",\"valueRequired\":true,\"valueName\":\"search_term_string\"}}],\"inLanguage\":\"en-US\"},{\"@type\":\"Person\",\"@id\":\"https:\\\/\\\/wordpress2.hdnweb.com\\\/#\\\/schema\\\/person\\\/c112e8e970f2cfc8553cdb5392b493ad\",\"name\":\"venred\",\"image\":{\"@type\":\"ImageObject\",\"inLanguage\":\"en-US\",\"@id\":\"https:\\\/\\\/secure.gravatar.com\\\/avatar\\\/2b023a883433f83ad0a3036a7ba60d3133c4e0619f3bca6230ba8c7521b6dec8?s=96&d=mm&r=g\",\"url\":\"https:\\\/\\\/secure.gravatar.com\\\/avatar\\\/2b023a883433f83ad0a3036a7ba60d3133c4e0619f3bca6230ba8c7521b6dec8?s=96&d=mm&r=g\",\"contentUrl\":\"https:\\\/\\\/secure.gravatar.com\\\/avatar\\\/2b023a883433f83ad0a3036a7ba60d3133c4e0619f3bca6230ba8c7521b6dec8?s=96&d=mm&r=g\",\"caption\":\"venred\"},\"url\":\"https:\\\/\\\/wordpress2.hdnweb.com\\\/en\\\/author\\\/venred\\\/\"}]}<\/script>\n<!-- \/ Yoast SEO plugin. -->","yoast_head_json":{"title":"Mazda reanudar\u00e1 la plena operaci\u00f3n de sus f\u00e1bricas en todo el mundo en agosto, debido a las fuertes ventas y demanda de EE.UU. - Multisitio 2","robots":{"index":"index","follow":"follow","max-snippet":"max-snippet:-1","max-image-preview":"max-image-preview:large","max-video-preview":"max-video-preview:-1"},"canonical":"https:\/\/wordpress2.hdnweb.com\/en\/2020\/07\/22\/mazda-reanudara-la-plena-operacion-de-sus-fabricas-en-todo-el-mundo-en-agosto-debido-a-las-fuertes-ventas-y-demanda-de-ee-uu-6\/","og_locale":"en_US","og_type":"article","og_title":"Mazda reanudar\u00e1 la plena operaci\u00f3n de sus f\u00e1bricas en todo el mundo en agosto, debido a las fuertes ventas y demanda de EE.UU. - Multisitio 2","og_description":"IRVINE, California, 22 de julio de 2020 \/PRNewswire-HISPANIC PR WIRE\/ -- A partir de agosto, Mazda Motor Corporation retornar\u00e1 a sus operaciones normales de f\u00e1brica, o a los niveles anteriores a la crisis del COVID-19, ante el aumento de las ventas y las previsiones sobre la demanda de productos en EE.UU. En junio, las operaciones de Mazda en Norteam\u00e9rica lograron un aumento de las ventas de casi el 11% con respecto al a\u00f1o anterior. En particular, el volumen de ventas de los roadster CX-9 y MX-5 de tres filas creci\u00f3 alrededor...","og_url":"https:\/\/wordpress2.hdnweb.com\/en\/2020\/07\/22\/mazda-reanudara-la-plena-operacion-de-sus-fabricas-en-todo-el-mundo-en-agosto-debido-a-las-fuertes-ventas-y-demanda-de-ee-uu-6\/","og_site_name":"Multisitio 2","article_published_time":"2020-07-22T13:55:00+00:00","og_image":[{"width":2068,"height":1892,"url":"https:\/\/wordpress2.hdnweb.com\/wp-content\/uploads\/2020\/05\/15626_1_78940.jpg","type":"image\/jpeg"}],"author":"venred","twitter_card":"summary_large_image","twitter_misc":{"Written by":"venred","Est. reading time":"2 minutes"},"schema":{"@context":"https:\/\/schema.org","@graph":[{"@type":"Article","@id":"https:\/\/wordpress2.hdnweb.com\/2020\/07\/22\/mazda-reanudara-la-plena-operacion-de-sus-fabricas-en-todo-el-mundo-en-agosto-debido-a-las-fuertes-ventas-y-demanda-de-ee-uu-6\/#article","isPartOf":{"@id":"https:\/\/wordpress2.hdnweb.com\/2020\/07\/22\/mazda-reanudara-la-plena-operacion-de-sus-fabricas-en-todo-el-mundo-en-agosto-debido-a-las-fuertes-ventas-y-demanda-de-ee-uu-6\/"},"author":{"name":"venred","@id":"https:\/\/wordpress2.hdnweb.com\/#\/schema\/person\/c112e8e970f2cfc8553cdb5392b493ad"},"headline":"(Espa\u00f1ol) Mazda reanudar\u00e1 la plena operaci\u00f3n de sus f\u00e1bricas en todo el mundo en agosto, debido a las fuertes ventas y demanda de EE.UU.","datePublished":"2020-07-22T13:55:00+00:00","mainEntityOfPage":{"@id":"https:\/\/wordpress2.hdnweb.com\/2020\/07\/22\/mazda-reanudara-la-plena-operacion-de-sus-fabricas-en-todo-el-mundo-en-agosto-debido-a-las-fuertes-ventas-y-demanda-de-ee-uu-6\/"},"wordCount":368,"commentCount":0,"image":{"@id":"https:\/\/wordpress2.hdnweb.com\/2020\/07\/22\/mazda-reanudara-la-plena-operacion-de-sus-fabricas-en-todo-el-mundo-en-agosto-debido-a-las-fuertes-ventas-y-demanda-de-ee-uu-6\/#primaryimage"},"thumbnailUrl":"https:\/\/wordpress2.hdnweb.com\/wp-content\/uploads\/2020\/05\/15626_1_78940.jpg","articleSection":["Juan Carlos Maimone"],"inLanguage":"en-US"},{"@type":"WebPage","@id":"https:\/\/wordpress2.hdnweb.com\/en\/2020\/07\/22\/mazda-reanudara-la-plena-operacion-de-sus-fabricas-en-todo-el-mundo-en-agosto-debido-a-las-fuertes-ventas-y-demanda-de-ee-uu-6\/","url":"https:\/\/wordpress2.hdnweb.com\/en\/2020\/07\/22\/mazda-reanudara-la-plena-operacion-de-sus-fabricas-en-todo-el-mundo-en-agosto-debido-a-las-fuertes-ventas-y-demanda-de-ee-uu-6\/","name":"Mazda reanudar\u00e1 la plena operaci\u00f3n de sus f\u00e1bricas en todo el mundo en agosto, debido a las fuertes ventas y demanda de EE.UU. - Multisitio 2","isPartOf":{"@id":"https:\/\/wordpress2.hdnweb.com\/en\/#website"},"primaryImageOfPage":{"@id":"https:\/\/wordpress2.hdnweb.com\/en\/2020\/07\/22\/mazda-reanudara-la-plena-operacion-de-sus-fabricas-en-todo-el-mundo-en-agosto-debido-a-las-fuertes-ventas-y-demanda-de-ee-uu-6\/#primaryimage"},"image":{"@id":"https:\/\/wordpress2.hdnweb.com\/2020\/07\/22\/mazda-reanudara-la-plena-operacion-de-sus-fabricas-en-todo-el-mundo-en-agosto-debido-a-las-fuertes-ventas-y-demanda-de-ee-uu-6\/#primaryimage"},"thumbnailUrl":"https:\/\/wordpress2.hdnweb.com\/wp-content\/uploads\/2020\/05\/15626_1_78940.jpg","datePublished":"2020-07-22T13:55:00+00:00","author":{"@id":"https:\/\/wordpress2.hdnweb.com\/#\/schema\/person\/c112e8e970f2cfc8553cdb5392b493ad"},"breadcrumb":{"@id":"https:\/\/wordpress2.hdnweb.com\/en\/2020\/07\/22\/mazda-reanudara-la-plena-operacion-de-sus-fabricas-en-todo-el-mundo-en-agosto-debido-a-las-fuertes-ventas-y-demanda-de-ee-uu-6\/#breadcrumb"},"inLanguage":"en-US","potentialAction":[{"@type":"ReadAction","target":[["https:\/\/wordpress2.hdnweb.com\/en\/2020\/07\/22\/mazda-reanudara-la-plena-operacion-de-sus-fabricas-en-todo-el-mundo-en-agosto-debido-a-las-fuertes-ventas-y-demanda-de-ee-uu-6\/"]]}]},{"@type":"ImageObject","inLanguage":"en-US","@id":"https:\/\/wordpress2.hdnweb.com\/en\/2020\/07\/22\/mazda-reanudara-la-plena-operacion-de-sus-fabricas-en-todo-el-mundo-en-agosto-debido-a-las-fuertes-ventas-y-demanda-de-ee-uu-6\/#primaryimage","url":"https:\/\/wordpress2.hdnweb.com\/wp-content\/uploads\/2020\/05\/15626_1_78940.jpg","contentUrl":"https:\/\/wordpress2.hdnweb.com\/wp-content\/uploads\/2020\/05\/15626_1_78940.jpg","width":2068,"height":1892,"caption":"Mazda North American Operations is headquartered in Irvine, Calif., and oversees the sales, marketing, parts and customer service support of Mazda vehicles in the United States and Mexico through nearly 700 dealers. Operations in Mexico are managed by Mazda Motor de Mexico in Mexico City. For more information on Mazda vehicles, including photography and B-roll, please visit the online Mazda media center at www.mazdausamedia.com."},{"@type":"BreadcrumbList","@id":"https:\/\/wordpress2.hdnweb.com\/en\/2020\/07\/22\/mazda-reanudara-la-plena-operacion-de-sus-fabricas-en-todo-el-mundo-en-agosto-debido-a-las-fuertes-ventas-y-demanda-de-ee-uu-6\/#breadcrumb","itemListElement":[{"@type":"ListItem","position":1,"name":"Portada","item":"https:\/\/wordpress2.hdnweb.com\/en\/"},{"@type":"ListItem","position":2,"name":"Mazda reanudar\u00e1 la plena operaci\u00f3n de sus f\u00e1bricas en todo el mundo en agosto, debido a las fuertes ventas y demanda de EE.UU."}]},{"@type":"WebSite","@id":"https:\/\/wordpress2.hdnweb.com\/en\/#website","url":"https:\/\/wordpress2.hdnweb.com\/en\/","name":"Multisitio 2","description":"","potentialAction":[{"@type":"SearchAction","target":{"@type":"EntryPoint","urlTemplate":"https:\/\/wordpress2.hdnweb.com\/en\/?s={search_term_string}"},"query-input":{"@type":"PropertyValueSpecification","valueRequired":true,"valueName":"search_term_string"}}],"inLanguage":"en-US"},{"@type":"Person","@id":"https:\/\/wordpress2.hdnweb.com\/#\/schema\/person\/c112e8e970f2cfc8553cdb5392b493ad","name":"venred","image":{"@type":"ImageObject","inLanguage":"en-US","@id":"https:\/\/secure.gravatar.com\/avatar\/2b023a883433f83ad0a3036a7ba60d3133c4e0619f3bca6230ba8c7521b6dec8?s=96&d=mm&r=g","url":"https:\/\/secure.gravatar.com\/avatar\/2b023a883433f83ad0a3036a7ba60d3133c4e0619f3bca6230ba8c7521b6dec8?s=96&d=mm&r=g","contentUrl":"https:\/\/secure.gravatar.com\/avatar\/2b023a883433f83ad0a3036a7ba60d3133c4e0619f3bca6230ba8c7521b6dec8?s=96&d=mm&r=g","caption":"venred"},"url":"https:\/\/wordpress2.hdnweb.com\/en\/author\/venred\/"}]}},"_links":{"self":[{"href":"https:\/\/wordpress2.hdnweb.com\/en\/wp-json\/wp\/v2\/posts\/15626","targetHints":{"allow":["GET"]}}],"collection":[{"href":"https:\/\/wordpress2.hdnweb.com\/en\/wp-json\/wp\/v2\/posts"}],"about":[{"href":"https:\/\/wordpress2.hdnweb.com\/en\/wp-json\/wp\/v2\/types\/post"}],"author":[{"embeddable":true,"href":"https:\/\/wordpress2.hdnweb.com\/en\/wp-json\/wp\/v2\/users\/1"}],"replies":[{"embeddable":true,"href":"https:\/\/wordpress2.hdnweb.com\/en\/wp-json\/wp\/v2\/comments?post=15626"}],"version-history":[{"count":0,"href":"https:\/\/wordpress2.hdnweb.com\/en\/wp-json\/wp\/v2\/posts\/15626\/revisions"}],"wp:featuredmedia":[{"embeddable":true,"href":"https:\/\/wordpress2.hdnweb.com\/en\/wp-json\/wp\/v2\/media\/15630"}],"wp:attachment":[{"href":"https:\/\/wordpress2.hdnweb.com\/en\/wp-json\/wp\/v2\/media?parent=15626"}],"wp:term":[{"taxonomy":"category","embeddable":true,"href":"https:\/\/wordpress2.hdnweb.com\/en\/wp-json\/wp\/v2\/categories?post=15626"},{"taxonomy":"post_tag","embeddable":true,"href":"https:\/\/wordpress2.hdnweb.com\/en\/wp-json\/wp\/v2\/tags?post=15626"}],"curies":[{"name":"wp","href":"https:\/\/api.w.org\/{rel}","templated":true}]}}