{"id":15822,"date":"2020-07-29T11:38:00","date_gmt":"2020-07-29T11:38:00","guid":{"rendered":"https:\/\/wordpress2.hdnweb.com\/2020\/07\/29\/nueva-escuela-publica-charter-k-8-aprobada-por-el-consejo-escolar-del-condado-de-marion-2\/"},"modified":"2020-07-29T11:38:00","modified_gmt":"2020-07-29T11:38:00","slug":"nueva-escuela-publica-charter-k-8-aprobada-por-el-consejo-escolar-del-condado-de-marion-2","status":"publish","type":"post","link":"https:\/\/wordpress2.hdnweb.com\/en\/2020\/07\/29\/nueva-escuela-publica-charter-k-8-aprobada-por-el-consejo-escolar-del-condado-de-marion-2\/","title":{"rendered":"(Espa\u00f1ol) Nueva escuela p\u00fablica ch\u00e1rter K-8 aprobada por el Consejo Escolar del Condado de Marion"},"content":{"rendered":"<p class=\"qtranxs-available-languages-message qtranxs-available-languages-message-en\">Sorry, this entry is only available in <a href=\"https:\/\/wordpress2.hdnweb.com\/es\/wp-json\/wp\/v2\/posts\/15822\" class=\"qtranxs-available-language-link qtranxs-available-language-link-es\" title=\"Espa\u00f1ol\">Espa\u00f1ol<\/a>.<\/p>","protected":false},"excerpt":{"rendered":"<p class=\"qtranxs-available-languages-message qtranxs-available-languages-message-en\">Sorry, this entry is only available in <a href=\"https:\/\/wordpress2.hdnweb.com\/es\/wp-json\/wp\/v2\/posts\/15822\" class=\"qtranxs-available-language-link qtranxs-available-language-link-es\" title=\"Espa\u00f1ol\">Espa\u00f1ol<\/a>.<\/p>\n","protected":false},"author":1,"featured_media":15823,"comment_status":"open","ping_status":"open","sticky":false,"template":"","format":"standard","meta":{"_acf_changed":false,"_monsterinsights_skip_tracking":false,"_monsterinsights_sitenote_active":false,"_monsterinsights_sitenote_note":"","_monsterinsights_sitenote_category":0,"footnotes":""},"categories":[20],"tags":[],"class_list":["post-15822","post","type-post","status-publish","format-standard","has-post-thumbnail","hentry","category-chicago-salud"],"acf":[],"yoast_head":"<!-- This site is optimized with the Yoast SEO plugin v27.5 - https:\/\/yoast.com\/product\/yoast-seo-wordpress\/ -->\n<title>Nueva escuela p\u00fablica ch\u00e1rter K-8 aprobada por el Consejo Escolar del Condado de Marion - Multisitio 2<\/title>\n<meta name=\"robots\" content=\"index, follow, max-snippet:-1, max-image-preview:large, max-video-preview:-1\" \/>\n<link rel=\"canonical\" href=\"https:\/\/wordpress2.hdnweb.com\/en\/2020\/07\/29\/nueva-escuela-publica-charter-k-8-aprobada-por-el-consejo-escolar-del-condado-de-marion-2\/\" \/>\n<meta property=\"og:locale\" content=\"en_US\" \/>\n<meta property=\"og:type\" content=\"article\" \/>\n<meta property=\"og:title\" content=\"Nueva escuela p\u00fablica ch\u00e1rter K-8 aprobada por el Consejo Escolar del Condado de Marion - Multisitio 2\" \/>\n<meta property=\"og:description\" content=\"OCALA, Florida, 29 de julio de 2020 \/PRNewswire-HISPANIC PR WIRE\/ -- El Consejo Escolar del Condado de Marion aprob\u00f3 los planes para una nueva escuela p\u00fablica ch\u00e1rter K-8. La Ina A. Colen Academy abrir\u00e1 sus puertas para recibir estudiantes en agosto de 2022. La Ina A. Colen Academy, situada en el sudoeste de Ocala al este de la avenida 80 y al sur de la calle 38, ofrecer\u00e1 oportunidades para los estudiantes del Condado de Marion...\" \/>\n<meta property=\"og:url\" content=\"https:\/\/wordpress2.hdnweb.com\/en\/2020\/07\/29\/nueva-escuela-publica-charter-k-8-aprobada-por-el-consejo-escolar-del-condado-de-marion-2\/\" \/>\n<meta property=\"og:site_name\" content=\"Multisitio 2\" \/>\n<meta property=\"article:published_time\" content=\"2020-07-29T11:38:00+00:00\" \/>\n<meta property=\"og:image\" content=\"https:\/\/wordpress2.hdnweb.com\/wp-content\/uploads\/2020\/05\/15822_1_53700.jpg\" \/>\n\t<meta property=\"og:image:width\" content=\"1825\" \/>\n\t<meta property=\"og:image:height\" content=\"2101\" \/>\n\t<meta property=\"og:image:type\" content=\"image\/jpeg\" \/>\n<meta name=\"author\" content=\"venred\" \/>\n<meta name=\"twitter:card\" content=\"summary_large_image\" \/>\n<meta name=\"twitter:label1\" content=\"Written by\" \/>\n\t<meta name=\"twitter:data1\" content=\"venred\" \/>\n\t<meta name=\"twitter:label2\" content=\"Est. reading time\" \/>\n\t<meta name=\"twitter:data2\" content=\"4 minutes\" \/>\n<script type=\"application\/ld+json\" class=\"yoast-schema-graph\">{\"@context\":\"https:\\\/\\\/schema.org\",\"@graph\":[{\"@type\":\"Article\",\"@id\":\"https:\\\/\\\/wordpress2.hdnweb.com\\\/2020\\\/07\\\/29\\\/nueva-escuela-publica-charter-k-8-aprobada-por-el-consejo-escolar-del-condado-de-marion-2\\\/#article\",\"isPartOf\":{\"@id\":\"https:\\\/\\\/wordpress2.hdnweb.com\\\/2020\\\/07\\\/29\\\/nueva-escuela-publica-charter-k-8-aprobada-por-el-consejo-escolar-del-condado-de-marion-2\\\/\"},\"author\":{\"name\":\"venred\",\"@id\":\"https:\\\/\\\/wordpress2.hdnweb.com\\\/#\\\/schema\\\/person\\\/c112e8e970f2cfc8553cdb5392b493ad\"},\"headline\":\"(Espa\u00f1ol) Nueva escuela p\u00fablica ch\u00e1rter K-8 aprobada por el Consejo Escolar del Condado de Marion\",\"datePublished\":\"2020-07-29T11:38:00+00:00\",\"mainEntityOfPage\":{\"@id\":\"https:\\\/\\\/wordpress2.hdnweb.com\\\/2020\\\/07\\\/29\\\/nueva-escuela-publica-charter-k-8-aprobada-por-el-consejo-escolar-del-condado-de-marion-2\\\/\"},\"wordCount\":722,\"commentCount\":0,\"image\":{\"@id\":\"https:\\\/\\\/wordpress2.hdnweb.com\\\/2020\\\/07\\\/29\\\/nueva-escuela-publica-charter-k-8-aprobada-por-el-consejo-escolar-del-condado-de-marion-2\\\/#primaryimage\"},\"thumbnailUrl\":\"https:\\\/\\\/wordpress2.hdnweb.com\\\/wp-content\\\/uploads\\\/2020\\\/05\\\/15822_1_53700.jpg\",\"articleSection\":[\"Chicago Salud\"],\"inLanguage\":\"en-US\"},{\"@type\":\"WebPage\",\"@id\":\"https:\\\/\\\/wordpress2.hdnweb.com\\\/en\\\/2020\\\/07\\\/29\\\/nueva-escuela-publica-charter-k-8-aprobada-por-el-consejo-escolar-del-condado-de-marion-2\\\/\",\"url\":\"https:\\\/\\\/wordpress2.hdnweb.com\\\/en\\\/2020\\\/07\\\/29\\\/nueva-escuela-publica-charter-k-8-aprobada-por-el-consejo-escolar-del-condado-de-marion-2\\\/\",\"name\":\"Nueva escuela p\u00fablica ch\u00e1rter K-8 aprobada por el Consejo Escolar del Condado de Marion - Multisitio 2\",\"isPartOf\":{\"@id\":\"https:\\\/\\\/wordpress2.hdnweb.com\\\/en\\\/#website\"},\"primaryImageOfPage\":{\"@id\":\"https:\\\/\\\/wordpress2.hdnweb.com\\\/en\\\/2020\\\/07\\\/29\\\/nueva-escuela-publica-charter-k-8-aprobada-por-el-consejo-escolar-del-condado-de-marion-2\\\/#primaryimage\"},\"image\":{\"@id\":\"https:\\\/\\\/wordpress2.hdnweb.com\\\/2020\\\/07\\\/29\\\/nueva-escuela-publica-charter-k-8-aprobada-por-el-consejo-escolar-del-condado-de-marion-2\\\/#primaryimage\"},\"thumbnailUrl\":\"https:\\\/\\\/wordpress2.hdnweb.com\\\/wp-content\\\/uploads\\\/2020\\\/05\\\/15822_1_53700.jpg\",\"datePublished\":\"2020-07-29T11:38:00+00:00\",\"author\":{\"@id\":\"https:\\\/\\\/wordpress2.hdnweb.com\\\/#\\\/schema\\\/person\\\/c112e8e970f2cfc8553cdb5392b493ad\"},\"breadcrumb\":{\"@id\":\"https:\\\/\\\/wordpress2.hdnweb.com\\\/en\\\/2020\\\/07\\\/29\\\/nueva-escuela-publica-charter-k-8-aprobada-por-el-consejo-escolar-del-condado-de-marion-2\\\/#breadcrumb\"},\"inLanguage\":\"en-US\",\"potentialAction\":[{\"@type\":\"ReadAction\",\"target\":[[\"https:\\\/\\\/wordpress2.hdnweb.com\\\/en\\\/2020\\\/07\\\/29\\\/nueva-escuela-publica-charter-k-8-aprobada-por-el-consejo-escolar-del-condado-de-marion-2\\\/\"]]}]},{\"@type\":\"ImageObject\",\"inLanguage\":\"en-US\",\"@id\":\"https:\\\/\\\/wordpress2.hdnweb.com\\\/en\\\/2020\\\/07\\\/29\\\/nueva-escuela-publica-charter-k-8-aprobada-por-el-consejo-escolar-del-condado-de-marion-2\\\/#primaryimage\",\"url\":\"https:\\\/\\\/wordpress2.hdnweb.com\\\/wp-content\\\/uploads\\\/2020\\\/05\\\/15822_1_53700.jpg\",\"contentUrl\":\"https:\\\/\\\/wordpress2.hdnweb.com\\\/wp-content\\\/uploads\\\/2020\\\/05\\\/15822_1_53700.jpg\",\"width\":1825,\"height\":2101,\"caption\":\"Ina A Colen Academy Logo\"},{\"@type\":\"BreadcrumbList\",\"@id\":\"https:\\\/\\\/wordpress2.hdnweb.com\\\/en\\\/2020\\\/07\\\/29\\\/nueva-escuela-publica-charter-k-8-aprobada-por-el-consejo-escolar-del-condado-de-marion-2\\\/#breadcrumb\",\"itemListElement\":[{\"@type\":\"ListItem\",\"position\":1,\"name\":\"Portada\",\"item\":\"https:\\\/\\\/wordpress2.hdnweb.com\\\/en\\\/\"},{\"@type\":\"ListItem\",\"position\":2,\"name\":\"Nueva escuela p\u00fablica ch\u00e1rter K-8 aprobada por el Consejo Escolar del Condado de Marion\"}]},{\"@type\":\"WebSite\",\"@id\":\"https:\\\/\\\/wordpress2.hdnweb.com\\\/en\\\/#website\",\"url\":\"https:\\\/\\\/wordpress2.hdnweb.com\\\/en\\\/\",\"name\":\"Multisitio 2\",\"description\":\"\",\"potentialAction\":[{\"@type\":\"SearchAction\",\"target\":{\"@type\":\"EntryPoint\",\"urlTemplate\":\"https:\\\/\\\/wordpress2.hdnweb.com\\\/en\\\/?s={search_term_string}\"},\"query-input\":{\"@type\":\"PropertyValueSpecification\",\"valueRequired\":true,\"valueName\":\"search_term_string\"}}],\"inLanguage\":\"en-US\"},{\"@type\":\"Person\",\"@id\":\"https:\\\/\\\/wordpress2.hdnweb.com\\\/#\\\/schema\\\/person\\\/c112e8e970f2cfc8553cdb5392b493ad\",\"name\":\"venred\",\"image\":{\"@type\":\"ImageObject\",\"inLanguage\":\"en-US\",\"@id\":\"https:\\\/\\\/secure.gravatar.com\\\/avatar\\\/2b023a883433f83ad0a3036a7ba60d3133c4e0619f3bca6230ba8c7521b6dec8?s=96&d=mm&r=g\",\"url\":\"https:\\\/\\\/secure.gravatar.com\\\/avatar\\\/2b023a883433f83ad0a3036a7ba60d3133c4e0619f3bca6230ba8c7521b6dec8?s=96&d=mm&r=g\",\"contentUrl\":\"https:\\\/\\\/secure.gravatar.com\\\/avatar\\\/2b023a883433f83ad0a3036a7ba60d3133c4e0619f3bca6230ba8c7521b6dec8?s=96&d=mm&r=g\",\"caption\":\"venred\"},\"url\":\"https:\\\/\\\/wordpress2.hdnweb.com\\\/en\\\/author\\\/venred\\\/\"}]}<\/script>\n<!-- \/ Yoast SEO plugin. -->","yoast_head_json":{"title":"Nueva escuela p\u00fablica ch\u00e1rter K-8 aprobada por el Consejo Escolar del Condado de Marion - Multisitio 2","robots":{"index":"index","follow":"follow","max-snippet":"max-snippet:-1","max-image-preview":"max-image-preview:large","max-video-preview":"max-video-preview:-1"},"canonical":"https:\/\/wordpress2.hdnweb.com\/en\/2020\/07\/29\/nueva-escuela-publica-charter-k-8-aprobada-por-el-consejo-escolar-del-condado-de-marion-2\/","og_locale":"en_US","og_type":"article","og_title":"Nueva escuela p\u00fablica ch\u00e1rter K-8 aprobada por el Consejo Escolar del Condado de Marion - Multisitio 2","og_description":"OCALA, Florida, 29 de julio de 2020 \/PRNewswire-HISPANIC PR WIRE\/ -- El Consejo Escolar del Condado de Marion aprob\u00f3 los planes para una nueva escuela p\u00fablica ch\u00e1rter K-8. La Ina A. Colen Academy abrir\u00e1 sus puertas para recibir estudiantes en agosto de 2022. La Ina A. Colen Academy, situada en el sudoeste de Ocala al este de la avenida 80 y al sur de la calle 38, ofrecer\u00e1 oportunidades para los estudiantes del Condado de Marion...","og_url":"https:\/\/wordpress2.hdnweb.com\/en\/2020\/07\/29\/nueva-escuela-publica-charter-k-8-aprobada-por-el-consejo-escolar-del-condado-de-marion-2\/","og_site_name":"Multisitio 2","article_published_time":"2020-07-29T11:38:00+00:00","og_image":[{"width":1825,"height":2101,"url":"https:\/\/wordpress2.hdnweb.com\/wp-content\/uploads\/2020\/05\/15822_1_53700.jpg","type":"image\/jpeg"}],"author":"venred","twitter_card":"summary_large_image","twitter_misc":{"Written by":"venred","Est. reading time":"4 minutes"},"schema":{"@context":"https:\/\/schema.org","@graph":[{"@type":"Article","@id":"https:\/\/wordpress2.hdnweb.com\/2020\/07\/29\/nueva-escuela-publica-charter-k-8-aprobada-por-el-consejo-escolar-del-condado-de-marion-2\/#article","isPartOf":{"@id":"https:\/\/wordpress2.hdnweb.com\/2020\/07\/29\/nueva-escuela-publica-charter-k-8-aprobada-por-el-consejo-escolar-del-condado-de-marion-2\/"},"author":{"name":"venred","@id":"https:\/\/wordpress2.hdnweb.com\/#\/schema\/person\/c112e8e970f2cfc8553cdb5392b493ad"},"headline":"(Espa\u00f1ol) Nueva escuela p\u00fablica ch\u00e1rter K-8 aprobada por el Consejo Escolar del Condado de Marion","datePublished":"2020-07-29T11:38:00+00:00","mainEntityOfPage":{"@id":"https:\/\/wordpress2.hdnweb.com\/2020\/07\/29\/nueva-escuela-publica-charter-k-8-aprobada-por-el-consejo-escolar-del-condado-de-marion-2\/"},"wordCount":722,"commentCount":0,"image":{"@id":"https:\/\/wordpress2.hdnweb.com\/2020\/07\/29\/nueva-escuela-publica-charter-k-8-aprobada-por-el-consejo-escolar-del-condado-de-marion-2\/#primaryimage"},"thumbnailUrl":"https:\/\/wordpress2.hdnweb.com\/wp-content\/uploads\/2020\/05\/15822_1_53700.jpg","articleSection":["Chicago Salud"],"inLanguage":"en-US"},{"@type":"WebPage","@id":"https:\/\/wordpress2.hdnweb.com\/en\/2020\/07\/29\/nueva-escuela-publica-charter-k-8-aprobada-por-el-consejo-escolar-del-condado-de-marion-2\/","url":"https:\/\/wordpress2.hdnweb.com\/en\/2020\/07\/29\/nueva-escuela-publica-charter-k-8-aprobada-por-el-consejo-escolar-del-condado-de-marion-2\/","name":"Nueva escuela p\u00fablica ch\u00e1rter K-8 aprobada por el Consejo Escolar del Condado de Marion - Multisitio 2","isPartOf":{"@id":"https:\/\/wordpress2.hdnweb.com\/en\/#website"},"primaryImageOfPage":{"@id":"https:\/\/wordpress2.hdnweb.com\/en\/2020\/07\/29\/nueva-escuela-publica-charter-k-8-aprobada-por-el-consejo-escolar-del-condado-de-marion-2\/#primaryimage"},"image":{"@id":"https:\/\/wordpress2.hdnweb.com\/2020\/07\/29\/nueva-escuela-publica-charter-k-8-aprobada-por-el-consejo-escolar-del-condado-de-marion-2\/#primaryimage"},"thumbnailUrl":"https:\/\/wordpress2.hdnweb.com\/wp-content\/uploads\/2020\/05\/15822_1_53700.jpg","datePublished":"2020-07-29T11:38:00+00:00","author":{"@id":"https:\/\/wordpress2.hdnweb.com\/#\/schema\/person\/c112e8e970f2cfc8553cdb5392b493ad"},"breadcrumb":{"@id":"https:\/\/wordpress2.hdnweb.com\/en\/2020\/07\/29\/nueva-escuela-publica-charter-k-8-aprobada-por-el-consejo-escolar-del-condado-de-marion-2\/#breadcrumb"},"inLanguage":"en-US","potentialAction":[{"@type":"ReadAction","target":[["https:\/\/wordpress2.hdnweb.com\/en\/2020\/07\/29\/nueva-escuela-publica-charter-k-8-aprobada-por-el-consejo-escolar-del-condado-de-marion-2\/"]]}]},{"@type":"ImageObject","inLanguage":"en-US","@id":"https:\/\/wordpress2.hdnweb.com\/en\/2020\/07\/29\/nueva-escuela-publica-charter-k-8-aprobada-por-el-consejo-escolar-del-condado-de-marion-2\/#primaryimage","url":"https:\/\/wordpress2.hdnweb.com\/wp-content\/uploads\/2020\/05\/15822_1_53700.jpg","contentUrl":"https:\/\/wordpress2.hdnweb.com\/wp-content\/uploads\/2020\/05\/15822_1_53700.jpg","width":1825,"height":2101,"caption":"Ina A Colen Academy Logo"},{"@type":"BreadcrumbList","@id":"https:\/\/wordpress2.hdnweb.com\/en\/2020\/07\/29\/nueva-escuela-publica-charter-k-8-aprobada-por-el-consejo-escolar-del-condado-de-marion-2\/#breadcrumb","itemListElement":[{"@type":"ListItem","position":1,"name":"Portada","item":"https:\/\/wordpress2.hdnweb.com\/en\/"},{"@type":"ListItem","position":2,"name":"Nueva escuela p\u00fablica ch\u00e1rter K-8 aprobada por el Consejo Escolar del Condado de Marion"}]},{"@type":"WebSite","@id":"https:\/\/wordpress2.hdnweb.com\/en\/#website","url":"https:\/\/wordpress2.hdnweb.com\/en\/","name":"Multisitio 2","description":"","potentialAction":[{"@type":"SearchAction","target":{"@type":"EntryPoint","urlTemplate":"https:\/\/wordpress2.hdnweb.com\/en\/?s={search_term_string}"},"query-input":{"@type":"PropertyValueSpecification","valueRequired":true,"valueName":"search_term_string"}}],"inLanguage":"en-US"},{"@type":"Person","@id":"https:\/\/wordpress2.hdnweb.com\/#\/schema\/person\/c112e8e970f2cfc8553cdb5392b493ad","name":"venred","image":{"@type":"ImageObject","inLanguage":"en-US","@id":"https:\/\/secure.gravatar.com\/avatar\/2b023a883433f83ad0a3036a7ba60d3133c4e0619f3bca6230ba8c7521b6dec8?s=96&d=mm&r=g","url":"https:\/\/secure.gravatar.com\/avatar\/2b023a883433f83ad0a3036a7ba60d3133c4e0619f3bca6230ba8c7521b6dec8?s=96&d=mm&r=g","contentUrl":"https:\/\/secure.gravatar.com\/avatar\/2b023a883433f83ad0a3036a7ba60d3133c4e0619f3bca6230ba8c7521b6dec8?s=96&d=mm&r=g","caption":"venred"},"url":"https:\/\/wordpress2.hdnweb.com\/en\/author\/venred\/"}]}},"_links":{"self":[{"href":"https:\/\/wordpress2.hdnweb.com\/en\/wp-json\/wp\/v2\/posts\/15822","targetHints":{"allow":["GET"]}}],"collection":[{"href":"https:\/\/wordpress2.hdnweb.com\/en\/wp-json\/wp\/v2\/posts"}],"about":[{"href":"https:\/\/wordpress2.hdnweb.com\/en\/wp-json\/wp\/v2\/types\/post"}],"author":[{"embeddable":true,"href":"https:\/\/wordpress2.hdnweb.com\/en\/wp-json\/wp\/v2\/users\/1"}],"replies":[{"embeddable":true,"href":"https:\/\/wordpress2.hdnweb.com\/en\/wp-json\/wp\/v2\/comments?post=15822"}],"version-history":[{"count":0,"href":"https:\/\/wordpress2.hdnweb.com\/en\/wp-json\/wp\/v2\/posts\/15822\/revisions"}],"wp:featuredmedia":[{"embeddable":true,"href":"https:\/\/wordpress2.hdnweb.com\/en\/wp-json\/wp\/v2\/media\/15823"}],"wp:attachment":[{"href":"https:\/\/wordpress2.hdnweb.com\/en\/wp-json\/wp\/v2\/media?parent=15822"}],"wp:term":[{"taxonomy":"category","embeddable":true,"href":"https:\/\/wordpress2.hdnweb.com\/en\/wp-json\/wp\/v2\/categories?post=15822"},{"taxonomy":"post_tag","embeddable":true,"href":"https:\/\/wordpress2.hdnweb.com\/en\/wp-json\/wp\/v2\/tags?post=15822"}],"curies":[{"name":"wp","href":"https:\/\/api.w.org\/{rel}","templated":true}]}}