{"id":16329,"date":"2020-07-31T06:00:00","date_gmt":"2020-07-31T06:00:00","guid":{"rendered":"https:\/\/wordpress2.hdnweb.com\/2020\/07\/31\/la-mas-reciente-obra-publicada-del-autor-salvador-negrin-la-corona-de-los-anos-dorados-nos-presenta-un-mensaje-esperanzador-para-aquellos-individuos-de-la-tercera-que-se-encuentran-perdidos-en-esta-7\/"},"modified":"2020-07-31T06:00:00","modified_gmt":"2020-07-31T06:00:00","slug":"la-mas-reciente-obra-publicada-del-autor-salvador-negrin-la-corona-de-los-anos-dorados-nos-presenta-un-mensaje-esperanzador-para-aquellos-individuos-de-la-tercera-que-se-encuentran-perdidos-en-esta-7","status":"publish","type":"post","link":"https:\/\/wordpress2.hdnweb.com\/en\/2020\/07\/31\/la-mas-reciente-obra-publicada-del-autor-salvador-negrin-la-corona-de-los-anos-dorados-nos-presenta-un-mensaje-esperanzador-para-aquellos-individuos-de-la-tercera-que-se-encuentran-perdidos-en-esta-7\/","title":{"rendered":"(Espa\u00f1ol) La M\u00e1s Reciente Obra Publicada Del Autor Salvador Negr\u00edn, La Corona De Los A\u00f1os Dorados, Nos Presenta Un Mensaje Esperanzador Para Aquellos Individuos De La Tercera Que Se Encuentran Perdidos En Esta Etapa De Sus Vidas"},"content":{"rendered":"<p class=\"qtranxs-available-languages-message qtranxs-available-languages-message-en\">Sorry, this entry is only available in <a href=\"https:\/\/wordpress2.hdnweb.com\/es\/wp-json\/wp\/v2\/posts\/16329\" class=\"qtranxs-available-language-link qtranxs-available-language-link-es\" title=\"Espa\u00f1ol\">Espa\u00f1ol<\/a>.<\/p>","protected":false},"excerpt":{"rendered":"<p class=\"qtranxs-available-languages-message qtranxs-available-languages-message-en\">Sorry, this entry is only available in <a href=\"https:\/\/wordpress2.hdnweb.com\/es\/wp-json\/wp\/v2\/posts\/16329\" class=\"qtranxs-available-language-link qtranxs-available-language-link-es\" title=\"Espa\u00f1ol\">Espa\u00f1ol<\/a>.<\/p>\n","protected":false},"author":1,"featured_media":16330,"comment_status":"open","ping_status":"open","sticky":false,"template":"","format":"standard","meta":{"_acf_changed":false,"_monsterinsights_skip_tracking":false,"_monsterinsights_sitenote_active":false,"_monsterinsights_sitenote_note":"","_monsterinsights_sitenote_category":0,"footnotes":""},"categories":[23],"tags":[],"class_list":["post-16329","post","type-post","status-publish","format-standard","has-post-thumbnail","hentry","category-alfredo"],"acf":[],"yoast_head":"<!-- This site is optimized with the Yoast SEO plugin v27.5 - https:\/\/yoast.com\/product\/yoast-seo-wordpress\/ -->\n<title>La M\u00e1s Reciente Obra Publicada Del Autor Salvador Negr\u00edn, La Corona De Los A\u00f1os Dorados, Nos Presenta Un Mensaje Esperanzador Para Aquellos Individuos De La Tercera Que Se Encuentran Perdidos En Esta Etapa De Sus Vidas - Multisitio 2<\/title>\n<meta name=\"robots\" content=\"index, follow, max-snippet:-1, max-image-preview:large, max-video-preview:-1\" \/>\n<link rel=\"canonical\" href=\"https:\/\/wordpress2.hdnweb.com\/en\/2020\/07\/31\/la-mas-reciente-obra-publicada-del-autor-salvador-negrin-la-corona-de-los-anos-dorados-nos-presenta-un-mensaje-esperanzador-para-aquellos-individuos-de-la-tercera-que-se-encuentran-perdidos-en-esta-7\/\" \/>\n<meta property=\"og:locale\" content=\"en_US\" \/>\n<meta property=\"og:type\" content=\"article\" \/>\n<meta property=\"og:title\" content=\"La M\u00e1s Reciente Obra Publicada Del Autor Salvador Negr\u00edn, La Corona De Los A\u00f1os Dorados, Nos Presenta Un Mensaje Esperanzador Para Aquellos Individuos De La Tercera Que Se Encuentran Perdidos En Esta Etapa De Sus Vidas - Multisitio 2\" \/>\n<meta property=\"og:description\" content=\"MIAMI, July 31, 2020 \/PRNewswire-HISPANIC PR WIRE\/ -- La corona de los A\u00f1os Dorados, es una obra escrita por la mano del autor Salvador Negr\u00edn, pastor evang\u00e9lico, bautista, teoterapeuta, psic\u00f3logo cl\u00ednico, profesor del Seminario Teol\u00f3gico de New Orleans en Miami, Florida. Ha escrito doce libros y ha asistido a diferentes programas de radio y televisi\u00f3n. Es conferencista internacional. En la actualidad est\u00e1 casado con...\" \/>\n<meta property=\"og:url\" content=\"https:\/\/wordpress2.hdnweb.com\/en\/2020\/07\/31\/la-mas-reciente-obra-publicada-del-autor-salvador-negrin-la-corona-de-los-anos-dorados-nos-presenta-un-mensaje-esperanzador-para-aquellos-individuos-de-la-tercera-que-se-encuentran-perdidos-en-esta-7\/\" \/>\n<meta property=\"og:site_name\" content=\"Multisitio 2\" \/>\n<meta property=\"article:published_time\" content=\"2020-07-31T06:00:00+00:00\" \/>\n<meta property=\"og:image\" content=\"https:\/\/wordpress2.hdnweb.com\/wp-content\/uploads\/2020\/05\/16329_1_86945.jpg\" \/>\n\t<meta property=\"og:image:width\" content=\"1333\" \/>\n\t<meta property=\"og:image:height\" content=\"2000\" \/>\n\t<meta property=\"og:image:type\" content=\"image\/jpeg\" \/>\n<meta name=\"author\" content=\"venred\" \/>\n<meta name=\"twitter:card\" content=\"summary_large_image\" \/>\n<meta name=\"twitter:label1\" content=\"Written by\" \/>\n\t<meta name=\"twitter:data1\" content=\"venred\" \/>\n\t<meta name=\"twitter:label2\" content=\"Est. reading time\" \/>\n\t<meta name=\"twitter:data2\" content=\"3 minutes\" \/>\n<script type=\"application\/ld+json\" class=\"yoast-schema-graph\">{\"@context\":\"https:\\\/\\\/schema.org\",\"@graph\":[{\"@type\":\"Article\",\"@id\":\"https:\\\/\\\/wordpress2.hdnweb.com\\\/2020\\\/07\\\/31\\\/la-mas-reciente-obra-publicada-del-autor-salvador-negrin-la-corona-de-los-anos-dorados-nos-presenta-un-mensaje-esperanzador-para-aquellos-individuos-de-la-tercera-que-se-encuentran-perdidos-en-esta-7\\\/#article\",\"isPartOf\":{\"@id\":\"https:\\\/\\\/wordpress2.hdnweb.com\\\/2020\\\/07\\\/31\\\/la-mas-reciente-obra-publicada-del-autor-salvador-negrin-la-corona-de-los-anos-dorados-nos-presenta-un-mensaje-esperanzador-para-aquellos-individuos-de-la-tercera-que-se-encuentran-perdidos-en-esta-7\\\/\"},\"author\":{\"name\":\"venred\",\"@id\":\"https:\\\/\\\/wordpress2.hdnweb.com\\\/#\\\/schema\\\/person\\\/c112e8e970f2cfc8553cdb5392b493ad\"},\"headline\":\"(Espa\u00f1ol) La M\u00e1s Reciente Obra Publicada Del Autor Salvador Negr\u00edn, La Corona De Los A\u00f1os Dorados, Nos Presenta Un Mensaje Esperanzador Para Aquellos Individuos De La Tercera Que Se Encuentran Perdidos En Esta Etapa De Sus Vidas\",\"datePublished\":\"2020-07-31T06:00:00+00:00\",\"mainEntityOfPage\":{\"@id\":\"https:\\\/\\\/wordpress2.hdnweb.com\\\/2020\\\/07\\\/31\\\/la-mas-reciente-obra-publicada-del-autor-salvador-negrin-la-corona-de-los-anos-dorados-nos-presenta-un-mensaje-esperanzador-para-aquellos-individuos-de-la-tercera-que-se-encuentran-perdidos-en-esta-7\\\/\"},\"wordCount\":671,\"commentCount\":0,\"image\":{\"@id\":\"https:\\\/\\\/wordpress2.hdnweb.com\\\/2020\\\/07\\\/31\\\/la-mas-reciente-obra-publicada-del-autor-salvador-negrin-la-corona-de-los-anos-dorados-nos-presenta-un-mensaje-esperanzador-para-aquellos-individuos-de-la-tercera-que-se-encuentran-perdidos-en-esta-7\\\/#primaryimage\"},\"thumbnailUrl\":\"https:\\\/\\\/wordpress2.hdnweb.com\\\/wp-content\\\/uploads\\\/2020\\\/05\\\/16329_1_86945.jpg\",\"articleSection\":[\"Alfredo\"],\"inLanguage\":\"en-US\"},{\"@type\":\"WebPage\",\"@id\":\"https:\\\/\\\/wordpress2.hdnweb.com\\\/en\\\/2020\\\/07\\\/31\\\/la-mas-reciente-obra-publicada-del-autor-salvador-negrin-la-corona-de-los-anos-dorados-nos-presenta-un-mensaje-esperanzador-para-aquellos-individuos-de-la-tercera-que-se-encuentran-perdidos-en-esta-7\\\/\",\"url\":\"https:\\\/\\\/wordpress2.hdnweb.com\\\/en\\\/2020\\\/07\\\/31\\\/la-mas-reciente-obra-publicada-del-autor-salvador-negrin-la-corona-de-los-anos-dorados-nos-presenta-un-mensaje-esperanzador-para-aquellos-individuos-de-la-tercera-que-se-encuentran-perdidos-en-esta-7\\\/\",\"name\":\"La M\u00e1s Reciente Obra Publicada Del Autor Salvador Negr\u00edn, La Corona De Los A\u00f1os Dorados, Nos Presenta Un Mensaje Esperanzador Para Aquellos Individuos De La Tercera Que Se Encuentran Perdidos En Esta Etapa De Sus Vidas - Multisitio 2\",\"isPartOf\":{\"@id\":\"https:\\\/\\\/wordpress2.hdnweb.com\\\/en\\\/#website\"},\"primaryImageOfPage\":{\"@id\":\"https:\\\/\\\/wordpress2.hdnweb.com\\\/en\\\/2020\\\/07\\\/31\\\/la-mas-reciente-obra-publicada-del-autor-salvador-negrin-la-corona-de-los-anos-dorados-nos-presenta-un-mensaje-esperanzador-para-aquellos-individuos-de-la-tercera-que-se-encuentran-perdidos-en-esta-7\\\/#primaryimage\"},\"image\":{\"@id\":\"https:\\\/\\\/wordpress2.hdnweb.com\\\/2020\\\/07\\\/31\\\/la-mas-reciente-obra-publicada-del-autor-salvador-negrin-la-corona-de-los-anos-dorados-nos-presenta-un-mensaje-esperanzador-para-aquellos-individuos-de-la-tercera-que-se-encuentran-perdidos-en-esta-7\\\/#primaryimage\"},\"thumbnailUrl\":\"https:\\\/\\\/wordpress2.hdnweb.com\\\/wp-content\\\/uploads\\\/2020\\\/05\\\/16329_1_86945.jpg\",\"datePublished\":\"2020-07-31T06:00:00+00:00\",\"author\":{\"@id\":\"https:\\\/\\\/wordpress2.hdnweb.com\\\/#\\\/schema\\\/person\\\/c112e8e970f2cfc8553cdb5392b493ad\"},\"breadcrumb\":{\"@id\":\"https:\\\/\\\/wordpress2.hdnweb.com\\\/en\\\/2020\\\/07\\\/31\\\/la-mas-reciente-obra-publicada-del-autor-salvador-negrin-la-corona-de-los-anos-dorados-nos-presenta-un-mensaje-esperanzador-para-aquellos-individuos-de-la-tercera-que-se-encuentran-perdidos-en-esta-7\\\/#breadcrumb\"},\"inLanguage\":\"en-US\",\"potentialAction\":[{\"@type\":\"ReadAction\",\"target\":[[\"https:\\\/\\\/wordpress2.hdnweb.com\\\/en\\\/2020\\\/07\\\/31\\\/la-mas-reciente-obra-publicada-del-autor-salvador-negrin-la-corona-de-los-anos-dorados-nos-presenta-un-mensaje-esperanzador-para-aquellos-individuos-de-la-tercera-que-se-encuentran-perdidos-en-esta-7\\\/\"]]}]},{\"@type\":\"ImageObject\",\"inLanguage\":\"en-US\",\"@id\":\"https:\\\/\\\/wordpress2.hdnweb.com\\\/en\\\/2020\\\/07\\\/31\\\/la-mas-reciente-obra-publicada-del-autor-salvador-negrin-la-corona-de-los-anos-dorados-nos-presenta-un-mensaje-esperanzador-para-aquellos-individuos-de-la-tercera-que-se-encuentran-perdidos-en-esta-7\\\/#primaryimage\",\"url\":\"https:\\\/\\\/wordpress2.hdnweb.com\\\/wp-content\\\/uploads\\\/2020\\\/05\\\/16329_1_86945.jpg\",\"contentUrl\":\"https:\\\/\\\/wordpress2.hdnweb.com\\\/wp-content\\\/uploads\\\/2020\\\/05\\\/16329_1_86945.jpg\",\"width\":1333,\"height\":2000,\"caption\":\"Salvador-Negrin\"},{\"@type\":\"BreadcrumbList\",\"@id\":\"https:\\\/\\\/wordpress2.hdnweb.com\\\/en\\\/2020\\\/07\\\/31\\\/la-mas-reciente-obra-publicada-del-autor-salvador-negrin-la-corona-de-los-anos-dorados-nos-presenta-un-mensaje-esperanzador-para-aquellos-individuos-de-la-tercera-que-se-encuentran-perdidos-en-esta-7\\\/#breadcrumb\",\"itemListElement\":[{\"@type\":\"ListItem\",\"position\":1,\"name\":\"Portada\",\"item\":\"https:\\\/\\\/wordpress2.hdnweb.com\\\/en\\\/\"},{\"@type\":\"ListItem\",\"position\":2,\"name\":\"La M\u00e1s Reciente Obra Publicada Del Autor Salvador Negr\u00edn, La Corona De Los A\u00f1os Dorados, Nos Presenta Un Mensaje Esperanzador Para Aquellos Individuos De La Tercera Que Se Encuentran Perdidos En Esta Etapa De Sus Vidas\"}]},{\"@type\":\"WebSite\",\"@id\":\"https:\\\/\\\/wordpress2.hdnweb.com\\\/en\\\/#website\",\"url\":\"https:\\\/\\\/wordpress2.hdnweb.com\\\/en\\\/\",\"name\":\"Multisitio 2\",\"description\":\"\",\"potentialAction\":[{\"@type\":\"SearchAction\",\"target\":{\"@type\":\"EntryPoint\",\"urlTemplate\":\"https:\\\/\\\/wordpress2.hdnweb.com\\\/en\\\/?s={search_term_string}\"},\"query-input\":{\"@type\":\"PropertyValueSpecification\",\"valueRequired\":true,\"valueName\":\"search_term_string\"}}],\"inLanguage\":\"en-US\"},{\"@type\":\"Person\",\"@id\":\"https:\\\/\\\/wordpress2.hdnweb.com\\\/#\\\/schema\\\/person\\\/c112e8e970f2cfc8553cdb5392b493ad\",\"name\":\"venred\",\"image\":{\"@type\":\"ImageObject\",\"inLanguage\":\"en-US\",\"@id\":\"https:\\\/\\\/secure.gravatar.com\\\/avatar\\\/2b023a883433f83ad0a3036a7ba60d3133c4e0619f3bca6230ba8c7521b6dec8?s=96&d=mm&r=g\",\"url\":\"https:\\\/\\\/secure.gravatar.com\\\/avatar\\\/2b023a883433f83ad0a3036a7ba60d3133c4e0619f3bca6230ba8c7521b6dec8?s=96&d=mm&r=g\",\"contentUrl\":\"https:\\\/\\\/secure.gravatar.com\\\/avatar\\\/2b023a883433f83ad0a3036a7ba60d3133c4e0619f3bca6230ba8c7521b6dec8?s=96&d=mm&r=g\",\"caption\":\"venred\"},\"url\":\"https:\\\/\\\/wordpress2.hdnweb.com\\\/en\\\/author\\\/venred\\\/\"}]}<\/script>\n<!-- \/ Yoast SEO plugin. -->","yoast_head_json":{"title":"La M\u00e1s Reciente Obra Publicada Del Autor Salvador Negr\u00edn, La Corona De Los A\u00f1os Dorados, Nos Presenta Un Mensaje Esperanzador Para Aquellos Individuos De La Tercera Que Se Encuentran Perdidos En Esta Etapa De Sus Vidas - Multisitio 2","robots":{"index":"index","follow":"follow","max-snippet":"max-snippet:-1","max-image-preview":"max-image-preview:large","max-video-preview":"max-video-preview:-1"},"canonical":"https:\/\/wordpress2.hdnweb.com\/en\/2020\/07\/31\/la-mas-reciente-obra-publicada-del-autor-salvador-negrin-la-corona-de-los-anos-dorados-nos-presenta-un-mensaje-esperanzador-para-aquellos-individuos-de-la-tercera-que-se-encuentran-perdidos-en-esta-7\/","og_locale":"en_US","og_type":"article","og_title":"La M\u00e1s Reciente Obra Publicada Del Autor Salvador Negr\u00edn, La Corona De Los A\u00f1os Dorados, Nos Presenta Un Mensaje Esperanzador Para Aquellos Individuos De La Tercera Que Se Encuentran Perdidos En Esta Etapa De Sus Vidas - Multisitio 2","og_description":"MIAMI, July 31, 2020 \/PRNewswire-HISPANIC PR WIRE\/ -- La corona de los A\u00f1os Dorados, es una obra escrita por la mano del autor Salvador Negr\u00edn, pastor evang\u00e9lico, bautista, teoterapeuta, psic\u00f3logo cl\u00ednico, profesor del Seminario Teol\u00f3gico de New Orleans en Miami, Florida. Ha escrito doce libros y ha asistido a diferentes programas de radio y televisi\u00f3n. Es conferencista internacional. En la actualidad est\u00e1 casado con...","og_url":"https:\/\/wordpress2.hdnweb.com\/en\/2020\/07\/31\/la-mas-reciente-obra-publicada-del-autor-salvador-negrin-la-corona-de-los-anos-dorados-nos-presenta-un-mensaje-esperanzador-para-aquellos-individuos-de-la-tercera-que-se-encuentran-perdidos-en-esta-7\/","og_site_name":"Multisitio 2","article_published_time":"2020-07-31T06:00:00+00:00","og_image":[{"width":1333,"height":2000,"url":"https:\/\/wordpress2.hdnweb.com\/wp-content\/uploads\/2020\/05\/16329_1_86945.jpg","type":"image\/jpeg"}],"author":"venred","twitter_card":"summary_large_image","twitter_misc":{"Written by":"venred","Est. reading time":"3 minutes"},"schema":{"@context":"https:\/\/schema.org","@graph":[{"@type":"Article","@id":"https:\/\/wordpress2.hdnweb.com\/2020\/07\/31\/la-mas-reciente-obra-publicada-del-autor-salvador-negrin-la-corona-de-los-anos-dorados-nos-presenta-un-mensaje-esperanzador-para-aquellos-individuos-de-la-tercera-que-se-encuentran-perdidos-en-esta-7\/#article","isPartOf":{"@id":"https:\/\/wordpress2.hdnweb.com\/2020\/07\/31\/la-mas-reciente-obra-publicada-del-autor-salvador-negrin-la-corona-de-los-anos-dorados-nos-presenta-un-mensaje-esperanzador-para-aquellos-individuos-de-la-tercera-que-se-encuentran-perdidos-en-esta-7\/"},"author":{"name":"venred","@id":"https:\/\/wordpress2.hdnweb.com\/#\/schema\/person\/c112e8e970f2cfc8553cdb5392b493ad"},"headline":"(Espa\u00f1ol) La M\u00e1s Reciente Obra Publicada Del Autor Salvador Negr\u00edn, La Corona De Los A\u00f1os Dorados, Nos Presenta Un Mensaje Esperanzador Para Aquellos Individuos De La Tercera Que Se Encuentran Perdidos En Esta Etapa De Sus Vidas","datePublished":"2020-07-31T06:00:00+00:00","mainEntityOfPage":{"@id":"https:\/\/wordpress2.hdnweb.com\/2020\/07\/31\/la-mas-reciente-obra-publicada-del-autor-salvador-negrin-la-corona-de-los-anos-dorados-nos-presenta-un-mensaje-esperanzador-para-aquellos-individuos-de-la-tercera-que-se-encuentran-perdidos-en-esta-7\/"},"wordCount":671,"commentCount":0,"image":{"@id":"https:\/\/wordpress2.hdnweb.com\/2020\/07\/31\/la-mas-reciente-obra-publicada-del-autor-salvador-negrin-la-corona-de-los-anos-dorados-nos-presenta-un-mensaje-esperanzador-para-aquellos-individuos-de-la-tercera-que-se-encuentran-perdidos-en-esta-7\/#primaryimage"},"thumbnailUrl":"https:\/\/wordpress2.hdnweb.com\/wp-content\/uploads\/2020\/05\/16329_1_86945.jpg","articleSection":["Alfredo"],"inLanguage":"en-US"},{"@type":"WebPage","@id":"https:\/\/wordpress2.hdnweb.com\/en\/2020\/07\/31\/la-mas-reciente-obra-publicada-del-autor-salvador-negrin-la-corona-de-los-anos-dorados-nos-presenta-un-mensaje-esperanzador-para-aquellos-individuos-de-la-tercera-que-se-encuentran-perdidos-en-esta-7\/","url":"https:\/\/wordpress2.hdnweb.com\/en\/2020\/07\/31\/la-mas-reciente-obra-publicada-del-autor-salvador-negrin-la-corona-de-los-anos-dorados-nos-presenta-un-mensaje-esperanzador-para-aquellos-individuos-de-la-tercera-que-se-encuentran-perdidos-en-esta-7\/","name":"La M\u00e1s Reciente Obra Publicada Del Autor Salvador Negr\u00edn, La Corona De Los A\u00f1os Dorados, Nos Presenta Un Mensaje Esperanzador Para Aquellos Individuos De La Tercera Que Se Encuentran Perdidos En Esta Etapa De Sus Vidas - Multisitio 2","isPartOf":{"@id":"https:\/\/wordpress2.hdnweb.com\/en\/#website"},"primaryImageOfPage":{"@id":"https:\/\/wordpress2.hdnweb.com\/en\/2020\/07\/31\/la-mas-reciente-obra-publicada-del-autor-salvador-negrin-la-corona-de-los-anos-dorados-nos-presenta-un-mensaje-esperanzador-para-aquellos-individuos-de-la-tercera-que-se-encuentran-perdidos-en-esta-7\/#primaryimage"},"image":{"@id":"https:\/\/wordpress2.hdnweb.com\/2020\/07\/31\/la-mas-reciente-obra-publicada-del-autor-salvador-negrin-la-corona-de-los-anos-dorados-nos-presenta-un-mensaje-esperanzador-para-aquellos-individuos-de-la-tercera-que-se-encuentran-perdidos-en-esta-7\/#primaryimage"},"thumbnailUrl":"https:\/\/wordpress2.hdnweb.com\/wp-content\/uploads\/2020\/05\/16329_1_86945.jpg","datePublished":"2020-07-31T06:00:00+00:00","author":{"@id":"https:\/\/wordpress2.hdnweb.com\/#\/schema\/person\/c112e8e970f2cfc8553cdb5392b493ad"},"breadcrumb":{"@id":"https:\/\/wordpress2.hdnweb.com\/en\/2020\/07\/31\/la-mas-reciente-obra-publicada-del-autor-salvador-negrin-la-corona-de-los-anos-dorados-nos-presenta-un-mensaje-esperanzador-para-aquellos-individuos-de-la-tercera-que-se-encuentran-perdidos-en-esta-7\/#breadcrumb"},"inLanguage":"en-US","potentialAction":[{"@type":"ReadAction","target":[["https:\/\/wordpress2.hdnweb.com\/en\/2020\/07\/31\/la-mas-reciente-obra-publicada-del-autor-salvador-negrin-la-corona-de-los-anos-dorados-nos-presenta-un-mensaje-esperanzador-para-aquellos-individuos-de-la-tercera-que-se-encuentran-perdidos-en-esta-7\/"]]}]},{"@type":"ImageObject","inLanguage":"en-US","@id":"https:\/\/wordpress2.hdnweb.com\/en\/2020\/07\/31\/la-mas-reciente-obra-publicada-del-autor-salvador-negrin-la-corona-de-los-anos-dorados-nos-presenta-un-mensaje-esperanzador-para-aquellos-individuos-de-la-tercera-que-se-encuentran-perdidos-en-esta-7\/#primaryimage","url":"https:\/\/wordpress2.hdnweb.com\/wp-content\/uploads\/2020\/05\/16329_1_86945.jpg","contentUrl":"https:\/\/wordpress2.hdnweb.com\/wp-content\/uploads\/2020\/05\/16329_1_86945.jpg","width":1333,"height":2000,"caption":"Salvador-Negrin"},{"@type":"BreadcrumbList","@id":"https:\/\/wordpress2.hdnweb.com\/en\/2020\/07\/31\/la-mas-reciente-obra-publicada-del-autor-salvador-negrin-la-corona-de-los-anos-dorados-nos-presenta-un-mensaje-esperanzador-para-aquellos-individuos-de-la-tercera-que-se-encuentran-perdidos-en-esta-7\/#breadcrumb","itemListElement":[{"@type":"ListItem","position":1,"name":"Portada","item":"https:\/\/wordpress2.hdnweb.com\/en\/"},{"@type":"ListItem","position":2,"name":"La M\u00e1s Reciente Obra Publicada Del Autor Salvador Negr\u00edn, La Corona De Los A\u00f1os Dorados, Nos Presenta Un Mensaje Esperanzador Para Aquellos Individuos De La Tercera Que Se Encuentran Perdidos En Esta Etapa De Sus Vidas"}]},{"@type":"WebSite","@id":"https:\/\/wordpress2.hdnweb.com\/en\/#website","url":"https:\/\/wordpress2.hdnweb.com\/en\/","name":"Multisitio 2","description":"","potentialAction":[{"@type":"SearchAction","target":{"@type":"EntryPoint","urlTemplate":"https:\/\/wordpress2.hdnweb.com\/en\/?s={search_term_string}"},"query-input":{"@type":"PropertyValueSpecification","valueRequired":true,"valueName":"search_term_string"}}],"inLanguage":"en-US"},{"@type":"Person","@id":"https:\/\/wordpress2.hdnweb.com\/#\/schema\/person\/c112e8e970f2cfc8553cdb5392b493ad","name":"venred","image":{"@type":"ImageObject","inLanguage":"en-US","@id":"https:\/\/secure.gravatar.com\/avatar\/2b023a883433f83ad0a3036a7ba60d3133c4e0619f3bca6230ba8c7521b6dec8?s=96&d=mm&r=g","url":"https:\/\/secure.gravatar.com\/avatar\/2b023a883433f83ad0a3036a7ba60d3133c4e0619f3bca6230ba8c7521b6dec8?s=96&d=mm&r=g","contentUrl":"https:\/\/secure.gravatar.com\/avatar\/2b023a883433f83ad0a3036a7ba60d3133c4e0619f3bca6230ba8c7521b6dec8?s=96&d=mm&r=g","caption":"venred"},"url":"https:\/\/wordpress2.hdnweb.com\/en\/author\/venred\/"}]}},"_links":{"self":[{"href":"https:\/\/wordpress2.hdnweb.com\/en\/wp-json\/wp\/v2\/posts\/16329","targetHints":{"allow":["GET"]}}],"collection":[{"href":"https:\/\/wordpress2.hdnweb.com\/en\/wp-json\/wp\/v2\/posts"}],"about":[{"href":"https:\/\/wordpress2.hdnweb.com\/en\/wp-json\/wp\/v2\/types\/post"}],"author":[{"embeddable":true,"href":"https:\/\/wordpress2.hdnweb.com\/en\/wp-json\/wp\/v2\/users\/1"}],"replies":[{"embeddable":true,"href":"https:\/\/wordpress2.hdnweb.com\/en\/wp-json\/wp\/v2\/comments?post=16329"}],"version-history":[{"count":0,"href":"https:\/\/wordpress2.hdnweb.com\/en\/wp-json\/wp\/v2\/posts\/16329\/revisions"}],"wp:featuredmedia":[{"embeddable":true,"href":"https:\/\/wordpress2.hdnweb.com\/en\/wp-json\/wp\/v2\/media\/16330"}],"wp:attachment":[{"href":"https:\/\/wordpress2.hdnweb.com\/en\/wp-json\/wp\/v2\/media?parent=16329"}],"wp:term":[{"taxonomy":"category","embeddable":true,"href":"https:\/\/wordpress2.hdnweb.com\/en\/wp-json\/wp\/v2\/categories?post=16329"},{"taxonomy":"post_tag","embeddable":true,"href":"https:\/\/wordpress2.hdnweb.com\/en\/wp-json\/wp\/v2\/tags?post=16329"}],"curies":[{"name":"wp","href":"https:\/\/api.w.org\/{rel}","templated":true}]}}