{"id":1945,"date":"2020-03-09T04:15:00","date_gmt":"2020-03-09T04:15:00","guid":{"rendered":"http:\/\/wordpress2.hdnweb.com\/2020\/03\/09\/cle-de-peau-beaute-anuncia-los-ganadores-del-poder-del-esplendor-edicion-2020-2\/"},"modified":"2020-03-09T04:15:00","modified_gmt":"2020-03-09T04:15:00","slug":"cle-de-peau-beaute-anuncia-los-ganadores-del-poder-del-esplendor-edicion-2020-2","status":"publish","type":"post","link":"https:\/\/wordpress2.hdnweb.com\/en\/2020\/03\/09\/cle-de-peau-beaute-anuncia-los-ganadores-del-poder-del-esplendor-edicion-2020-2\/","title":{"rendered":"(Espa\u00f1ol) Cl\u00e9 de Peau Beaut\u00e9 anuncia los ganadores del &#8216;Poder del Esplendor&#8217;, edici\u00f3n 2020"},"content":{"rendered":"<p class=\"qtranxs-available-languages-message qtranxs-available-languages-message-en\">Sorry, this entry is only available in <a href=\"https:\/\/wordpress2.hdnweb.com\/es\/wp-json\/wp\/v2\/posts\/1945\" class=\"qtranxs-available-language-link qtranxs-available-language-link-es\" title=\"Espa\u00f1ol\">Espa\u00f1ol<\/a>.<\/p>","protected":false},"excerpt":{"rendered":"<p class=\"qtranxs-available-languages-message qtranxs-available-languages-message-en\">Sorry, this entry is only available in <a href=\"https:\/\/wordpress2.hdnweb.com\/es\/wp-json\/wp\/v2\/posts\/1945\" class=\"qtranxs-available-language-link qtranxs-available-language-link-es\" title=\"Espa\u00f1ol\">Espa\u00f1ol<\/a>.<\/p>\n","protected":false},"author":1,"featured_media":1946,"comment_status":"open","ping_status":"open","sticky":false,"template":"","format":"standard","meta":{"_acf_changed":false,"_monsterinsights_skip_tracking":false,"_monsterinsights_sitenote_active":false,"_monsterinsights_sitenote_note":"","_monsterinsights_sitenote_category":0,"footnotes":""},"categories":[23],"tags":[],"class_list":["post-1945","post","type-post","status-publish","format-standard","has-post-thumbnail","hentry","category-alfredo"],"acf":[],"yoast_head":"<!-- This site is optimized with the Yoast SEO plugin v27.5 - https:\/\/yoast.com\/product\/yoast-seo-wordpress\/ -->\n<title>Cl\u00e9 de Peau Beaut\u00e9 anuncia los ganadores del &#039;Poder del Esplendor&#039;, edici\u00f3n 2020 - Multisitio 2<\/title>\n<meta name=\"robots\" content=\"index, follow, max-snippet:-1, max-image-preview:large, max-video-preview:-1\" \/>\n<link rel=\"canonical\" href=\"https:\/\/wordpress2.hdnweb.com\/en\/2020\/03\/09\/cle-de-peau-beaute-anuncia-los-ganadores-del-poder-del-esplendor-edicion-2020-2\/\" \/>\n<meta property=\"og:locale\" content=\"en_US\" \/>\n<meta property=\"og:type\" content=\"article\" \/>\n<meta property=\"og:title\" content=\"Cl\u00e9 de Peau Beaut\u00e9 anuncia los ganadores del &#039;Poder del Esplendor&#039;, edici\u00f3n 2020 - Multisitio 2\" \/>\n<meta property=\"og:description\" content=\"TOKIO, 9 de marzo de 2020 \/PRNewswire\/ -- Cl\u00e9 de Peau Beaut\u00e9, la lujosa marca de maquillaje y cuidado de la piel, se enorgullece en anunciar la segunda edici\u00f3n de &#039;Power of Radiance Awards&#039; (Premios Poder del Esplendor) como parte de su continuo compromiso filantr\u00f3pico abogando por la educaci\u00f3n de las ni\u00f1as como una clave para empoderar un ma\u00f1ana m\u00e1s brillante. Llega tras una sociedad de varios a\u00f1os con UNICEF para apoyar la educaci\u00f3n y el empoderamiento de las ni\u00f1as. Los &#039;Premios Poder del Esplendor&#039; honran a las...\" \/>\n<meta property=\"og:url\" content=\"https:\/\/wordpress2.hdnweb.com\/en\/2020\/03\/09\/cle-de-peau-beaute-anuncia-los-ganadores-del-poder-del-esplendor-edicion-2020-2\/\" \/>\n<meta property=\"og:site_name\" content=\"Multisitio 2\" \/>\n<meta property=\"article:published_time\" content=\"2020-03-09T04:15:00+00:00\" \/>\n<meta property=\"og:image\" content=\"https:\/\/wordpress2.hdnweb.com\/wp-content\/uploads\/2020\/02\/1945_1_20078.jpg\" \/>\n\t<meta property=\"og:image:width\" content=\"1660\" \/>\n\t<meta property=\"og:image:height\" content=\"1756\" \/>\n\t<meta property=\"og:image:type\" content=\"image\/jpeg\" \/>\n<meta name=\"author\" content=\"venred\" \/>\n<meta name=\"twitter:card\" content=\"summary_large_image\" \/>\n<meta name=\"twitter:label1\" content=\"Written by\" \/>\n\t<meta name=\"twitter:data1\" content=\"venred\" \/>\n\t<meta name=\"twitter:label2\" content=\"Est. reading time\" \/>\n\t<meta name=\"twitter:data2\" content=\"6 minutes\" \/>\n<script type=\"application\/ld+json\" class=\"yoast-schema-graph\">{\"@context\":\"https:\\\/\\\/schema.org\",\"@graph\":[{\"@type\":\"Article\",\"@id\":\"https:\\\/\\\/wordpress2.hdnweb.com\\\/2020\\\/03\\\/09\\\/cle-de-peau-beaute-anuncia-los-ganadores-del-poder-del-esplendor-edicion-2020-2\\\/#article\",\"isPartOf\":{\"@id\":\"https:\\\/\\\/wordpress2.hdnweb.com\\\/2020\\\/03\\\/09\\\/cle-de-peau-beaute-anuncia-los-ganadores-del-poder-del-esplendor-edicion-2020-2\\\/\"},\"author\":{\"name\":\"venred\",\"@id\":\"https:\\\/\\\/wordpress2.hdnweb.com\\\/#\\\/schema\\\/person\\\/c112e8e970f2cfc8553cdb5392b493ad\"},\"headline\":\"(Espa\u00f1ol) Cl\u00e9 de Peau Beaut\u00e9 anuncia los ganadores del &#8216;Poder del Esplendor&#8217;, edici\u00f3n 2020\",\"datePublished\":\"2020-03-09T04:15:00+00:00\",\"mainEntityOfPage\":{\"@id\":\"https:\\\/\\\/wordpress2.hdnweb.com\\\/2020\\\/03\\\/09\\\/cle-de-peau-beaute-anuncia-los-ganadores-del-poder-del-esplendor-edicion-2020-2\\\/\"},\"wordCount\":1311,\"commentCount\":0,\"image\":{\"@id\":\"https:\\\/\\\/wordpress2.hdnweb.com\\\/2020\\\/03\\\/09\\\/cle-de-peau-beaute-anuncia-los-ganadores-del-poder-del-esplendor-edicion-2020-2\\\/#primaryimage\"},\"thumbnailUrl\":\"https:\\\/\\\/wordpress2.hdnweb.com\\\/wp-content\\\/uploads\\\/2020\\\/02\\\/1945_1_20078.jpg\",\"articleSection\":[\"Alfredo\"],\"inLanguage\":\"en-US\"},{\"@type\":\"WebPage\",\"@id\":\"https:\\\/\\\/wordpress2.hdnweb.com\\\/en\\\/2020\\\/03\\\/09\\\/cle-de-peau-beaute-anuncia-los-ganadores-del-poder-del-esplendor-edicion-2020-2\\\/\",\"url\":\"https:\\\/\\\/wordpress2.hdnweb.com\\\/en\\\/2020\\\/03\\\/09\\\/cle-de-peau-beaute-anuncia-los-ganadores-del-poder-del-esplendor-edicion-2020-2\\\/\",\"name\":\"Cl\u00e9 de Peau Beaut\u00e9 anuncia los ganadores del 'Poder del Esplendor', edici\u00f3n 2020 - Multisitio 2\",\"isPartOf\":{\"@id\":\"https:\\\/\\\/wordpress2.hdnweb.com\\\/en\\\/#website\"},\"primaryImageOfPage\":{\"@id\":\"https:\\\/\\\/wordpress2.hdnweb.com\\\/en\\\/2020\\\/03\\\/09\\\/cle-de-peau-beaute-anuncia-los-ganadores-del-poder-del-esplendor-edicion-2020-2\\\/#primaryimage\"},\"image\":{\"@id\":\"https:\\\/\\\/wordpress2.hdnweb.com\\\/2020\\\/03\\\/09\\\/cle-de-peau-beaute-anuncia-los-ganadores-del-poder-del-esplendor-edicion-2020-2\\\/#primaryimage\"},\"thumbnailUrl\":\"https:\\\/\\\/wordpress2.hdnweb.com\\\/wp-content\\\/uploads\\\/2020\\\/02\\\/1945_1_20078.jpg\",\"datePublished\":\"2020-03-09T04:15:00+00:00\",\"author\":{\"@id\":\"https:\\\/\\\/wordpress2.hdnweb.com\\\/#\\\/schema\\\/person\\\/c112e8e970f2cfc8553cdb5392b493ad\"},\"breadcrumb\":{\"@id\":\"https:\\\/\\\/wordpress2.hdnweb.com\\\/en\\\/2020\\\/03\\\/09\\\/cle-de-peau-beaute-anuncia-los-ganadores-del-poder-del-esplendor-edicion-2020-2\\\/#breadcrumb\"},\"inLanguage\":\"en-US\",\"potentialAction\":[{\"@type\":\"ReadAction\",\"target\":[[\"https:\\\/\\\/wordpress2.hdnweb.com\\\/en\\\/2020\\\/03\\\/09\\\/cle-de-peau-beaute-anuncia-los-ganadores-del-poder-del-esplendor-edicion-2020-2\\\/\"]]}]},{\"@type\":\"ImageObject\",\"inLanguage\":\"en-US\",\"@id\":\"https:\\\/\\\/wordpress2.hdnweb.com\\\/en\\\/2020\\\/03\\\/09\\\/cle-de-peau-beaute-anuncia-los-ganadores-del-poder-del-esplendor-edicion-2020-2\\\/#primaryimage\",\"url\":\"https:\\\/\\\/wordpress2.hdnweb.com\\\/wp-content\\\/uploads\\\/2020\\\/02\\\/1945_1_20078.jpg\",\"contentUrl\":\"https:\\\/\\\/wordpress2.hdnweb.com\\\/wp-content\\\/uploads\\\/2020\\\/02\\\/1945_1_20078.jpg\",\"width\":1660,\"height\":1756,\"caption\":\"Se&ntilde;orita Pratiksha Pandey (I) y se&ntilde;orita Binita Shrestha (D), ganadoras del &lsquo;Premio Poder del Esplendor&rsquo;, edici&oacute;n 2020\"},{\"@type\":\"BreadcrumbList\",\"@id\":\"https:\\\/\\\/wordpress2.hdnweb.com\\\/en\\\/2020\\\/03\\\/09\\\/cle-de-peau-beaute-anuncia-los-ganadores-del-poder-del-esplendor-edicion-2020-2\\\/#breadcrumb\",\"itemListElement\":[{\"@type\":\"ListItem\",\"position\":1,\"name\":\"Portada\",\"item\":\"https:\\\/\\\/wordpress2.hdnweb.com\\\/en\\\/\"},{\"@type\":\"ListItem\",\"position\":2,\"name\":\"Cl\u00e9 de Peau Beaut\u00e9 anuncia los ganadores del &#8216;Poder del Esplendor&#8217;, edici\u00f3n 2020\"}]},{\"@type\":\"WebSite\",\"@id\":\"https:\\\/\\\/wordpress2.hdnweb.com\\\/en\\\/#website\",\"url\":\"https:\\\/\\\/wordpress2.hdnweb.com\\\/en\\\/\",\"name\":\"Multisitio 2\",\"description\":\"\",\"potentialAction\":[{\"@type\":\"SearchAction\",\"target\":{\"@type\":\"EntryPoint\",\"urlTemplate\":\"https:\\\/\\\/wordpress2.hdnweb.com\\\/en\\\/?s={search_term_string}\"},\"query-input\":{\"@type\":\"PropertyValueSpecification\",\"valueRequired\":true,\"valueName\":\"search_term_string\"}}],\"inLanguage\":\"en-US\"},{\"@type\":\"Person\",\"@id\":\"https:\\\/\\\/wordpress2.hdnweb.com\\\/#\\\/schema\\\/person\\\/c112e8e970f2cfc8553cdb5392b493ad\",\"name\":\"venred\",\"image\":{\"@type\":\"ImageObject\",\"inLanguage\":\"en-US\",\"@id\":\"https:\\\/\\\/secure.gravatar.com\\\/avatar\\\/2b023a883433f83ad0a3036a7ba60d3133c4e0619f3bca6230ba8c7521b6dec8?s=96&d=mm&r=g\",\"url\":\"https:\\\/\\\/secure.gravatar.com\\\/avatar\\\/2b023a883433f83ad0a3036a7ba60d3133c4e0619f3bca6230ba8c7521b6dec8?s=96&d=mm&r=g\",\"contentUrl\":\"https:\\\/\\\/secure.gravatar.com\\\/avatar\\\/2b023a883433f83ad0a3036a7ba60d3133c4e0619f3bca6230ba8c7521b6dec8?s=96&d=mm&r=g\",\"caption\":\"venred\"},\"url\":\"https:\\\/\\\/wordpress2.hdnweb.com\\\/en\\\/author\\\/venred\\\/\"}]}<\/script>\n<!-- \/ Yoast SEO plugin. -->","yoast_head_json":{"title":"Cl\u00e9 de Peau Beaut\u00e9 anuncia los ganadores del 'Poder del Esplendor', edici\u00f3n 2020 - Multisitio 2","robots":{"index":"index","follow":"follow","max-snippet":"max-snippet:-1","max-image-preview":"max-image-preview:large","max-video-preview":"max-video-preview:-1"},"canonical":"https:\/\/wordpress2.hdnweb.com\/en\/2020\/03\/09\/cle-de-peau-beaute-anuncia-los-ganadores-del-poder-del-esplendor-edicion-2020-2\/","og_locale":"en_US","og_type":"article","og_title":"Cl\u00e9 de Peau Beaut\u00e9 anuncia los ganadores del 'Poder del Esplendor', edici\u00f3n 2020 - Multisitio 2","og_description":"TOKIO, 9 de marzo de 2020 \/PRNewswire\/ -- Cl\u00e9 de Peau Beaut\u00e9, la lujosa marca de maquillaje y cuidado de la piel, se enorgullece en anunciar la segunda edici\u00f3n de 'Power of Radiance Awards' (Premios Poder del Esplendor) como parte de su continuo compromiso filantr\u00f3pico abogando por la educaci\u00f3n de las ni\u00f1as como una clave para empoderar un ma\u00f1ana m\u00e1s brillante. Llega tras una sociedad de varios a\u00f1os con UNICEF para apoyar la educaci\u00f3n y el empoderamiento de las ni\u00f1as. Los 'Premios Poder del Esplendor' honran a las...","og_url":"https:\/\/wordpress2.hdnweb.com\/en\/2020\/03\/09\/cle-de-peau-beaute-anuncia-los-ganadores-del-poder-del-esplendor-edicion-2020-2\/","og_site_name":"Multisitio 2","article_published_time":"2020-03-09T04:15:00+00:00","og_image":[{"width":1660,"height":1756,"url":"https:\/\/wordpress2.hdnweb.com\/wp-content\/uploads\/2020\/02\/1945_1_20078.jpg","type":"image\/jpeg"}],"author":"venred","twitter_card":"summary_large_image","twitter_misc":{"Written by":"venred","Est. reading time":"6 minutes"},"schema":{"@context":"https:\/\/schema.org","@graph":[{"@type":"Article","@id":"https:\/\/wordpress2.hdnweb.com\/2020\/03\/09\/cle-de-peau-beaute-anuncia-los-ganadores-del-poder-del-esplendor-edicion-2020-2\/#article","isPartOf":{"@id":"https:\/\/wordpress2.hdnweb.com\/2020\/03\/09\/cle-de-peau-beaute-anuncia-los-ganadores-del-poder-del-esplendor-edicion-2020-2\/"},"author":{"name":"venred","@id":"https:\/\/wordpress2.hdnweb.com\/#\/schema\/person\/c112e8e970f2cfc8553cdb5392b493ad"},"headline":"(Espa\u00f1ol) Cl\u00e9 de Peau Beaut\u00e9 anuncia los ganadores del &#8216;Poder del Esplendor&#8217;, edici\u00f3n 2020","datePublished":"2020-03-09T04:15:00+00:00","mainEntityOfPage":{"@id":"https:\/\/wordpress2.hdnweb.com\/2020\/03\/09\/cle-de-peau-beaute-anuncia-los-ganadores-del-poder-del-esplendor-edicion-2020-2\/"},"wordCount":1311,"commentCount":0,"image":{"@id":"https:\/\/wordpress2.hdnweb.com\/2020\/03\/09\/cle-de-peau-beaute-anuncia-los-ganadores-del-poder-del-esplendor-edicion-2020-2\/#primaryimage"},"thumbnailUrl":"https:\/\/wordpress2.hdnweb.com\/wp-content\/uploads\/2020\/02\/1945_1_20078.jpg","articleSection":["Alfredo"],"inLanguage":"en-US"},{"@type":"WebPage","@id":"https:\/\/wordpress2.hdnweb.com\/en\/2020\/03\/09\/cle-de-peau-beaute-anuncia-los-ganadores-del-poder-del-esplendor-edicion-2020-2\/","url":"https:\/\/wordpress2.hdnweb.com\/en\/2020\/03\/09\/cle-de-peau-beaute-anuncia-los-ganadores-del-poder-del-esplendor-edicion-2020-2\/","name":"Cl\u00e9 de Peau Beaut\u00e9 anuncia los ganadores del 'Poder del Esplendor', edici\u00f3n 2020 - Multisitio 2","isPartOf":{"@id":"https:\/\/wordpress2.hdnweb.com\/en\/#website"},"primaryImageOfPage":{"@id":"https:\/\/wordpress2.hdnweb.com\/en\/2020\/03\/09\/cle-de-peau-beaute-anuncia-los-ganadores-del-poder-del-esplendor-edicion-2020-2\/#primaryimage"},"image":{"@id":"https:\/\/wordpress2.hdnweb.com\/2020\/03\/09\/cle-de-peau-beaute-anuncia-los-ganadores-del-poder-del-esplendor-edicion-2020-2\/#primaryimage"},"thumbnailUrl":"https:\/\/wordpress2.hdnweb.com\/wp-content\/uploads\/2020\/02\/1945_1_20078.jpg","datePublished":"2020-03-09T04:15:00+00:00","author":{"@id":"https:\/\/wordpress2.hdnweb.com\/#\/schema\/person\/c112e8e970f2cfc8553cdb5392b493ad"},"breadcrumb":{"@id":"https:\/\/wordpress2.hdnweb.com\/en\/2020\/03\/09\/cle-de-peau-beaute-anuncia-los-ganadores-del-poder-del-esplendor-edicion-2020-2\/#breadcrumb"},"inLanguage":"en-US","potentialAction":[{"@type":"ReadAction","target":[["https:\/\/wordpress2.hdnweb.com\/en\/2020\/03\/09\/cle-de-peau-beaute-anuncia-los-ganadores-del-poder-del-esplendor-edicion-2020-2\/"]]}]},{"@type":"ImageObject","inLanguage":"en-US","@id":"https:\/\/wordpress2.hdnweb.com\/en\/2020\/03\/09\/cle-de-peau-beaute-anuncia-los-ganadores-del-poder-del-esplendor-edicion-2020-2\/#primaryimage","url":"https:\/\/wordpress2.hdnweb.com\/wp-content\/uploads\/2020\/02\/1945_1_20078.jpg","contentUrl":"https:\/\/wordpress2.hdnweb.com\/wp-content\/uploads\/2020\/02\/1945_1_20078.jpg","width":1660,"height":1756,"caption":"Se&ntilde;orita Pratiksha Pandey (I) y se&ntilde;orita Binita Shrestha (D), ganadoras del &lsquo;Premio Poder del Esplendor&rsquo;, edici&oacute;n 2020"},{"@type":"BreadcrumbList","@id":"https:\/\/wordpress2.hdnweb.com\/en\/2020\/03\/09\/cle-de-peau-beaute-anuncia-los-ganadores-del-poder-del-esplendor-edicion-2020-2\/#breadcrumb","itemListElement":[{"@type":"ListItem","position":1,"name":"Portada","item":"https:\/\/wordpress2.hdnweb.com\/en\/"},{"@type":"ListItem","position":2,"name":"Cl\u00e9 de Peau Beaut\u00e9 anuncia los ganadores del &#8216;Poder del Esplendor&#8217;, edici\u00f3n 2020"}]},{"@type":"WebSite","@id":"https:\/\/wordpress2.hdnweb.com\/en\/#website","url":"https:\/\/wordpress2.hdnweb.com\/en\/","name":"Multisitio 2","description":"","potentialAction":[{"@type":"SearchAction","target":{"@type":"EntryPoint","urlTemplate":"https:\/\/wordpress2.hdnweb.com\/en\/?s={search_term_string}"},"query-input":{"@type":"PropertyValueSpecification","valueRequired":true,"valueName":"search_term_string"}}],"inLanguage":"en-US"},{"@type":"Person","@id":"https:\/\/wordpress2.hdnweb.com\/#\/schema\/person\/c112e8e970f2cfc8553cdb5392b493ad","name":"venred","image":{"@type":"ImageObject","inLanguage":"en-US","@id":"https:\/\/secure.gravatar.com\/avatar\/2b023a883433f83ad0a3036a7ba60d3133c4e0619f3bca6230ba8c7521b6dec8?s=96&d=mm&r=g","url":"https:\/\/secure.gravatar.com\/avatar\/2b023a883433f83ad0a3036a7ba60d3133c4e0619f3bca6230ba8c7521b6dec8?s=96&d=mm&r=g","contentUrl":"https:\/\/secure.gravatar.com\/avatar\/2b023a883433f83ad0a3036a7ba60d3133c4e0619f3bca6230ba8c7521b6dec8?s=96&d=mm&r=g","caption":"venred"},"url":"https:\/\/wordpress2.hdnweb.com\/en\/author\/venred\/"}]}},"_links":{"self":[{"href":"https:\/\/wordpress2.hdnweb.com\/en\/wp-json\/wp\/v2\/posts\/1945","targetHints":{"allow":["GET"]}}],"collection":[{"href":"https:\/\/wordpress2.hdnweb.com\/en\/wp-json\/wp\/v2\/posts"}],"about":[{"href":"https:\/\/wordpress2.hdnweb.com\/en\/wp-json\/wp\/v2\/types\/post"}],"author":[{"embeddable":true,"href":"https:\/\/wordpress2.hdnweb.com\/en\/wp-json\/wp\/v2\/users\/1"}],"replies":[{"embeddable":true,"href":"https:\/\/wordpress2.hdnweb.com\/en\/wp-json\/wp\/v2\/comments?post=1945"}],"version-history":[{"count":0,"href":"https:\/\/wordpress2.hdnweb.com\/en\/wp-json\/wp\/v2\/posts\/1945\/revisions"}],"wp:featuredmedia":[{"embeddable":true,"href":"https:\/\/wordpress2.hdnweb.com\/en\/wp-json\/wp\/v2\/media\/1946"}],"wp:attachment":[{"href":"https:\/\/wordpress2.hdnweb.com\/en\/wp-json\/wp\/v2\/media?parent=1945"}],"wp:term":[{"taxonomy":"category","embeddable":true,"href":"https:\/\/wordpress2.hdnweb.com\/en\/wp-json\/wp\/v2\/categories?post=1945"},{"taxonomy":"post_tag","embeddable":true,"href":"https:\/\/wordpress2.hdnweb.com\/en\/wp-json\/wp\/v2\/tags?post=1945"}],"curies":[{"name":"wp","href":"https:\/\/api.w.org\/{rel}","templated":true}]}}