{"id":29752,"date":"2020-12-09T05:40:00","date_gmt":"2020-12-09T05:40:00","guid":{"rendered":"https:\/\/wordpress2.hdnweb.com\/2020\/12\/09\/julie-kurcz-de-kia-es-nombrada-en-la-lista-de-100-mujeres-lideres-en-la-industria-automotriz-de-norteamerica-de-automotive-news-5\/"},"modified":"2020-12-09T05:40:00","modified_gmt":"2020-12-09T05:40:00","slug":"julie-kurcz-de-kia-es-nombrada-en-la-lista-de-100-mujeres-lideres-en-la-industria-automotriz-de-norteamerica-de-automotive-news-5","status":"publish","type":"post","link":"https:\/\/wordpress2.hdnweb.com\/en\/2020\/12\/09\/julie-kurcz-de-kia-es-nombrada-en-la-lista-de-100-mujeres-lideres-en-la-industria-automotriz-de-norteamerica-de-automotive-news-5\/","title":{"rendered":"(Espa\u00f1ol) Julie Kurcz de Kia es nombrada en la lista de 100 mujeres l\u00edderes en la industria automotriz de Norteam\u00e9rica de Automotive News"},"content":{"rendered":"<p class=\"qtranxs-available-languages-message qtranxs-available-languages-message-en\">Sorry, this entry is only available in <a href=\"https:\/\/wordpress2.hdnweb.com\/es\/wp-json\/wp\/v2\/posts\/29752\" class=\"qtranxs-available-language-link qtranxs-available-language-link-es\" title=\"Espa\u00f1ol\">Espa\u00f1ol<\/a>.<\/p>","protected":false},"excerpt":{"rendered":"<p class=\"qtranxs-available-languages-message qtranxs-available-languages-message-en\">Sorry, this entry is only available in <a href=\"https:\/\/wordpress2.hdnweb.com\/es\/wp-json\/wp\/v2\/posts\/29752\" class=\"qtranxs-available-language-link qtranxs-available-language-link-es\" title=\"Espa\u00f1ol\">Espa\u00f1ol<\/a>.<\/p>\n","protected":false},"author":1,"featured_media":29753,"comment_status":"open","ping_status":"open","sticky":false,"template":"","format":"standard","meta":{"_acf_changed":false,"_monsterinsights_skip_tracking":false,"_monsterinsights_sitenote_active":false,"_monsterinsights_sitenote_note":"","_monsterinsights_sitenote_category":0,"footnotes":""},"categories":[14],"tags":[],"class_list":["post-29752","post","type-post","status-publish","format-standard","has-post-thumbnail","hentry","category-jose-carlos-mier"],"acf":[],"yoast_head":"<!-- This site is optimized with the Yoast SEO plugin v27.5 - https:\/\/yoast.com\/product\/yoast-seo-wordpress\/ -->\n<title>Julie Kurcz de Kia es nombrada en la lista de 100 mujeres l\u00edderes en la industria automotriz de Norteam\u00e9rica de Automotive News - Multisitio 2<\/title>\n<meta name=\"robots\" content=\"index, follow, max-snippet:-1, max-image-preview:large, max-video-preview:-1\" \/>\n<link rel=\"canonical\" href=\"https:\/\/wordpress2.hdnweb.com\/en\/2020\/12\/09\/julie-kurcz-de-kia-es-nombrada-en-la-lista-de-100-mujeres-lideres-en-la-industria-automotriz-de-norteamerica-de-automotive-news-5\/\" \/>\n<meta property=\"og:locale\" content=\"en_US\" \/>\n<meta property=\"og:type\" content=\"article\" \/>\n<meta property=\"og:title\" content=\"Julie Kurcz de Kia es nombrada en la lista de 100 mujeres l\u00edderes en la industria automotriz de Norteam\u00e9rica de Automotive News - Multisitio 2\" \/>\n<meta property=\"og:description\" content=\"IRVINE, California, 9\u00a0de diciembre de 2020 \/PRNewswire-HISPANIC PR WIRE\/ --\u00a0Julie Kurcz, directora ejecutiva de calidad del producto para Kia Motors America, fue nombrada una de las 100\u00a0mujeres l\u00edderes en la industria automotriz de Norteam\u00e9rica por Automotive News para 2020. Esta lista, que se recopila cada cinco a\u00f1os desde el 2000 por un equipo de editores y reporteros de Automotive News, incluye talentosas e influyentes mujeres de diferentes disciplinas que tienen un impacto significativo en la industria automotriz. Esta...\" \/>\n<meta property=\"og:url\" content=\"https:\/\/wordpress2.hdnweb.com\/en\/2020\/12\/09\/julie-kurcz-de-kia-es-nombrada-en-la-lista-de-100-mujeres-lideres-en-la-industria-automotriz-de-norteamerica-de-automotive-news-5\/\" \/>\n<meta property=\"og:site_name\" content=\"Multisitio 2\" \/>\n<meta property=\"article:published_time\" content=\"2020-12-09T05:40:00+00:00\" \/>\n<meta property=\"og:image\" content=\"https:\/\/wordpress2.hdnweb.com\/wp-content\/uploads\/2020\/05\/29752_1_1000-scaled.jpg\" \/>\n\t<meta property=\"og:image:width\" content=\"2560\" \/>\n\t<meta property=\"og:image:height\" content=\"1920\" \/>\n\t<meta property=\"og:image:type\" content=\"image\/jpeg\" \/>\n<meta name=\"author\" content=\"venred\" \/>\n<meta name=\"twitter:card\" content=\"summary_large_image\" \/>\n<meta name=\"twitter:label1\" content=\"Written by\" \/>\n\t<meta name=\"twitter:data1\" content=\"venred\" \/>\n\t<meta name=\"twitter:label2\" content=\"Est. reading time\" \/>\n\t<meta name=\"twitter:data2\" content=\"4 minutes\" \/>\n<script type=\"application\/ld+json\" class=\"yoast-schema-graph\">{\"@context\":\"https:\\\/\\\/schema.org\",\"@graph\":[{\"@type\":\"Article\",\"@id\":\"https:\\\/\\\/wordpress2.hdnweb.com\\\/2020\\\/12\\\/09\\\/julie-kurcz-de-kia-es-nombrada-en-la-lista-de-100-mujeres-lideres-en-la-industria-automotriz-de-norteamerica-de-automotive-news-5\\\/#article\",\"isPartOf\":{\"@id\":\"https:\\\/\\\/wordpress2.hdnweb.com\\\/2020\\\/12\\\/09\\\/julie-kurcz-de-kia-es-nombrada-en-la-lista-de-100-mujeres-lideres-en-la-industria-automotriz-de-norteamerica-de-automotive-news-5\\\/\"},\"author\":{\"name\":\"venred\",\"@id\":\"https:\\\/\\\/wordpress2.hdnweb.com\\\/#\\\/schema\\\/person\\\/c112e8e970f2cfc8553cdb5392b493ad\"},\"headline\":\"(Espa\u00f1ol) Julie Kurcz de Kia es nombrada en la lista de 100 mujeres l\u00edderes en la industria automotriz de Norteam\u00e9rica de Automotive News\",\"datePublished\":\"2020-12-09T05:40:00+00:00\",\"mainEntityOfPage\":{\"@id\":\"https:\\\/\\\/wordpress2.hdnweb.com\\\/2020\\\/12\\\/09\\\/julie-kurcz-de-kia-es-nombrada-en-la-lista-de-100-mujeres-lideres-en-la-industria-automotriz-de-norteamerica-de-automotive-news-5\\\/\"},\"wordCount\":748,\"commentCount\":0,\"image\":{\"@id\":\"https:\\\/\\\/wordpress2.hdnweb.com\\\/2020\\\/12\\\/09\\\/julie-kurcz-de-kia-es-nombrada-en-la-lista-de-100-mujeres-lideres-en-la-industria-automotriz-de-norteamerica-de-automotive-news-5\\\/#primaryimage\"},\"thumbnailUrl\":\"https:\\\/\\\/wordpress2.hdnweb.com\\\/wp-content\\\/uploads\\\/2020\\\/05\\\/29752_1_1000-scaled.jpg\",\"articleSection\":[\"Jos\u00e9 Carlos Mier\"],\"inLanguage\":\"en-US\"},{\"@type\":\"WebPage\",\"@id\":\"https:\\\/\\\/wordpress2.hdnweb.com\\\/en\\\/2020\\\/12\\\/09\\\/julie-kurcz-de-kia-es-nombrada-en-la-lista-de-100-mujeres-lideres-en-la-industria-automotriz-de-norteamerica-de-automotive-news-5\\\/\",\"url\":\"https:\\\/\\\/wordpress2.hdnweb.com\\\/en\\\/2020\\\/12\\\/09\\\/julie-kurcz-de-kia-es-nombrada-en-la-lista-de-100-mujeres-lideres-en-la-industria-automotriz-de-norteamerica-de-automotive-news-5\\\/\",\"name\":\"Julie Kurcz de Kia es nombrada en la lista de 100 mujeres l\u00edderes en la industria automotriz de Norteam\u00e9rica de Automotive News - Multisitio 2\",\"isPartOf\":{\"@id\":\"https:\\\/\\\/wordpress2.hdnweb.com\\\/en\\\/#website\"},\"primaryImageOfPage\":{\"@id\":\"https:\\\/\\\/wordpress2.hdnweb.com\\\/en\\\/2020\\\/12\\\/09\\\/julie-kurcz-de-kia-es-nombrada-en-la-lista-de-100-mujeres-lideres-en-la-industria-automotriz-de-norteamerica-de-automotive-news-5\\\/#primaryimage\"},\"image\":{\"@id\":\"https:\\\/\\\/wordpress2.hdnweb.com\\\/2020\\\/12\\\/09\\\/julie-kurcz-de-kia-es-nombrada-en-la-lista-de-100-mujeres-lideres-en-la-industria-automotriz-de-norteamerica-de-automotive-news-5\\\/#primaryimage\"},\"thumbnailUrl\":\"https:\\\/\\\/wordpress2.hdnweb.com\\\/wp-content\\\/uploads\\\/2020\\\/05\\\/29752_1_1000-scaled.jpg\",\"datePublished\":\"2020-12-09T05:40:00+00:00\",\"author\":{\"@id\":\"https:\\\/\\\/wordpress2.hdnweb.com\\\/#\\\/schema\\\/person\\\/c112e8e970f2cfc8553cdb5392b493ad\"},\"breadcrumb\":{\"@id\":\"https:\\\/\\\/wordpress2.hdnweb.com\\\/en\\\/2020\\\/12\\\/09\\\/julie-kurcz-de-kia-es-nombrada-en-la-lista-de-100-mujeres-lideres-en-la-industria-automotriz-de-norteamerica-de-automotive-news-5\\\/#breadcrumb\"},\"inLanguage\":\"en-US\",\"potentialAction\":[{\"@type\":\"ReadAction\",\"target\":[[\"https:\\\/\\\/wordpress2.hdnweb.com\\\/en\\\/2020\\\/12\\\/09\\\/julie-kurcz-de-kia-es-nombrada-en-la-lista-de-100-mujeres-lideres-en-la-industria-automotriz-de-norteamerica-de-automotive-news-5\\\/\"]]}]},{\"@type\":\"ImageObject\",\"inLanguage\":\"en-US\",\"@id\":\"https:\\\/\\\/wordpress2.hdnweb.com\\\/en\\\/2020\\\/12\\\/09\\\/julie-kurcz-de-kia-es-nombrada-en-la-lista-de-100-mujeres-lideres-en-la-industria-automotriz-de-norteamerica-de-automotive-news-5\\\/#primaryimage\",\"url\":\"https:\\\/\\\/wordpress2.hdnweb.com\\\/wp-content\\\/uploads\\\/2020\\\/05\\\/29752_1_1000-scaled.jpg\",\"contentUrl\":\"https:\\\/\\\/wordpress2.hdnweb.com\\\/wp-content\\\/uploads\\\/2020\\\/05\\\/29752_1_1000-scaled.jpg\",\"width\":2560,\"height\":1920,\"caption\":\"Julie Kurcz de Kia es nombrada en la lista de 100&amp; mujeres l&iacute;deres en la industria automotriz de Norteam&eacute;rica de Automotive News.\"},{\"@type\":\"BreadcrumbList\",\"@id\":\"https:\\\/\\\/wordpress2.hdnweb.com\\\/en\\\/2020\\\/12\\\/09\\\/julie-kurcz-de-kia-es-nombrada-en-la-lista-de-100-mujeres-lideres-en-la-industria-automotriz-de-norteamerica-de-automotive-news-5\\\/#breadcrumb\",\"itemListElement\":[{\"@type\":\"ListItem\",\"position\":1,\"name\":\"Portada\",\"item\":\"https:\\\/\\\/wordpress2.hdnweb.com\\\/en\\\/\"},{\"@type\":\"ListItem\",\"position\":2,\"name\":\"Julie Kurcz de Kia es nombrada en la lista de 100 mujeres l\u00edderes en la industria automotriz de Norteam\u00e9rica de Automotive News\"}]},{\"@type\":\"WebSite\",\"@id\":\"https:\\\/\\\/wordpress2.hdnweb.com\\\/en\\\/#website\",\"url\":\"https:\\\/\\\/wordpress2.hdnweb.com\\\/en\\\/\",\"name\":\"Multisitio 2\",\"description\":\"\",\"potentialAction\":[{\"@type\":\"SearchAction\",\"target\":{\"@type\":\"EntryPoint\",\"urlTemplate\":\"https:\\\/\\\/wordpress2.hdnweb.com\\\/en\\\/?s={search_term_string}\"},\"query-input\":{\"@type\":\"PropertyValueSpecification\",\"valueRequired\":true,\"valueName\":\"search_term_string\"}}],\"inLanguage\":\"en-US\"},{\"@type\":\"Person\",\"@id\":\"https:\\\/\\\/wordpress2.hdnweb.com\\\/#\\\/schema\\\/person\\\/c112e8e970f2cfc8553cdb5392b493ad\",\"name\":\"venred\",\"image\":{\"@type\":\"ImageObject\",\"inLanguage\":\"en-US\",\"@id\":\"https:\\\/\\\/secure.gravatar.com\\\/avatar\\\/2b023a883433f83ad0a3036a7ba60d3133c4e0619f3bca6230ba8c7521b6dec8?s=96&d=mm&r=g\",\"url\":\"https:\\\/\\\/secure.gravatar.com\\\/avatar\\\/2b023a883433f83ad0a3036a7ba60d3133c4e0619f3bca6230ba8c7521b6dec8?s=96&d=mm&r=g\",\"contentUrl\":\"https:\\\/\\\/secure.gravatar.com\\\/avatar\\\/2b023a883433f83ad0a3036a7ba60d3133c4e0619f3bca6230ba8c7521b6dec8?s=96&d=mm&r=g\",\"caption\":\"venred\"},\"url\":\"https:\\\/\\\/wordpress2.hdnweb.com\\\/en\\\/author\\\/venred\\\/\"}]}<\/script>\n<!-- \/ Yoast SEO plugin. -->","yoast_head_json":{"title":"Julie Kurcz de Kia es nombrada en la lista de 100 mujeres l\u00edderes en la industria automotriz de Norteam\u00e9rica de Automotive News - Multisitio 2","robots":{"index":"index","follow":"follow","max-snippet":"max-snippet:-1","max-image-preview":"max-image-preview:large","max-video-preview":"max-video-preview:-1"},"canonical":"https:\/\/wordpress2.hdnweb.com\/en\/2020\/12\/09\/julie-kurcz-de-kia-es-nombrada-en-la-lista-de-100-mujeres-lideres-en-la-industria-automotriz-de-norteamerica-de-automotive-news-5\/","og_locale":"en_US","og_type":"article","og_title":"Julie Kurcz de Kia es nombrada en la lista de 100 mujeres l\u00edderes en la industria automotriz de Norteam\u00e9rica de Automotive News - Multisitio 2","og_description":"IRVINE, California, 9\u00a0de diciembre de 2020 \/PRNewswire-HISPANIC PR WIRE\/ --\u00a0Julie Kurcz, directora ejecutiva de calidad del producto para Kia Motors America, fue nombrada una de las 100\u00a0mujeres l\u00edderes en la industria automotriz de Norteam\u00e9rica por Automotive News para 2020. Esta lista, que se recopila cada cinco a\u00f1os desde el 2000 por un equipo de editores y reporteros de Automotive News, incluye talentosas e influyentes mujeres de diferentes disciplinas que tienen un impacto significativo en la industria automotriz. Esta...","og_url":"https:\/\/wordpress2.hdnweb.com\/en\/2020\/12\/09\/julie-kurcz-de-kia-es-nombrada-en-la-lista-de-100-mujeres-lideres-en-la-industria-automotriz-de-norteamerica-de-automotive-news-5\/","og_site_name":"Multisitio 2","article_published_time":"2020-12-09T05:40:00+00:00","og_image":[{"width":2560,"height":1920,"url":"https:\/\/wordpress2.hdnweb.com\/wp-content\/uploads\/2020\/05\/29752_1_1000-scaled.jpg","type":"image\/jpeg"}],"author":"venred","twitter_card":"summary_large_image","twitter_misc":{"Written by":"venred","Est. reading time":"4 minutes"},"schema":{"@context":"https:\/\/schema.org","@graph":[{"@type":"Article","@id":"https:\/\/wordpress2.hdnweb.com\/2020\/12\/09\/julie-kurcz-de-kia-es-nombrada-en-la-lista-de-100-mujeres-lideres-en-la-industria-automotriz-de-norteamerica-de-automotive-news-5\/#article","isPartOf":{"@id":"https:\/\/wordpress2.hdnweb.com\/2020\/12\/09\/julie-kurcz-de-kia-es-nombrada-en-la-lista-de-100-mujeres-lideres-en-la-industria-automotriz-de-norteamerica-de-automotive-news-5\/"},"author":{"name":"venred","@id":"https:\/\/wordpress2.hdnweb.com\/#\/schema\/person\/c112e8e970f2cfc8553cdb5392b493ad"},"headline":"(Espa\u00f1ol) Julie Kurcz de Kia es nombrada en la lista de 100 mujeres l\u00edderes en la industria automotriz de Norteam\u00e9rica de Automotive News","datePublished":"2020-12-09T05:40:00+00:00","mainEntityOfPage":{"@id":"https:\/\/wordpress2.hdnweb.com\/2020\/12\/09\/julie-kurcz-de-kia-es-nombrada-en-la-lista-de-100-mujeres-lideres-en-la-industria-automotriz-de-norteamerica-de-automotive-news-5\/"},"wordCount":748,"commentCount":0,"image":{"@id":"https:\/\/wordpress2.hdnweb.com\/2020\/12\/09\/julie-kurcz-de-kia-es-nombrada-en-la-lista-de-100-mujeres-lideres-en-la-industria-automotriz-de-norteamerica-de-automotive-news-5\/#primaryimage"},"thumbnailUrl":"https:\/\/wordpress2.hdnweb.com\/wp-content\/uploads\/2020\/05\/29752_1_1000-scaled.jpg","articleSection":["Jos\u00e9 Carlos Mier"],"inLanguage":"en-US"},{"@type":"WebPage","@id":"https:\/\/wordpress2.hdnweb.com\/en\/2020\/12\/09\/julie-kurcz-de-kia-es-nombrada-en-la-lista-de-100-mujeres-lideres-en-la-industria-automotriz-de-norteamerica-de-automotive-news-5\/","url":"https:\/\/wordpress2.hdnweb.com\/en\/2020\/12\/09\/julie-kurcz-de-kia-es-nombrada-en-la-lista-de-100-mujeres-lideres-en-la-industria-automotriz-de-norteamerica-de-automotive-news-5\/","name":"Julie Kurcz de Kia es nombrada en la lista de 100 mujeres l\u00edderes en la industria automotriz de Norteam\u00e9rica de Automotive News - Multisitio 2","isPartOf":{"@id":"https:\/\/wordpress2.hdnweb.com\/en\/#website"},"primaryImageOfPage":{"@id":"https:\/\/wordpress2.hdnweb.com\/en\/2020\/12\/09\/julie-kurcz-de-kia-es-nombrada-en-la-lista-de-100-mujeres-lideres-en-la-industria-automotriz-de-norteamerica-de-automotive-news-5\/#primaryimage"},"image":{"@id":"https:\/\/wordpress2.hdnweb.com\/2020\/12\/09\/julie-kurcz-de-kia-es-nombrada-en-la-lista-de-100-mujeres-lideres-en-la-industria-automotriz-de-norteamerica-de-automotive-news-5\/#primaryimage"},"thumbnailUrl":"https:\/\/wordpress2.hdnweb.com\/wp-content\/uploads\/2020\/05\/29752_1_1000-scaled.jpg","datePublished":"2020-12-09T05:40:00+00:00","author":{"@id":"https:\/\/wordpress2.hdnweb.com\/#\/schema\/person\/c112e8e970f2cfc8553cdb5392b493ad"},"breadcrumb":{"@id":"https:\/\/wordpress2.hdnweb.com\/en\/2020\/12\/09\/julie-kurcz-de-kia-es-nombrada-en-la-lista-de-100-mujeres-lideres-en-la-industria-automotriz-de-norteamerica-de-automotive-news-5\/#breadcrumb"},"inLanguage":"en-US","potentialAction":[{"@type":"ReadAction","target":[["https:\/\/wordpress2.hdnweb.com\/en\/2020\/12\/09\/julie-kurcz-de-kia-es-nombrada-en-la-lista-de-100-mujeres-lideres-en-la-industria-automotriz-de-norteamerica-de-automotive-news-5\/"]]}]},{"@type":"ImageObject","inLanguage":"en-US","@id":"https:\/\/wordpress2.hdnweb.com\/en\/2020\/12\/09\/julie-kurcz-de-kia-es-nombrada-en-la-lista-de-100-mujeres-lideres-en-la-industria-automotriz-de-norteamerica-de-automotive-news-5\/#primaryimage","url":"https:\/\/wordpress2.hdnweb.com\/wp-content\/uploads\/2020\/05\/29752_1_1000-scaled.jpg","contentUrl":"https:\/\/wordpress2.hdnweb.com\/wp-content\/uploads\/2020\/05\/29752_1_1000-scaled.jpg","width":2560,"height":1920,"caption":"Julie Kurcz de Kia es nombrada en la lista de 100&amp; mujeres l&iacute;deres en la industria automotriz de Norteam&eacute;rica de Automotive News."},{"@type":"BreadcrumbList","@id":"https:\/\/wordpress2.hdnweb.com\/en\/2020\/12\/09\/julie-kurcz-de-kia-es-nombrada-en-la-lista-de-100-mujeres-lideres-en-la-industria-automotriz-de-norteamerica-de-automotive-news-5\/#breadcrumb","itemListElement":[{"@type":"ListItem","position":1,"name":"Portada","item":"https:\/\/wordpress2.hdnweb.com\/en\/"},{"@type":"ListItem","position":2,"name":"Julie Kurcz de Kia es nombrada en la lista de 100 mujeres l\u00edderes en la industria automotriz de Norteam\u00e9rica de Automotive News"}]},{"@type":"WebSite","@id":"https:\/\/wordpress2.hdnweb.com\/en\/#website","url":"https:\/\/wordpress2.hdnweb.com\/en\/","name":"Multisitio 2","description":"","potentialAction":[{"@type":"SearchAction","target":{"@type":"EntryPoint","urlTemplate":"https:\/\/wordpress2.hdnweb.com\/en\/?s={search_term_string}"},"query-input":{"@type":"PropertyValueSpecification","valueRequired":true,"valueName":"search_term_string"}}],"inLanguage":"en-US"},{"@type":"Person","@id":"https:\/\/wordpress2.hdnweb.com\/#\/schema\/person\/c112e8e970f2cfc8553cdb5392b493ad","name":"venred","image":{"@type":"ImageObject","inLanguage":"en-US","@id":"https:\/\/secure.gravatar.com\/avatar\/2b023a883433f83ad0a3036a7ba60d3133c4e0619f3bca6230ba8c7521b6dec8?s=96&d=mm&r=g","url":"https:\/\/secure.gravatar.com\/avatar\/2b023a883433f83ad0a3036a7ba60d3133c4e0619f3bca6230ba8c7521b6dec8?s=96&d=mm&r=g","contentUrl":"https:\/\/secure.gravatar.com\/avatar\/2b023a883433f83ad0a3036a7ba60d3133c4e0619f3bca6230ba8c7521b6dec8?s=96&d=mm&r=g","caption":"venred"},"url":"https:\/\/wordpress2.hdnweb.com\/en\/author\/venred\/"}]}},"_links":{"self":[{"href":"https:\/\/wordpress2.hdnweb.com\/en\/wp-json\/wp\/v2\/posts\/29752","targetHints":{"allow":["GET"]}}],"collection":[{"href":"https:\/\/wordpress2.hdnweb.com\/en\/wp-json\/wp\/v2\/posts"}],"about":[{"href":"https:\/\/wordpress2.hdnweb.com\/en\/wp-json\/wp\/v2\/types\/post"}],"author":[{"embeddable":true,"href":"https:\/\/wordpress2.hdnweb.com\/en\/wp-json\/wp\/v2\/users\/1"}],"replies":[{"embeddable":true,"href":"https:\/\/wordpress2.hdnweb.com\/en\/wp-json\/wp\/v2\/comments?post=29752"}],"version-history":[{"count":0,"href":"https:\/\/wordpress2.hdnweb.com\/en\/wp-json\/wp\/v2\/posts\/29752\/revisions"}],"wp:featuredmedia":[{"embeddable":true,"href":"https:\/\/wordpress2.hdnweb.com\/en\/wp-json\/wp\/v2\/media\/29753"}],"wp:attachment":[{"href":"https:\/\/wordpress2.hdnweb.com\/en\/wp-json\/wp\/v2\/media?parent=29752"}],"wp:term":[{"taxonomy":"category","embeddable":true,"href":"https:\/\/wordpress2.hdnweb.com\/en\/wp-json\/wp\/v2\/categories?post=29752"},{"taxonomy":"post_tag","embeddable":true,"href":"https:\/\/wordpress2.hdnweb.com\/en\/wp-json\/wp\/v2\/tags?post=29752"}],"curies":[{"name":"wp","href":"https:\/\/api.w.org\/{rel}","templated":true}]}}