{"id":30100,"date":"2020-12-10T06:00:00","date_gmt":"2020-12-10T06:00:00","guid":{"rendered":"https:\/\/wordpress2.hdnweb.com\/2020\/12\/10\/la-mas-reciente-obra-publicada-de-la-autora-morayma-denis-la-peor-de-las-condenas-narra-la-vida-de-un-joven-luchador-obligado-a-ser-un-profugo-y-vivir-en-total-aislamiento-por-sus-ideales-5\/"},"modified":"2020-12-10T06:00:00","modified_gmt":"2020-12-10T06:00:00","slug":"la-mas-reciente-obra-publicada-de-la-autora-morayma-denis-la-peor-de-las-condenas-narra-la-vida-de-un-joven-luchador-obligado-a-ser-un-profugo-y-vivir-en-total-aislamiento-por-sus-ideales-5","status":"publish","type":"post","link":"https:\/\/wordpress2.hdnweb.com\/en\/2020\/12\/10\/la-mas-reciente-obra-publicada-de-la-autora-morayma-denis-la-peor-de-las-condenas-narra-la-vida-de-un-joven-luchador-obligado-a-ser-un-profugo-y-vivir-en-total-aislamiento-por-sus-ideales-5\/","title":{"rendered":"(Espa\u00f1ol) La m\u00e1s reciente obra publicada de la autora Morayma Denis, La peor de las condenas, narra la vida de un joven luchador obligado a ser un pr\u00f3fugo y vivir en total aislamiento por sus ideales"},"content":{"rendered":"<p class=\"qtranxs-available-languages-message qtranxs-available-languages-message-en\">Sorry, this entry is only available in <a href=\"https:\/\/wordpress2.hdnweb.com\/es\/wp-json\/wp\/v2\/posts\/30100\" class=\"qtranxs-available-language-link qtranxs-available-language-link-es\" title=\"Espa\u00f1ol\">Espa\u00f1ol<\/a>.<\/p>","protected":false},"excerpt":{"rendered":"<p class=\"qtranxs-available-languages-message qtranxs-available-languages-message-en\">Sorry, this entry is only available in <a href=\"https:\/\/wordpress2.hdnweb.com\/es\/wp-json\/wp\/v2\/posts\/30100\" class=\"qtranxs-available-language-link qtranxs-available-language-link-es\" title=\"Espa\u00f1ol\">Espa\u00f1ol<\/a>.<\/p>\n","protected":false},"author":1,"featured_media":30101,"comment_status":"open","ping_status":"open","sticky":false,"template":"","format":"standard","meta":{"_acf_changed":false,"_monsterinsights_skip_tracking":false,"_monsterinsights_sitenote_active":false,"_monsterinsights_sitenote_note":"","_monsterinsights_sitenote_category":0,"footnotes":""},"categories":[25],"tags":[],"class_list":["post-30100","post","type-post","status-publish","format-standard","has-post-thumbnail","hentry","category-geovanny-vicente"],"acf":[],"yoast_head":"<!-- This site is optimized with the Yoast SEO plugin v27.5 - https:\/\/yoast.com\/product\/yoast-seo-wordpress\/ -->\n<title>La m\u00e1s reciente obra publicada de la autora Morayma Denis, La peor de las condenas, narra la vida de un joven luchador obligado a ser un pr\u00f3fugo y vivir en total aislamiento por sus ideales - Multisitio 2<\/title>\n<meta name=\"robots\" content=\"index, follow, max-snippet:-1, max-image-preview:large, max-video-preview:-1\" \/>\n<link rel=\"canonical\" href=\"https:\/\/wordpress2.hdnweb.com\/en\/2020\/12\/10\/la-mas-reciente-obra-publicada-de-la-autora-morayma-denis-la-peor-de-las-condenas-narra-la-vida-de-un-joven-luchador-obligado-a-ser-un-profugo-y-vivir-en-total-aislamiento-por-sus-ideales-5\/\" \/>\n<meta property=\"og:locale\" content=\"en_US\" \/>\n<meta property=\"og:type\" content=\"article\" \/>\n<meta property=\"og:title\" content=\"La m\u00e1s reciente obra publicada de la autora Morayma Denis, La peor de las condenas, narra la vida de un joven luchador obligado a ser un pr\u00f3fugo y vivir en total aislamiento por sus ideales - Multisitio 2\" \/>\n<meta property=\"og:description\" content=\"MIAMI, 10 de diciembre de 2020 \/PRNewswire-HISPANIC PR WIRE\/ --\u00a0El reciente lanzamiento del libro La peor de las condenas,\u00a0escrito por la autora Morayma Denis, y publicado por la editorial Page Publishing, nos presenta, con una narrativa fresca, la historia de vida de un joven contrarrevolucionario que decidi\u00f3 seguir sus ideales, convirti\u00e9ndose en un pr\u00f3fugo buscado para ser aniquilado por la revoluci\u00f3n cubana y ocult\u00e1ndose por m\u00e1s de 30 a\u00f1os para, finalmente, conseguir su...\" \/>\n<meta property=\"og:url\" content=\"https:\/\/wordpress2.hdnweb.com\/en\/2020\/12\/10\/la-mas-reciente-obra-publicada-de-la-autora-morayma-denis-la-peor-de-las-condenas-narra-la-vida-de-un-joven-luchador-obligado-a-ser-un-profugo-y-vivir-en-total-aislamiento-por-sus-ideales-5\/\" \/>\n<meta property=\"og:site_name\" content=\"Multisitio 2\" \/>\n<meta property=\"article:published_time\" content=\"2020-12-10T06:00:00+00:00\" \/>\n<meta property=\"og:image\" content=\"https:\/\/wordpress2.hdnweb.com\/wp-content\/uploads\/2020\/05\/30100_1_20951.jpg\" \/>\n\t<meta property=\"og:image:width\" content=\"1343\" \/>\n\t<meta property=\"og:image:height\" content=\"2000\" \/>\n\t<meta property=\"og:image:type\" content=\"image\/jpeg\" \/>\n<meta name=\"author\" content=\"venred\" \/>\n<meta name=\"twitter:card\" content=\"summary_large_image\" \/>\n<meta name=\"twitter:label1\" content=\"Written by\" \/>\n\t<meta name=\"twitter:data1\" content=\"venred\" \/>\n\t<meta name=\"twitter:label2\" content=\"Est. reading time\" \/>\n\t<meta name=\"twitter:data2\" content=\"3 minutes\" \/>\n<script type=\"application\/ld+json\" class=\"yoast-schema-graph\">{\"@context\":\"https:\\\/\\\/schema.org\",\"@graph\":[{\"@type\":\"Article\",\"@id\":\"https:\\\/\\\/wordpress2.hdnweb.com\\\/2020\\\/12\\\/10\\\/la-mas-reciente-obra-publicada-de-la-autora-morayma-denis-la-peor-de-las-condenas-narra-la-vida-de-un-joven-luchador-obligado-a-ser-un-profugo-y-vivir-en-total-aislamiento-por-sus-ideales-5\\\/#article\",\"isPartOf\":{\"@id\":\"https:\\\/\\\/wordpress2.hdnweb.com\\\/2020\\\/12\\\/10\\\/la-mas-reciente-obra-publicada-de-la-autora-morayma-denis-la-peor-de-las-condenas-narra-la-vida-de-un-joven-luchador-obligado-a-ser-un-profugo-y-vivir-en-total-aislamiento-por-sus-ideales-5\\\/\"},\"author\":{\"name\":\"venred\",\"@id\":\"https:\\\/\\\/wordpress2.hdnweb.com\\\/#\\\/schema\\\/person\\\/c112e8e970f2cfc8553cdb5392b493ad\"},\"headline\":\"(Espa\u00f1ol) La m\u00e1s reciente obra publicada de la autora Morayma Denis, La peor de las condenas, narra la vida de un joven luchador obligado a ser un pr\u00f3fugo y vivir en total aislamiento por sus ideales\",\"datePublished\":\"2020-12-10T06:00:00+00:00\",\"mainEntityOfPage\":{\"@id\":\"https:\\\/\\\/wordpress2.hdnweb.com\\\/2020\\\/12\\\/10\\\/la-mas-reciente-obra-publicada-de-la-autora-morayma-denis-la-peor-de-las-condenas-narra-la-vida-de-un-joven-luchador-obligado-a-ser-un-profugo-y-vivir-en-total-aislamiento-por-sus-ideales-5\\\/\"},\"wordCount\":694,\"commentCount\":0,\"image\":{\"@id\":\"https:\\\/\\\/wordpress2.hdnweb.com\\\/2020\\\/12\\\/10\\\/la-mas-reciente-obra-publicada-de-la-autora-morayma-denis-la-peor-de-las-condenas-narra-la-vida-de-un-joven-luchador-obligado-a-ser-un-profugo-y-vivir-en-total-aislamiento-por-sus-ideales-5\\\/#primaryimage\"},\"thumbnailUrl\":\"https:\\\/\\\/wordpress2.hdnweb.com\\\/wp-content\\\/uploads\\\/2020\\\/05\\\/30100_1_20951.jpg\",\"articleSection\":[\"Geovanny Vicente\"],\"inLanguage\":\"en-US\"},{\"@type\":\"WebPage\",\"@id\":\"https:\\\/\\\/wordpress2.hdnweb.com\\\/en\\\/2020\\\/12\\\/10\\\/la-mas-reciente-obra-publicada-de-la-autora-morayma-denis-la-peor-de-las-condenas-narra-la-vida-de-un-joven-luchador-obligado-a-ser-un-profugo-y-vivir-en-total-aislamiento-por-sus-ideales-5\\\/\",\"url\":\"https:\\\/\\\/wordpress2.hdnweb.com\\\/en\\\/2020\\\/12\\\/10\\\/la-mas-reciente-obra-publicada-de-la-autora-morayma-denis-la-peor-de-las-condenas-narra-la-vida-de-un-joven-luchador-obligado-a-ser-un-profugo-y-vivir-en-total-aislamiento-por-sus-ideales-5\\\/\",\"name\":\"La m\u00e1s reciente obra publicada de la autora Morayma Denis, La peor de las condenas, narra la vida de un joven luchador obligado a ser un pr\u00f3fugo y vivir en total aislamiento por sus ideales - Multisitio 2\",\"isPartOf\":{\"@id\":\"https:\\\/\\\/wordpress2.hdnweb.com\\\/en\\\/#website\"},\"primaryImageOfPage\":{\"@id\":\"https:\\\/\\\/wordpress2.hdnweb.com\\\/en\\\/2020\\\/12\\\/10\\\/la-mas-reciente-obra-publicada-de-la-autora-morayma-denis-la-peor-de-las-condenas-narra-la-vida-de-un-joven-luchador-obligado-a-ser-un-profugo-y-vivir-en-total-aislamiento-por-sus-ideales-5\\\/#primaryimage\"},\"image\":{\"@id\":\"https:\\\/\\\/wordpress2.hdnweb.com\\\/2020\\\/12\\\/10\\\/la-mas-reciente-obra-publicada-de-la-autora-morayma-denis-la-peor-de-las-condenas-narra-la-vida-de-un-joven-luchador-obligado-a-ser-un-profugo-y-vivir-en-total-aislamiento-por-sus-ideales-5\\\/#primaryimage\"},\"thumbnailUrl\":\"https:\\\/\\\/wordpress2.hdnweb.com\\\/wp-content\\\/uploads\\\/2020\\\/05\\\/30100_1_20951.jpg\",\"datePublished\":\"2020-12-10T06:00:00+00:00\",\"author\":{\"@id\":\"https:\\\/\\\/wordpress2.hdnweb.com\\\/#\\\/schema\\\/person\\\/c112e8e970f2cfc8553cdb5392b493ad\"},\"breadcrumb\":{\"@id\":\"https:\\\/\\\/wordpress2.hdnweb.com\\\/en\\\/2020\\\/12\\\/10\\\/la-mas-reciente-obra-publicada-de-la-autora-morayma-denis-la-peor-de-las-condenas-narra-la-vida-de-un-joven-luchador-obligado-a-ser-un-profugo-y-vivir-en-total-aislamiento-por-sus-ideales-5\\\/#breadcrumb\"},\"inLanguage\":\"en-US\",\"potentialAction\":[{\"@type\":\"ReadAction\",\"target\":[[\"https:\\\/\\\/wordpress2.hdnweb.com\\\/en\\\/2020\\\/12\\\/10\\\/la-mas-reciente-obra-publicada-de-la-autora-morayma-denis-la-peor-de-las-condenas-narra-la-vida-de-un-joven-luchador-obligado-a-ser-un-profugo-y-vivir-en-total-aislamiento-por-sus-ideales-5\\\/\"]]}]},{\"@type\":\"ImageObject\",\"inLanguage\":\"en-US\",\"@id\":\"https:\\\/\\\/wordpress2.hdnweb.com\\\/en\\\/2020\\\/12\\\/10\\\/la-mas-reciente-obra-publicada-de-la-autora-morayma-denis-la-peor-de-las-condenas-narra-la-vida-de-un-joven-luchador-obligado-a-ser-un-profugo-y-vivir-en-total-aislamiento-por-sus-ideales-5\\\/#primaryimage\",\"url\":\"https:\\\/\\\/wordpress2.hdnweb.com\\\/wp-content\\\/uploads\\\/2020\\\/05\\\/30100_1_20951.jpg\",\"contentUrl\":\"https:\\\/\\\/wordpress2.hdnweb.com\\\/wp-content\\\/uploads\\\/2020\\\/05\\\/30100_1_20951.jpg\",\"width\":1343,\"height\":2000,\"caption\":\"Morayma_Denis\"},{\"@type\":\"BreadcrumbList\",\"@id\":\"https:\\\/\\\/wordpress2.hdnweb.com\\\/en\\\/2020\\\/12\\\/10\\\/la-mas-reciente-obra-publicada-de-la-autora-morayma-denis-la-peor-de-las-condenas-narra-la-vida-de-un-joven-luchador-obligado-a-ser-un-profugo-y-vivir-en-total-aislamiento-por-sus-ideales-5\\\/#breadcrumb\",\"itemListElement\":[{\"@type\":\"ListItem\",\"position\":1,\"name\":\"Portada\",\"item\":\"https:\\\/\\\/wordpress2.hdnweb.com\\\/en\\\/\"},{\"@type\":\"ListItem\",\"position\":2,\"name\":\"La m\u00e1s reciente obra publicada de la autora Morayma Denis, La peor de las condenas, narra la vida de un joven luchador obligado a ser un pr\u00f3fugo y vivir en total aislamiento por sus ideales\"}]},{\"@type\":\"WebSite\",\"@id\":\"https:\\\/\\\/wordpress2.hdnweb.com\\\/en\\\/#website\",\"url\":\"https:\\\/\\\/wordpress2.hdnweb.com\\\/en\\\/\",\"name\":\"Multisitio 2\",\"description\":\"\",\"potentialAction\":[{\"@type\":\"SearchAction\",\"target\":{\"@type\":\"EntryPoint\",\"urlTemplate\":\"https:\\\/\\\/wordpress2.hdnweb.com\\\/en\\\/?s={search_term_string}\"},\"query-input\":{\"@type\":\"PropertyValueSpecification\",\"valueRequired\":true,\"valueName\":\"search_term_string\"}}],\"inLanguage\":\"en-US\"},{\"@type\":\"Person\",\"@id\":\"https:\\\/\\\/wordpress2.hdnweb.com\\\/#\\\/schema\\\/person\\\/c112e8e970f2cfc8553cdb5392b493ad\",\"name\":\"venred\",\"image\":{\"@type\":\"ImageObject\",\"inLanguage\":\"en-US\",\"@id\":\"https:\\\/\\\/secure.gravatar.com\\\/avatar\\\/2b023a883433f83ad0a3036a7ba60d3133c4e0619f3bca6230ba8c7521b6dec8?s=96&d=mm&r=g\",\"url\":\"https:\\\/\\\/secure.gravatar.com\\\/avatar\\\/2b023a883433f83ad0a3036a7ba60d3133c4e0619f3bca6230ba8c7521b6dec8?s=96&d=mm&r=g\",\"contentUrl\":\"https:\\\/\\\/secure.gravatar.com\\\/avatar\\\/2b023a883433f83ad0a3036a7ba60d3133c4e0619f3bca6230ba8c7521b6dec8?s=96&d=mm&r=g\",\"caption\":\"venred\"},\"url\":\"https:\\\/\\\/wordpress2.hdnweb.com\\\/en\\\/author\\\/venred\\\/\"}]}<\/script>\n<!-- \/ Yoast SEO plugin. -->","yoast_head_json":{"title":"La m\u00e1s reciente obra publicada de la autora Morayma Denis, La peor de las condenas, narra la vida de un joven luchador obligado a ser un pr\u00f3fugo y vivir en total aislamiento por sus ideales - Multisitio 2","robots":{"index":"index","follow":"follow","max-snippet":"max-snippet:-1","max-image-preview":"max-image-preview:large","max-video-preview":"max-video-preview:-1"},"canonical":"https:\/\/wordpress2.hdnweb.com\/en\/2020\/12\/10\/la-mas-reciente-obra-publicada-de-la-autora-morayma-denis-la-peor-de-las-condenas-narra-la-vida-de-un-joven-luchador-obligado-a-ser-un-profugo-y-vivir-en-total-aislamiento-por-sus-ideales-5\/","og_locale":"en_US","og_type":"article","og_title":"La m\u00e1s reciente obra publicada de la autora Morayma Denis, La peor de las condenas, narra la vida de un joven luchador obligado a ser un pr\u00f3fugo y vivir en total aislamiento por sus ideales - Multisitio 2","og_description":"MIAMI, 10 de diciembre de 2020 \/PRNewswire-HISPANIC PR WIRE\/ --\u00a0El reciente lanzamiento del libro La peor de las condenas,\u00a0escrito por la autora Morayma Denis, y publicado por la editorial Page Publishing, nos presenta, con una narrativa fresca, la historia de vida de un joven contrarrevolucionario que decidi\u00f3 seguir sus ideales, convirti\u00e9ndose en un pr\u00f3fugo buscado para ser aniquilado por la revoluci\u00f3n cubana y ocult\u00e1ndose por m\u00e1s de 30 a\u00f1os para, finalmente, conseguir su...","og_url":"https:\/\/wordpress2.hdnweb.com\/en\/2020\/12\/10\/la-mas-reciente-obra-publicada-de-la-autora-morayma-denis-la-peor-de-las-condenas-narra-la-vida-de-un-joven-luchador-obligado-a-ser-un-profugo-y-vivir-en-total-aislamiento-por-sus-ideales-5\/","og_site_name":"Multisitio 2","article_published_time":"2020-12-10T06:00:00+00:00","og_image":[{"width":1343,"height":2000,"url":"https:\/\/wordpress2.hdnweb.com\/wp-content\/uploads\/2020\/05\/30100_1_20951.jpg","type":"image\/jpeg"}],"author":"venred","twitter_card":"summary_large_image","twitter_misc":{"Written by":"venred","Est. reading time":"3 minutes"},"schema":{"@context":"https:\/\/schema.org","@graph":[{"@type":"Article","@id":"https:\/\/wordpress2.hdnweb.com\/2020\/12\/10\/la-mas-reciente-obra-publicada-de-la-autora-morayma-denis-la-peor-de-las-condenas-narra-la-vida-de-un-joven-luchador-obligado-a-ser-un-profugo-y-vivir-en-total-aislamiento-por-sus-ideales-5\/#article","isPartOf":{"@id":"https:\/\/wordpress2.hdnweb.com\/2020\/12\/10\/la-mas-reciente-obra-publicada-de-la-autora-morayma-denis-la-peor-de-las-condenas-narra-la-vida-de-un-joven-luchador-obligado-a-ser-un-profugo-y-vivir-en-total-aislamiento-por-sus-ideales-5\/"},"author":{"name":"venred","@id":"https:\/\/wordpress2.hdnweb.com\/#\/schema\/person\/c112e8e970f2cfc8553cdb5392b493ad"},"headline":"(Espa\u00f1ol) La m\u00e1s reciente obra publicada de la autora Morayma Denis, La peor de las condenas, narra la vida de un joven luchador obligado a ser un pr\u00f3fugo y vivir en total aislamiento por sus ideales","datePublished":"2020-12-10T06:00:00+00:00","mainEntityOfPage":{"@id":"https:\/\/wordpress2.hdnweb.com\/2020\/12\/10\/la-mas-reciente-obra-publicada-de-la-autora-morayma-denis-la-peor-de-las-condenas-narra-la-vida-de-un-joven-luchador-obligado-a-ser-un-profugo-y-vivir-en-total-aislamiento-por-sus-ideales-5\/"},"wordCount":694,"commentCount":0,"image":{"@id":"https:\/\/wordpress2.hdnweb.com\/2020\/12\/10\/la-mas-reciente-obra-publicada-de-la-autora-morayma-denis-la-peor-de-las-condenas-narra-la-vida-de-un-joven-luchador-obligado-a-ser-un-profugo-y-vivir-en-total-aislamiento-por-sus-ideales-5\/#primaryimage"},"thumbnailUrl":"https:\/\/wordpress2.hdnweb.com\/wp-content\/uploads\/2020\/05\/30100_1_20951.jpg","articleSection":["Geovanny Vicente"],"inLanguage":"en-US"},{"@type":"WebPage","@id":"https:\/\/wordpress2.hdnweb.com\/en\/2020\/12\/10\/la-mas-reciente-obra-publicada-de-la-autora-morayma-denis-la-peor-de-las-condenas-narra-la-vida-de-un-joven-luchador-obligado-a-ser-un-profugo-y-vivir-en-total-aislamiento-por-sus-ideales-5\/","url":"https:\/\/wordpress2.hdnweb.com\/en\/2020\/12\/10\/la-mas-reciente-obra-publicada-de-la-autora-morayma-denis-la-peor-de-las-condenas-narra-la-vida-de-un-joven-luchador-obligado-a-ser-un-profugo-y-vivir-en-total-aislamiento-por-sus-ideales-5\/","name":"La m\u00e1s reciente obra publicada de la autora Morayma Denis, La peor de las condenas, narra la vida de un joven luchador obligado a ser un pr\u00f3fugo y vivir en total aislamiento por sus ideales - Multisitio 2","isPartOf":{"@id":"https:\/\/wordpress2.hdnweb.com\/en\/#website"},"primaryImageOfPage":{"@id":"https:\/\/wordpress2.hdnweb.com\/en\/2020\/12\/10\/la-mas-reciente-obra-publicada-de-la-autora-morayma-denis-la-peor-de-las-condenas-narra-la-vida-de-un-joven-luchador-obligado-a-ser-un-profugo-y-vivir-en-total-aislamiento-por-sus-ideales-5\/#primaryimage"},"image":{"@id":"https:\/\/wordpress2.hdnweb.com\/2020\/12\/10\/la-mas-reciente-obra-publicada-de-la-autora-morayma-denis-la-peor-de-las-condenas-narra-la-vida-de-un-joven-luchador-obligado-a-ser-un-profugo-y-vivir-en-total-aislamiento-por-sus-ideales-5\/#primaryimage"},"thumbnailUrl":"https:\/\/wordpress2.hdnweb.com\/wp-content\/uploads\/2020\/05\/30100_1_20951.jpg","datePublished":"2020-12-10T06:00:00+00:00","author":{"@id":"https:\/\/wordpress2.hdnweb.com\/#\/schema\/person\/c112e8e970f2cfc8553cdb5392b493ad"},"breadcrumb":{"@id":"https:\/\/wordpress2.hdnweb.com\/en\/2020\/12\/10\/la-mas-reciente-obra-publicada-de-la-autora-morayma-denis-la-peor-de-las-condenas-narra-la-vida-de-un-joven-luchador-obligado-a-ser-un-profugo-y-vivir-en-total-aislamiento-por-sus-ideales-5\/#breadcrumb"},"inLanguage":"en-US","potentialAction":[{"@type":"ReadAction","target":[["https:\/\/wordpress2.hdnweb.com\/en\/2020\/12\/10\/la-mas-reciente-obra-publicada-de-la-autora-morayma-denis-la-peor-de-las-condenas-narra-la-vida-de-un-joven-luchador-obligado-a-ser-un-profugo-y-vivir-en-total-aislamiento-por-sus-ideales-5\/"]]}]},{"@type":"ImageObject","inLanguage":"en-US","@id":"https:\/\/wordpress2.hdnweb.com\/en\/2020\/12\/10\/la-mas-reciente-obra-publicada-de-la-autora-morayma-denis-la-peor-de-las-condenas-narra-la-vida-de-un-joven-luchador-obligado-a-ser-un-profugo-y-vivir-en-total-aislamiento-por-sus-ideales-5\/#primaryimage","url":"https:\/\/wordpress2.hdnweb.com\/wp-content\/uploads\/2020\/05\/30100_1_20951.jpg","contentUrl":"https:\/\/wordpress2.hdnweb.com\/wp-content\/uploads\/2020\/05\/30100_1_20951.jpg","width":1343,"height":2000,"caption":"Morayma_Denis"},{"@type":"BreadcrumbList","@id":"https:\/\/wordpress2.hdnweb.com\/en\/2020\/12\/10\/la-mas-reciente-obra-publicada-de-la-autora-morayma-denis-la-peor-de-las-condenas-narra-la-vida-de-un-joven-luchador-obligado-a-ser-un-profugo-y-vivir-en-total-aislamiento-por-sus-ideales-5\/#breadcrumb","itemListElement":[{"@type":"ListItem","position":1,"name":"Portada","item":"https:\/\/wordpress2.hdnweb.com\/en\/"},{"@type":"ListItem","position":2,"name":"La m\u00e1s reciente obra publicada de la autora Morayma Denis, La peor de las condenas, narra la vida de un joven luchador obligado a ser un pr\u00f3fugo y vivir en total aislamiento por sus ideales"}]},{"@type":"WebSite","@id":"https:\/\/wordpress2.hdnweb.com\/en\/#website","url":"https:\/\/wordpress2.hdnweb.com\/en\/","name":"Multisitio 2","description":"","potentialAction":[{"@type":"SearchAction","target":{"@type":"EntryPoint","urlTemplate":"https:\/\/wordpress2.hdnweb.com\/en\/?s={search_term_string}"},"query-input":{"@type":"PropertyValueSpecification","valueRequired":true,"valueName":"search_term_string"}}],"inLanguage":"en-US"},{"@type":"Person","@id":"https:\/\/wordpress2.hdnweb.com\/#\/schema\/person\/c112e8e970f2cfc8553cdb5392b493ad","name":"venred","image":{"@type":"ImageObject","inLanguage":"en-US","@id":"https:\/\/secure.gravatar.com\/avatar\/2b023a883433f83ad0a3036a7ba60d3133c4e0619f3bca6230ba8c7521b6dec8?s=96&d=mm&r=g","url":"https:\/\/secure.gravatar.com\/avatar\/2b023a883433f83ad0a3036a7ba60d3133c4e0619f3bca6230ba8c7521b6dec8?s=96&d=mm&r=g","contentUrl":"https:\/\/secure.gravatar.com\/avatar\/2b023a883433f83ad0a3036a7ba60d3133c4e0619f3bca6230ba8c7521b6dec8?s=96&d=mm&r=g","caption":"venred"},"url":"https:\/\/wordpress2.hdnweb.com\/en\/author\/venred\/"}]}},"_links":{"self":[{"href":"https:\/\/wordpress2.hdnweb.com\/en\/wp-json\/wp\/v2\/posts\/30100","targetHints":{"allow":["GET"]}}],"collection":[{"href":"https:\/\/wordpress2.hdnweb.com\/en\/wp-json\/wp\/v2\/posts"}],"about":[{"href":"https:\/\/wordpress2.hdnweb.com\/en\/wp-json\/wp\/v2\/types\/post"}],"author":[{"embeddable":true,"href":"https:\/\/wordpress2.hdnweb.com\/en\/wp-json\/wp\/v2\/users\/1"}],"replies":[{"embeddable":true,"href":"https:\/\/wordpress2.hdnweb.com\/en\/wp-json\/wp\/v2\/comments?post=30100"}],"version-history":[{"count":0,"href":"https:\/\/wordpress2.hdnweb.com\/en\/wp-json\/wp\/v2\/posts\/30100\/revisions"}],"wp:featuredmedia":[{"embeddable":true,"href":"https:\/\/wordpress2.hdnweb.com\/en\/wp-json\/wp\/v2\/media\/30101"}],"wp:attachment":[{"href":"https:\/\/wordpress2.hdnweb.com\/en\/wp-json\/wp\/v2\/media?parent=30100"}],"wp:term":[{"taxonomy":"category","embeddable":true,"href":"https:\/\/wordpress2.hdnweb.com\/en\/wp-json\/wp\/v2\/categories?post=30100"},{"taxonomy":"post_tag","embeddable":true,"href":"https:\/\/wordpress2.hdnweb.com\/en\/wp-json\/wp\/v2\/tags?post=30100"}],"curies":[{"name":"wp","href":"https:\/\/api.w.org\/{rel}","templated":true}]}}