{"id":30446,"date":"2020-12-11T06:10:00","date_gmt":"2020-12-11T06:10:00","guid":{"rendered":"https:\/\/wordpress2.hdnweb.com\/2020\/12\/11\/la-acura-mdx-2022-hace-su-debut-como-nueva-insignia-de-la-marca-7\/"},"modified":"2020-12-11T06:10:00","modified_gmt":"2020-12-11T06:10:00","slug":"la-acura-mdx-2022-hace-su-debut-como-nueva-insignia-de-la-marca-7","status":"publish","type":"post","link":"https:\/\/wordpress2.hdnweb.com\/en\/2020\/12\/11\/la-acura-mdx-2022-hace-su-debut-como-nueva-insignia-de-la-marca-7\/","title":{"rendered":"(Espa\u00f1ol) La Acura MDX 2022 hace su debut como nueva insignia de la marca"},"content":{"rendered":"<p class=\"qtranxs-available-languages-message qtranxs-available-languages-message-en\">Sorry, this entry is only available in <a href=\"https:\/\/wordpress2.hdnweb.com\/es\/wp-json\/wp\/v2\/posts\/30446\" class=\"qtranxs-available-language-link qtranxs-available-language-link-es\" title=\"Espa\u00f1ol\">Espa\u00f1ol<\/a>.<\/p>","protected":false},"excerpt":{"rendered":"<p class=\"qtranxs-available-languages-message qtranxs-available-languages-message-en\">Sorry, this entry is only available in <a href=\"https:\/\/wordpress2.hdnweb.com\/es\/wp-json\/wp\/v2\/posts\/30446\" class=\"qtranxs-available-language-link qtranxs-available-language-link-es\" title=\"Espa\u00f1ol\">Espa\u00f1ol<\/a>.<\/p>\n","protected":false},"author":1,"featured_media":30447,"comment_status":"open","ping_status":"open","sticky":false,"template":"","format":"standard","meta":{"_acf_changed":false,"_monsterinsights_skip_tracking":false,"_monsterinsights_sitenote_active":false,"_monsterinsights_sitenote_note":"","_monsterinsights_sitenote_category":0,"footnotes":""},"categories":[25],"tags":[],"class_list":["post-30446","post","type-post","status-publish","format-standard","has-post-thumbnail","hentry","category-geovanny-vicente"],"acf":[],"yoast_head":"<!-- This site is optimized with the Yoast SEO plugin v27.5 - https:\/\/yoast.com\/product\/yoast-seo-wordpress\/ -->\n<title>La Acura MDX 2022 hace su debut como nueva insignia de la marca - Multisitio 2<\/title>\n<meta name=\"robots\" content=\"index, follow, max-snippet:-1, max-image-preview:large, max-video-preview:-1\" \/>\n<link rel=\"canonical\" href=\"https:\/\/wordpress2.hdnweb.com\/en\/2020\/12\/11\/la-acura-mdx-2022-hace-su-debut-como-nueva-insignia-de-la-marca-7\/\" \/>\n<meta property=\"og:locale\" content=\"en_US\" \/>\n<meta property=\"og:type\" content=\"article\" \/>\n<meta property=\"og:title\" content=\"La Acura MDX 2022 hace su debut como nueva insignia de la marca - Multisitio 2\" \/>\n<meta property=\"og:description\" content=\"TORRANCE, California, 11 de diciembre de 2020 \/PRNewswire-HISPANIC PR WIRE\/ -- El d\u00eda de hoy, Acura revel\u00f3 su nueva MDX 2022, la SUV de m\u00e1s categor\u00eda, centrada en el desempe\u00f1o y tecnol\u00f3gicamente m\u00e1s sofisticada de la historia de Acura. Ocupando su nueva posici\u00f3n como insignia de la marca, la nueva generaci\u00f3n de la Acura MDX es un salto cu\u00e1ntico, con un dise\u00f1o exterior robusto y un nuevo interior elegante y sofisticado en la cabina m\u00e1s avanzada y de m\u00e1s alta tecnolog\u00eda que ha fabricado la marca en sus 35 a\u00f1os de...\" \/>\n<meta property=\"og:url\" content=\"https:\/\/wordpress2.hdnweb.com\/en\/2020\/12\/11\/la-acura-mdx-2022-hace-su-debut-como-nueva-insignia-de-la-marca-7\/\" \/>\n<meta property=\"og:site_name\" content=\"Multisitio 2\" \/>\n<meta property=\"article:published_time\" content=\"2020-12-11T06:10:00+00:00\" \/>\n<meta property=\"og:image\" content=\"https:\/\/wordpress2.hdnweb.com\/wp-content\/uploads\/2020\/05\/30446_1_52647-scaled.jpg\" \/>\n\t<meta property=\"og:image:width\" content=\"2560\" \/>\n\t<meta property=\"og:image:height\" content=\"1707\" \/>\n\t<meta property=\"og:image:type\" content=\"image\/jpeg\" \/>\n<meta name=\"author\" content=\"venred\" \/>\n<meta name=\"twitter:card\" content=\"summary_large_image\" \/>\n<meta name=\"twitter:label1\" content=\"Written by\" \/>\n\t<meta name=\"twitter:data1\" content=\"venred\" \/>\n\t<meta name=\"twitter:label2\" content=\"Est. reading time\" \/>\n\t<meta name=\"twitter:data2\" content=\"26 minutes\" \/>\n<script type=\"application\/ld+json\" class=\"yoast-schema-graph\">{\"@context\":\"https:\\\/\\\/schema.org\",\"@graph\":[{\"@type\":\"Article\",\"@id\":\"https:\\\/\\\/wordpress2.hdnweb.com\\\/2020\\\/12\\\/11\\\/la-acura-mdx-2022-hace-su-debut-como-nueva-insignia-de-la-marca-7\\\/#article\",\"isPartOf\":{\"@id\":\"https:\\\/\\\/wordpress2.hdnweb.com\\\/2020\\\/12\\\/11\\\/la-acura-mdx-2022-hace-su-debut-como-nueva-insignia-de-la-marca-7\\\/\"},\"author\":{\"name\":\"venred\",\"@id\":\"https:\\\/\\\/wordpress2.hdnweb.com\\\/#\\\/schema\\\/person\\\/c112e8e970f2cfc8553cdb5392b493ad\"},\"headline\":\"(Espa\u00f1ol) La Acura MDX 2022 hace su debut como nueva insignia de la marca\",\"datePublished\":\"2020-12-11T06:10:00+00:00\",\"mainEntityOfPage\":{\"@id\":\"https:\\\/\\\/wordpress2.hdnweb.com\\\/2020\\\/12\\\/11\\\/la-acura-mdx-2022-hace-su-debut-como-nueva-insignia-de-la-marca-7\\\/\"},\"wordCount\":5245,\"commentCount\":0,\"image\":{\"@id\":\"https:\\\/\\\/wordpress2.hdnweb.com\\\/2020\\\/12\\\/11\\\/la-acura-mdx-2022-hace-su-debut-como-nueva-insignia-de-la-marca-7\\\/#primaryimage\"},\"thumbnailUrl\":\"https:\\\/\\\/wordpress2.hdnweb.com\\\/wp-content\\\/uploads\\\/2020\\\/05\\\/30446_1_52647-scaled.jpg\",\"articleSection\":[\"Geovanny Vicente\"],\"inLanguage\":\"en-US\"},{\"@type\":\"WebPage\",\"@id\":\"https:\\\/\\\/wordpress2.hdnweb.com\\\/en\\\/2020\\\/12\\\/11\\\/la-acura-mdx-2022-hace-su-debut-como-nueva-insignia-de-la-marca-7\\\/\",\"url\":\"https:\\\/\\\/wordpress2.hdnweb.com\\\/en\\\/2020\\\/12\\\/11\\\/la-acura-mdx-2022-hace-su-debut-como-nueva-insignia-de-la-marca-7\\\/\",\"name\":\"La Acura MDX 2022 hace su debut como nueva insignia de la marca - Multisitio 2\",\"isPartOf\":{\"@id\":\"https:\\\/\\\/wordpress2.hdnweb.com\\\/en\\\/#website\"},\"primaryImageOfPage\":{\"@id\":\"https:\\\/\\\/wordpress2.hdnweb.com\\\/en\\\/2020\\\/12\\\/11\\\/la-acura-mdx-2022-hace-su-debut-como-nueva-insignia-de-la-marca-7\\\/#primaryimage\"},\"image\":{\"@id\":\"https:\\\/\\\/wordpress2.hdnweb.com\\\/2020\\\/12\\\/11\\\/la-acura-mdx-2022-hace-su-debut-como-nueva-insignia-de-la-marca-7\\\/#primaryimage\"},\"thumbnailUrl\":\"https:\\\/\\\/wordpress2.hdnweb.com\\\/wp-content\\\/uploads\\\/2020\\\/05\\\/30446_1_52647-scaled.jpg\",\"datePublished\":\"2020-12-11T06:10:00+00:00\",\"author\":{\"@id\":\"https:\\\/\\\/wordpress2.hdnweb.com\\\/#\\\/schema\\\/person\\\/c112e8e970f2cfc8553cdb5392b493ad\"},\"breadcrumb\":{\"@id\":\"https:\\\/\\\/wordpress2.hdnweb.com\\\/en\\\/2020\\\/12\\\/11\\\/la-acura-mdx-2022-hace-su-debut-como-nueva-insignia-de-la-marca-7\\\/#breadcrumb\"},\"inLanguage\":\"en-US\",\"potentialAction\":[{\"@type\":\"ReadAction\",\"target\":[[\"https:\\\/\\\/wordpress2.hdnweb.com\\\/en\\\/2020\\\/12\\\/11\\\/la-acura-mdx-2022-hace-su-debut-como-nueva-insignia-de-la-marca-7\\\/\"]]}]},{\"@type\":\"ImageObject\",\"inLanguage\":\"en-US\",\"@id\":\"https:\\\/\\\/wordpress2.hdnweb.com\\\/en\\\/2020\\\/12\\\/11\\\/la-acura-mdx-2022-hace-su-debut-como-nueva-insignia-de-la-marca-7\\\/#primaryimage\",\"url\":\"https:\\\/\\\/wordpress2.hdnweb.com\\\/wp-content\\\/uploads\\\/2020\\\/05\\\/30446_1_52647-scaled.jpg\",\"contentUrl\":\"https:\\\/\\\/wordpress2.hdnweb.com\\\/wp-content\\\/uploads\\\/2020\\\/05\\\/30446_1_52647-scaled.jpg\",\"width\":2560,\"height\":1707,\"caption\":\"Acura today unveiled the all-new 2022 MDX, the most premium, performance-focused and technologically sophisticated SUV in Acura history.\"},{\"@type\":\"BreadcrumbList\",\"@id\":\"https:\\\/\\\/wordpress2.hdnweb.com\\\/en\\\/2020\\\/12\\\/11\\\/la-acura-mdx-2022-hace-su-debut-como-nueva-insignia-de-la-marca-7\\\/#breadcrumb\",\"itemListElement\":[{\"@type\":\"ListItem\",\"position\":1,\"name\":\"Portada\",\"item\":\"https:\\\/\\\/wordpress2.hdnweb.com\\\/en\\\/\"},{\"@type\":\"ListItem\",\"position\":2,\"name\":\"La Acura MDX 2022 hace su debut como nueva insignia de la marca\"}]},{\"@type\":\"WebSite\",\"@id\":\"https:\\\/\\\/wordpress2.hdnweb.com\\\/en\\\/#website\",\"url\":\"https:\\\/\\\/wordpress2.hdnweb.com\\\/en\\\/\",\"name\":\"Multisitio 2\",\"description\":\"\",\"potentialAction\":[{\"@type\":\"SearchAction\",\"target\":{\"@type\":\"EntryPoint\",\"urlTemplate\":\"https:\\\/\\\/wordpress2.hdnweb.com\\\/en\\\/?s={search_term_string}\"},\"query-input\":{\"@type\":\"PropertyValueSpecification\",\"valueRequired\":true,\"valueName\":\"search_term_string\"}}],\"inLanguage\":\"en-US\"},{\"@type\":\"Person\",\"@id\":\"https:\\\/\\\/wordpress2.hdnweb.com\\\/#\\\/schema\\\/person\\\/c112e8e970f2cfc8553cdb5392b493ad\",\"name\":\"venred\",\"image\":{\"@type\":\"ImageObject\",\"inLanguage\":\"en-US\",\"@id\":\"https:\\\/\\\/secure.gravatar.com\\\/avatar\\\/2b023a883433f83ad0a3036a7ba60d3133c4e0619f3bca6230ba8c7521b6dec8?s=96&d=mm&r=g\",\"url\":\"https:\\\/\\\/secure.gravatar.com\\\/avatar\\\/2b023a883433f83ad0a3036a7ba60d3133c4e0619f3bca6230ba8c7521b6dec8?s=96&d=mm&r=g\",\"contentUrl\":\"https:\\\/\\\/secure.gravatar.com\\\/avatar\\\/2b023a883433f83ad0a3036a7ba60d3133c4e0619f3bca6230ba8c7521b6dec8?s=96&d=mm&r=g\",\"caption\":\"venred\"},\"url\":\"https:\\\/\\\/wordpress2.hdnweb.com\\\/en\\\/author\\\/venred\\\/\"}]}<\/script>\n<!-- \/ Yoast SEO plugin. -->","yoast_head_json":{"title":"La Acura MDX 2022 hace su debut como nueva insignia de la marca - Multisitio 2","robots":{"index":"index","follow":"follow","max-snippet":"max-snippet:-1","max-image-preview":"max-image-preview:large","max-video-preview":"max-video-preview:-1"},"canonical":"https:\/\/wordpress2.hdnweb.com\/en\/2020\/12\/11\/la-acura-mdx-2022-hace-su-debut-como-nueva-insignia-de-la-marca-7\/","og_locale":"en_US","og_type":"article","og_title":"La Acura MDX 2022 hace su debut como nueva insignia de la marca - Multisitio 2","og_description":"TORRANCE, California, 11 de diciembre de 2020 \/PRNewswire-HISPANIC PR WIRE\/ -- El d\u00eda de hoy, Acura revel\u00f3 su nueva MDX 2022, la SUV de m\u00e1s categor\u00eda, centrada en el desempe\u00f1o y tecnol\u00f3gicamente m\u00e1s sofisticada de la historia de Acura. Ocupando su nueva posici\u00f3n como insignia de la marca, la nueva generaci\u00f3n de la Acura MDX es un salto cu\u00e1ntico, con un dise\u00f1o exterior robusto y un nuevo interior elegante y sofisticado en la cabina m\u00e1s avanzada y de m\u00e1s alta tecnolog\u00eda que ha fabricado la marca en sus 35 a\u00f1os de...","og_url":"https:\/\/wordpress2.hdnweb.com\/en\/2020\/12\/11\/la-acura-mdx-2022-hace-su-debut-como-nueva-insignia-de-la-marca-7\/","og_site_name":"Multisitio 2","article_published_time":"2020-12-11T06:10:00+00:00","og_image":[{"width":2560,"height":1707,"url":"https:\/\/wordpress2.hdnweb.com\/wp-content\/uploads\/2020\/05\/30446_1_52647-scaled.jpg","type":"image\/jpeg"}],"author":"venred","twitter_card":"summary_large_image","twitter_misc":{"Written by":"venred","Est. reading time":"26 minutes"},"schema":{"@context":"https:\/\/schema.org","@graph":[{"@type":"Article","@id":"https:\/\/wordpress2.hdnweb.com\/2020\/12\/11\/la-acura-mdx-2022-hace-su-debut-como-nueva-insignia-de-la-marca-7\/#article","isPartOf":{"@id":"https:\/\/wordpress2.hdnweb.com\/2020\/12\/11\/la-acura-mdx-2022-hace-su-debut-como-nueva-insignia-de-la-marca-7\/"},"author":{"name":"venred","@id":"https:\/\/wordpress2.hdnweb.com\/#\/schema\/person\/c112e8e970f2cfc8553cdb5392b493ad"},"headline":"(Espa\u00f1ol) La Acura MDX 2022 hace su debut como nueva insignia de la marca","datePublished":"2020-12-11T06:10:00+00:00","mainEntityOfPage":{"@id":"https:\/\/wordpress2.hdnweb.com\/2020\/12\/11\/la-acura-mdx-2022-hace-su-debut-como-nueva-insignia-de-la-marca-7\/"},"wordCount":5245,"commentCount":0,"image":{"@id":"https:\/\/wordpress2.hdnweb.com\/2020\/12\/11\/la-acura-mdx-2022-hace-su-debut-como-nueva-insignia-de-la-marca-7\/#primaryimage"},"thumbnailUrl":"https:\/\/wordpress2.hdnweb.com\/wp-content\/uploads\/2020\/05\/30446_1_52647-scaled.jpg","articleSection":["Geovanny Vicente"],"inLanguage":"en-US"},{"@type":"WebPage","@id":"https:\/\/wordpress2.hdnweb.com\/en\/2020\/12\/11\/la-acura-mdx-2022-hace-su-debut-como-nueva-insignia-de-la-marca-7\/","url":"https:\/\/wordpress2.hdnweb.com\/en\/2020\/12\/11\/la-acura-mdx-2022-hace-su-debut-como-nueva-insignia-de-la-marca-7\/","name":"La Acura MDX 2022 hace su debut como nueva insignia de la marca - Multisitio 2","isPartOf":{"@id":"https:\/\/wordpress2.hdnweb.com\/en\/#website"},"primaryImageOfPage":{"@id":"https:\/\/wordpress2.hdnweb.com\/en\/2020\/12\/11\/la-acura-mdx-2022-hace-su-debut-como-nueva-insignia-de-la-marca-7\/#primaryimage"},"image":{"@id":"https:\/\/wordpress2.hdnweb.com\/2020\/12\/11\/la-acura-mdx-2022-hace-su-debut-como-nueva-insignia-de-la-marca-7\/#primaryimage"},"thumbnailUrl":"https:\/\/wordpress2.hdnweb.com\/wp-content\/uploads\/2020\/05\/30446_1_52647-scaled.jpg","datePublished":"2020-12-11T06:10:00+00:00","author":{"@id":"https:\/\/wordpress2.hdnweb.com\/#\/schema\/person\/c112e8e970f2cfc8553cdb5392b493ad"},"breadcrumb":{"@id":"https:\/\/wordpress2.hdnweb.com\/en\/2020\/12\/11\/la-acura-mdx-2022-hace-su-debut-como-nueva-insignia-de-la-marca-7\/#breadcrumb"},"inLanguage":"en-US","potentialAction":[{"@type":"ReadAction","target":[["https:\/\/wordpress2.hdnweb.com\/en\/2020\/12\/11\/la-acura-mdx-2022-hace-su-debut-como-nueva-insignia-de-la-marca-7\/"]]}]},{"@type":"ImageObject","inLanguage":"en-US","@id":"https:\/\/wordpress2.hdnweb.com\/en\/2020\/12\/11\/la-acura-mdx-2022-hace-su-debut-como-nueva-insignia-de-la-marca-7\/#primaryimage","url":"https:\/\/wordpress2.hdnweb.com\/wp-content\/uploads\/2020\/05\/30446_1_52647-scaled.jpg","contentUrl":"https:\/\/wordpress2.hdnweb.com\/wp-content\/uploads\/2020\/05\/30446_1_52647-scaled.jpg","width":2560,"height":1707,"caption":"Acura today unveiled the all-new 2022 MDX, the most premium, performance-focused and technologically sophisticated SUV in Acura history."},{"@type":"BreadcrumbList","@id":"https:\/\/wordpress2.hdnweb.com\/en\/2020\/12\/11\/la-acura-mdx-2022-hace-su-debut-como-nueva-insignia-de-la-marca-7\/#breadcrumb","itemListElement":[{"@type":"ListItem","position":1,"name":"Portada","item":"https:\/\/wordpress2.hdnweb.com\/en\/"},{"@type":"ListItem","position":2,"name":"La Acura MDX 2022 hace su debut como nueva insignia de la marca"}]},{"@type":"WebSite","@id":"https:\/\/wordpress2.hdnweb.com\/en\/#website","url":"https:\/\/wordpress2.hdnweb.com\/en\/","name":"Multisitio 2","description":"","potentialAction":[{"@type":"SearchAction","target":{"@type":"EntryPoint","urlTemplate":"https:\/\/wordpress2.hdnweb.com\/en\/?s={search_term_string}"},"query-input":{"@type":"PropertyValueSpecification","valueRequired":true,"valueName":"search_term_string"}}],"inLanguage":"en-US"},{"@type":"Person","@id":"https:\/\/wordpress2.hdnweb.com\/#\/schema\/person\/c112e8e970f2cfc8553cdb5392b493ad","name":"venred","image":{"@type":"ImageObject","inLanguage":"en-US","@id":"https:\/\/secure.gravatar.com\/avatar\/2b023a883433f83ad0a3036a7ba60d3133c4e0619f3bca6230ba8c7521b6dec8?s=96&d=mm&r=g","url":"https:\/\/secure.gravatar.com\/avatar\/2b023a883433f83ad0a3036a7ba60d3133c4e0619f3bca6230ba8c7521b6dec8?s=96&d=mm&r=g","contentUrl":"https:\/\/secure.gravatar.com\/avatar\/2b023a883433f83ad0a3036a7ba60d3133c4e0619f3bca6230ba8c7521b6dec8?s=96&d=mm&r=g","caption":"venred"},"url":"https:\/\/wordpress2.hdnweb.com\/en\/author\/venred\/"}]}},"_links":{"self":[{"href":"https:\/\/wordpress2.hdnweb.com\/en\/wp-json\/wp\/v2\/posts\/30446","targetHints":{"allow":["GET"]}}],"collection":[{"href":"https:\/\/wordpress2.hdnweb.com\/en\/wp-json\/wp\/v2\/posts"}],"about":[{"href":"https:\/\/wordpress2.hdnweb.com\/en\/wp-json\/wp\/v2\/types\/post"}],"author":[{"embeddable":true,"href":"https:\/\/wordpress2.hdnweb.com\/en\/wp-json\/wp\/v2\/users\/1"}],"replies":[{"embeddable":true,"href":"https:\/\/wordpress2.hdnweb.com\/en\/wp-json\/wp\/v2\/comments?post=30446"}],"version-history":[{"count":0,"href":"https:\/\/wordpress2.hdnweb.com\/en\/wp-json\/wp\/v2\/posts\/30446\/revisions"}],"wp:featuredmedia":[{"embeddable":true,"href":"https:\/\/wordpress2.hdnweb.com\/en\/wp-json\/wp\/v2\/media\/30447"}],"wp:attachment":[{"href":"https:\/\/wordpress2.hdnweb.com\/en\/wp-json\/wp\/v2\/media?parent=30446"}],"wp:term":[{"taxonomy":"category","embeddable":true,"href":"https:\/\/wordpress2.hdnweb.com\/en\/wp-json\/wp\/v2\/categories?post=30446"},{"taxonomy":"post_tag","embeddable":true,"href":"https:\/\/wordpress2.hdnweb.com\/en\/wp-json\/wp\/v2\/tags?post=30446"}],"curies":[{"name":"wp","href":"https:\/\/api.w.org\/{rel}","templated":true}]}}