{"id":30800,"date":"2020-12-15T06:00:00","date_gmt":"2020-12-15T06:00:00","guid":{"rendered":"https:\/\/wordpress2.hdnweb.com\/2020\/12\/15\/ricardo-canaless-new-book-mas-alla-de-mi-verdad-a-potent-narrative-that-shares-insights-on-life-and-its-perceived-tenets-of-human-consciousness\/"},"modified":"2020-12-15T06:00:00","modified_gmt":"2020-12-15T06:00:00","slug":"ricardo-canaless-new-book-mas-alla-de-mi-verdad-a-potent-narrative-that-shares-insights-on-life-and-its-perceived-tenets-of-human-consciousness","status":"publish","type":"post","link":"https:\/\/wordpress2.hdnweb.com\/en\/2020\/12\/15\/ricardo-canaless-new-book-mas-alla-de-mi-verdad-a-potent-narrative-that-shares-insights-on-life-and-its-perceived-tenets-of-human-consciousness\/","title":{"rendered":"Ricardo Canales&#8217;s new book M\u00e1s All\u00e1 de Mi Verdad, a potent narrative that shares insights on life and its perceived tenets of human consciousness"},"content":{"rendered":"<p><\/p>\n<style type=\"text\/css\"><![CDATA[\n\/* Style Definitions *\/\nspan.prnews_span\n{\nfont-size:8pt;\nfont-family:\"Arial\";\ncolor:black;\n}\na.prnews_a\n{\ncolor:blue;\n}\nli.prnews_li\n{\nfont-size:8pt;\nfont-family:\"Arial\";\ncolor:black;\n}\np.prnews_p\n{\nfont-size:0.62em;\nfont-family:\"Arial\";\ncolor:black;\nmargin:0in;\n}\n]]><\/style>\n<div class=\"xn-content\">\n<p\/>\n<p\/>\n<p\/>\n<p><span class=\"xn-location\">SAYLORSBURG, Pa.<\/span>, <span class=\"xn-chron\">Dec. 15, 2020<\/span> \/PRNewswire-HISPANIC PR WIRE\/ &#8212; The book <i>M\u00e1s All\u00e1 de <span class=\"xn-person\">Mi Verdad<\/span> <\/i>was created by <span class=\"xn-person\">Ricardo Canales<\/span>. Ricardo is an author from Moraz\u00e1n, <span class=\"xn-location\">El Salvador<\/span>, <span class=\"xn-location\">Central America<\/span>. He moved to <span class=\"xn-location\">Texas<\/span>, <span class=\"xn-location\">United States of America<\/span>, and studied various and different aspects of the physical and spiritual lives as well as esoteric studies in <span class=\"xn-location\">South America<\/span>, <span class=\"xn-location\">North America<\/span>, the <span class=\"xn-location\">Caribbean<\/span>, and <span class=\"xn-location\">Europe<\/span>.<\/p>\n<div class=\"PRN_ImbeddedAssetReference\" id=\"DivAssetPlaceHolder1\">\n<p>\n                        <a href=\"https:\/\/mma.prnewswire.com\/media\/1385584\/Ricardo_Canales.html\" target=\"_blank\" rel=\"nofollow\"><br \/>\n                    <img decoding=\"async\" src=\"https:\/\/mma.prnewswire.com\/media\/1385584\/Ricardo_Canales.jpg\" title=\"\" alt=\"\"\/><\/a>\n                <\/p>\n<\/p><\/div>\n<p\/>\n<p>Ricardo said this about his book: &#8220;In groups of related people\u2014whether in religions, artists, sports, etc.\u2014highly influenced by the laws, the adrenaline spill is guaranteed, and time as well as space seem to shrink.<\/p>\n<p\/>\n<p>All this contributes to the development, projection, and exchange of knowledge, aspirations, and experiences such as the flowering and maturation of ideas. The actions of these groups favor the improvement of behavior.<\/p>\n<p\/>\n<p>The affective aspect whose most beautiful seal is love as a great fruit of the community experience makes the human the possibility of rising and the simplest detail and the humblest delivery gives life a transcendental essence of delivery as a manifestation of the greatness of that law inscribed deep down by the actions of conscience.&#8221;<\/p>\n<p\/>\n<p>Published by Page Publishing, <span class=\"xn-person\">Ricardo Canales&#8217;s<\/span> new book <i>M\u00e1s All\u00e1 de <span class=\"xn-person\">Mi Verdad<\/span> <\/i>will fill the readers with wisdom and teach them the importance of achieving purpose in life.<\/p>\n<p\/>\n<p>Consumers who wish to know and understand certain truths pertaining to life and the human collective can purchase <i>M\u00e1s All\u00e1 de <span class=\"xn-person\">Mi Verdad<\/span> <\/i>in any bookstore or online at Apple iTunes, Amazon.com, Google Play, or <span class=\"xn-location\">Barnes<\/span> and Noble.<\/p>\n<p\/>\n<p>For additional information or inquiries, you can contact Page Publishing, through the following number: 866-315-2708.<\/p>\n<p\/>\n<p><b><u style=\"text-underline: thick\">About Page Publishing:<\/u><\/b><\/p>\n<p>Page Publishing is a traditional full-service publishing house that handles all of the intricacies involved in publishing its authors&#8217; books, including distribution in the world&#8217;s largest retail outlets and royalty generation. Page Publishing knows that authors need to be free to create, not bogged down with complicated business issues like eBook conversion, establishing wholesale accounts, insurance, shipping, taxes, and the like. Its roster of authors can leave behind these tedious, complex, and time-consuming issues and focus on their passion: writing and creating. Learn more at <a target=\"_blank\" href=\"https:\/\/c212.net\/c\/link\/?t=0&amp;l=en&amp;o=3012120-1&amp;h=1266004944&amp;u=http%3A%2F%2Fwww.pagepublishing.com%2F&amp;a=www.pagepublishing.com.\" rel=\"nofollow\">www.pagepublishing.com.<\/a><\/p>\n<p>Photo &#8211; <a target=\"_blank\" href=\"https:\/\/c212.net\/c\/link\/?t=0&amp;l=en&amp;o=3012120-1&amp;h=956035068&amp;u=https%3A%2F%2Fmma.prnewswire.com%2Fmedia%2F1385585%2FRicardo_Canales.jpg&amp;a=https%3A%2F%2Fmma.prnewswire.com%2Fmedia%2F1385585%2FRicardo_Canales.jpg\" rel=\"nofollow\">https:\/\/mma.prnewswire.com\/media\/1385585\/Ricardo_Canales.jpg<\/a> <\/p>\n<div class=\"PRN_ImbeddedAssetReference\" id=\"DivAssetPlaceHolder2\">\n<\/div>\n<p>SOURCE  Page Publishing<\/p>\n<\/div>\n<p><img decoding=\"async\" alt=\"\" src=\"https:\/\/rt.prnewswire.com\/rt.gif?NewsItemId=EH23124&amp;Transmission_Id=202012150600PR_NEWS_HSPR_____EH23124&amp;DateId=20201215\" style=\"border:0px; width:1px; height:1px;\"\/> <\/p>","protected":false},"excerpt":{"rendered":"<div class=\"xn-content\">\n<p \/>\n<p \/>\n<p \/>\n<p><span class=\"xn-location\">SAYLORSBURG, Pa.<\/span>, <span class=\"xn-chron\">Dec. 15, 2020<\/span> \/PRNewswire-HISPANIC PR WIRE\/ &#8212; The book <i>M\u00e1s All\u00e1 de <span class=\"xn-person\">Mi Verdad<\/span> <\/i>was created by <span class=\"xn-person\">Ricardo Canales<\/span>. Ricardo is an author from Moraz\u00e1n, <span class=\"xn-location\">El Salvador<\/span>, <span class=\"xn-location\">Central America<\/span>. He moved to <span class=\"xn-location\">Texas<\/span>, <span class=\"xn-location\">United States of America<\/span>, and studied various and different aspects&#8230;<\/p>\n","protected":false},"author":1,"featured_media":30801,"comment_status":"open","ping_status":"open","sticky":false,"template":"","format":"standard","meta":{"_acf_changed":false,"_monsterinsights_skip_tracking":false,"_monsterinsights_sitenote_active":false,"_monsterinsights_sitenote_note":"","_monsterinsights_sitenote_category":0,"footnotes":""},"categories":[3],"tags":[],"class_list":["post-30800","post","type-post","status-publish","format-standard","has-post-thumbnail","hentry","category-aaron-sanchez"],"acf":[],"yoast_head":"<!-- This site is optimized with the Yoast SEO plugin v27.5 - https:\/\/yoast.com\/product\/yoast-seo-wordpress\/ -->\n<title>Ricardo Canales&#039;s new book M\u00e1s All\u00e1 de Mi Verdad, a potent narrative that shares insights on life and its perceived tenets of human consciousness - Multisitio 2<\/title>\n<meta name=\"robots\" content=\"index, follow, max-snippet:-1, max-image-preview:large, max-video-preview:-1\" \/>\n<link rel=\"canonical\" href=\"https:\/\/wordpress2.hdnweb.com\/en\/2020\/12\/15\/ricardo-canaless-new-book-mas-alla-de-mi-verdad-a-potent-narrative-that-shares-insights-on-life-and-its-perceived-tenets-of-human-consciousness\/\" \/>\n<meta property=\"og:locale\" content=\"en_US\" \/>\n<meta property=\"og:type\" content=\"article\" \/>\n<meta property=\"og:title\" content=\"Ricardo Canales&#039;s new book M\u00e1s All\u00e1 de Mi Verdad, a potent narrative that shares insights on life and its perceived tenets of human consciousness - Multisitio 2\" \/>\n<meta property=\"og:description\" content=\"SAYLORSBURG, Pa., Dec. 15, 2020 \/PRNewswire-HISPANIC PR WIRE\/ -- The book M\u00e1s All\u00e1 de Mi Verdad was created by Ricardo Canales. Ricardo is an author from Moraz\u00e1n, El Salvador, Central America. He moved to Texas, United States of America, and studied various and different aspects...\" \/>\n<meta property=\"og:url\" content=\"https:\/\/wordpress2.hdnweb.com\/en\/2020\/12\/15\/ricardo-canaless-new-book-mas-alla-de-mi-verdad-a-potent-narrative-that-shares-insights-on-life-and-its-perceived-tenets-of-human-consciousness\/\" \/>\n<meta property=\"og:site_name\" content=\"Multisitio 2\" \/>\n<meta property=\"article:published_time\" content=\"2020-12-15T06:00:00+00:00\" \/>\n<meta property=\"og:image\" content=\"https:\/\/wordpress2.hdnweb.com\/wp-content\/uploads\/2020\/05\/30800_1_65162.jpg\" \/>\n\t<meta property=\"og:image:width\" content=\"1337\" \/>\n\t<meta property=\"og:image:height\" content=\"2000\" \/>\n\t<meta property=\"og:image:type\" content=\"image\/jpeg\" \/>\n<meta name=\"author\" content=\"venred\" \/>\n<meta name=\"twitter:card\" content=\"summary_large_image\" \/>\n<meta name=\"twitter:label1\" content=\"Written by\" \/>\n\t<meta name=\"twitter:data1\" content=\"venred\" \/>\n\t<meta name=\"twitter:label2\" content=\"Est. reading time\" \/>\n\t<meta name=\"twitter:data2\" content=\"2 minutes\" \/>\n<script type=\"application\/ld+json\" class=\"yoast-schema-graph\">{\"@context\":\"https:\\\/\\\/schema.org\",\"@graph\":[{\"@type\":\"Article\",\"@id\":\"https:\\\/\\\/wordpress2.hdnweb.com\\\/2020\\\/12\\\/15\\\/ricardo-canaless-new-book-mas-alla-de-mi-verdad-a-potent-narrative-that-shares-insights-on-life-and-its-perceived-tenets-of-human-consciousness\\\/#article\",\"isPartOf\":{\"@id\":\"https:\\\/\\\/wordpress2.hdnweb.com\\\/2020\\\/12\\\/15\\\/ricardo-canaless-new-book-mas-alla-de-mi-verdad-a-potent-narrative-that-shares-insights-on-life-and-its-perceived-tenets-of-human-consciousness\\\/\"},\"author\":{\"name\":\"venred\",\"@id\":\"https:\\\/\\\/wordpress2.hdnweb.com\\\/#\\\/schema\\\/person\\\/c112e8e970f2cfc8553cdb5392b493ad\"},\"headline\":\"Ricardo Canales&#8217;s new book M\u00e1s All\u00e1 de Mi Verdad, a potent narrative that shares insights on life and its perceived tenets of human consciousness\",\"datePublished\":\"2020-12-15T06:00:00+00:00\",\"mainEntityOfPage\":{\"@id\":\"https:\\\/\\\/wordpress2.hdnweb.com\\\/2020\\\/12\\\/15\\\/ricardo-canaless-new-book-mas-alla-de-mi-verdad-a-potent-narrative-that-shares-insights-on-life-and-its-perceived-tenets-of-human-consciousness\\\/\"},\"wordCount\":407,\"commentCount\":0,\"image\":{\"@id\":\"https:\\\/\\\/wordpress2.hdnweb.com\\\/2020\\\/12\\\/15\\\/ricardo-canaless-new-book-mas-alla-de-mi-verdad-a-potent-narrative-that-shares-insights-on-life-and-its-perceived-tenets-of-human-consciousness\\\/#primaryimage\"},\"thumbnailUrl\":\"https:\\\/\\\/wordpress2.hdnweb.com\\\/wp-content\\\/uploads\\\/2020\\\/05\\\/30800_1_65162.jpg\",\"articleSection\":[\"Aaron Sanchez\"],\"inLanguage\":\"en-US\"},{\"@type\":\"WebPage\",\"@id\":\"https:\\\/\\\/wordpress2.hdnweb.com\\\/en\\\/2020\\\/12\\\/15\\\/ricardo-canaless-new-book-mas-alla-de-mi-verdad-a-potent-narrative-that-shares-insights-on-life-and-its-perceived-tenets-of-human-consciousness\\\/\",\"url\":\"https:\\\/\\\/wordpress2.hdnweb.com\\\/en\\\/2020\\\/12\\\/15\\\/ricardo-canaless-new-book-mas-alla-de-mi-verdad-a-potent-narrative-that-shares-insights-on-life-and-its-perceived-tenets-of-human-consciousness\\\/\",\"name\":\"Ricardo Canales's new book M\u00e1s All\u00e1 de Mi Verdad, a potent narrative that shares insights on life and its perceived tenets of human consciousness - Multisitio 2\",\"isPartOf\":{\"@id\":\"https:\\\/\\\/wordpress2.hdnweb.com\\\/en\\\/#website\"},\"primaryImageOfPage\":{\"@id\":\"https:\\\/\\\/wordpress2.hdnweb.com\\\/en\\\/2020\\\/12\\\/15\\\/ricardo-canaless-new-book-mas-alla-de-mi-verdad-a-potent-narrative-that-shares-insights-on-life-and-its-perceived-tenets-of-human-consciousness\\\/#primaryimage\"},\"image\":{\"@id\":\"https:\\\/\\\/wordpress2.hdnweb.com\\\/2020\\\/12\\\/15\\\/ricardo-canaless-new-book-mas-alla-de-mi-verdad-a-potent-narrative-that-shares-insights-on-life-and-its-perceived-tenets-of-human-consciousness\\\/#primaryimage\"},\"thumbnailUrl\":\"https:\\\/\\\/wordpress2.hdnweb.com\\\/wp-content\\\/uploads\\\/2020\\\/05\\\/30800_1_65162.jpg\",\"datePublished\":\"2020-12-15T06:00:00+00:00\",\"author\":{\"@id\":\"https:\\\/\\\/wordpress2.hdnweb.com\\\/#\\\/schema\\\/person\\\/c112e8e970f2cfc8553cdb5392b493ad\"},\"breadcrumb\":{\"@id\":\"https:\\\/\\\/wordpress2.hdnweb.com\\\/en\\\/2020\\\/12\\\/15\\\/ricardo-canaless-new-book-mas-alla-de-mi-verdad-a-potent-narrative-that-shares-insights-on-life-and-its-perceived-tenets-of-human-consciousness\\\/#breadcrumb\"},\"inLanguage\":\"en-US\",\"potentialAction\":[{\"@type\":\"ReadAction\",\"target\":[[\"https:\\\/\\\/wordpress2.hdnweb.com\\\/en\\\/2020\\\/12\\\/15\\\/ricardo-canaless-new-book-mas-alla-de-mi-verdad-a-potent-narrative-that-shares-insights-on-life-and-its-perceived-tenets-of-human-consciousness\\\/\"]]}]},{\"@type\":\"ImageObject\",\"inLanguage\":\"en-US\",\"@id\":\"https:\\\/\\\/wordpress2.hdnweb.com\\\/en\\\/2020\\\/12\\\/15\\\/ricardo-canaless-new-book-mas-alla-de-mi-verdad-a-potent-narrative-that-shares-insights-on-life-and-its-perceived-tenets-of-human-consciousness\\\/#primaryimage\",\"url\":\"https:\\\/\\\/wordpress2.hdnweb.com\\\/wp-content\\\/uploads\\\/2020\\\/05\\\/30800_1_65162.jpg\",\"contentUrl\":\"https:\\\/\\\/wordpress2.hdnweb.com\\\/wp-content\\\/uploads\\\/2020\\\/05\\\/30800_1_65162.jpg\",\"width\":1337,\"height\":2000,\"caption\":\"Ricardo-Canales\"},{\"@type\":\"BreadcrumbList\",\"@id\":\"https:\\\/\\\/wordpress2.hdnweb.com\\\/en\\\/2020\\\/12\\\/15\\\/ricardo-canaless-new-book-mas-alla-de-mi-verdad-a-potent-narrative-that-shares-insights-on-life-and-its-perceived-tenets-of-human-consciousness\\\/#breadcrumb\",\"itemListElement\":[{\"@type\":\"ListItem\",\"position\":1,\"name\":\"Portada\",\"item\":\"https:\\\/\\\/wordpress2.hdnweb.com\\\/en\\\/\"},{\"@type\":\"ListItem\",\"position\":2,\"name\":\"Ricardo Canales&#8217;s new book M\u00e1s All\u00e1 de Mi Verdad, a potent narrative that shares insights on life and its perceived tenets of human consciousness\"}]},{\"@type\":\"WebSite\",\"@id\":\"https:\\\/\\\/wordpress2.hdnweb.com\\\/en\\\/#website\",\"url\":\"https:\\\/\\\/wordpress2.hdnweb.com\\\/en\\\/\",\"name\":\"Multisitio 2\",\"description\":\"\",\"potentialAction\":[{\"@type\":\"SearchAction\",\"target\":{\"@type\":\"EntryPoint\",\"urlTemplate\":\"https:\\\/\\\/wordpress2.hdnweb.com\\\/en\\\/?s={search_term_string}\"},\"query-input\":{\"@type\":\"PropertyValueSpecification\",\"valueRequired\":true,\"valueName\":\"search_term_string\"}}],\"inLanguage\":\"en-US\"},{\"@type\":\"Person\",\"@id\":\"https:\\\/\\\/wordpress2.hdnweb.com\\\/#\\\/schema\\\/person\\\/c112e8e970f2cfc8553cdb5392b493ad\",\"name\":\"venred\",\"image\":{\"@type\":\"ImageObject\",\"inLanguage\":\"en-US\",\"@id\":\"https:\\\/\\\/secure.gravatar.com\\\/avatar\\\/2b023a883433f83ad0a3036a7ba60d3133c4e0619f3bca6230ba8c7521b6dec8?s=96&d=mm&r=g\",\"url\":\"https:\\\/\\\/secure.gravatar.com\\\/avatar\\\/2b023a883433f83ad0a3036a7ba60d3133c4e0619f3bca6230ba8c7521b6dec8?s=96&d=mm&r=g\",\"contentUrl\":\"https:\\\/\\\/secure.gravatar.com\\\/avatar\\\/2b023a883433f83ad0a3036a7ba60d3133c4e0619f3bca6230ba8c7521b6dec8?s=96&d=mm&r=g\",\"caption\":\"venred\"},\"url\":\"https:\\\/\\\/wordpress2.hdnweb.com\\\/en\\\/author\\\/venred\\\/\"}]}<\/script>\n<!-- \/ Yoast SEO plugin. -->","yoast_head_json":{"title":"Ricardo Canales's new book M\u00e1s All\u00e1 de Mi Verdad, a potent narrative that shares insights on life and its perceived tenets of human consciousness - Multisitio 2","robots":{"index":"index","follow":"follow","max-snippet":"max-snippet:-1","max-image-preview":"max-image-preview:large","max-video-preview":"max-video-preview:-1"},"canonical":"https:\/\/wordpress2.hdnweb.com\/en\/2020\/12\/15\/ricardo-canaless-new-book-mas-alla-de-mi-verdad-a-potent-narrative-that-shares-insights-on-life-and-its-perceived-tenets-of-human-consciousness\/","og_locale":"en_US","og_type":"article","og_title":"Ricardo Canales's new book M\u00e1s All\u00e1 de Mi Verdad, a potent narrative that shares insights on life and its perceived tenets of human consciousness - Multisitio 2","og_description":"SAYLORSBURG, Pa., Dec. 15, 2020 \/PRNewswire-HISPANIC PR WIRE\/ -- The book M\u00e1s All\u00e1 de Mi Verdad was created by Ricardo Canales. Ricardo is an author from Moraz\u00e1n, El Salvador, Central America. He moved to Texas, United States of America, and studied various and different aspects...","og_url":"https:\/\/wordpress2.hdnweb.com\/en\/2020\/12\/15\/ricardo-canaless-new-book-mas-alla-de-mi-verdad-a-potent-narrative-that-shares-insights-on-life-and-its-perceived-tenets-of-human-consciousness\/","og_site_name":"Multisitio 2","article_published_time":"2020-12-15T06:00:00+00:00","og_image":[{"width":1337,"height":2000,"url":"https:\/\/wordpress2.hdnweb.com\/wp-content\/uploads\/2020\/05\/30800_1_65162.jpg","type":"image\/jpeg"}],"author":"venred","twitter_card":"summary_large_image","twitter_misc":{"Written by":"venred","Est. reading time":"2 minutes"},"schema":{"@context":"https:\/\/schema.org","@graph":[{"@type":"Article","@id":"https:\/\/wordpress2.hdnweb.com\/2020\/12\/15\/ricardo-canaless-new-book-mas-alla-de-mi-verdad-a-potent-narrative-that-shares-insights-on-life-and-its-perceived-tenets-of-human-consciousness\/#article","isPartOf":{"@id":"https:\/\/wordpress2.hdnweb.com\/2020\/12\/15\/ricardo-canaless-new-book-mas-alla-de-mi-verdad-a-potent-narrative-that-shares-insights-on-life-and-its-perceived-tenets-of-human-consciousness\/"},"author":{"name":"venred","@id":"https:\/\/wordpress2.hdnweb.com\/#\/schema\/person\/c112e8e970f2cfc8553cdb5392b493ad"},"headline":"Ricardo Canales&#8217;s new book M\u00e1s All\u00e1 de Mi Verdad, a potent narrative that shares insights on life and its perceived tenets of human consciousness","datePublished":"2020-12-15T06:00:00+00:00","mainEntityOfPage":{"@id":"https:\/\/wordpress2.hdnweb.com\/2020\/12\/15\/ricardo-canaless-new-book-mas-alla-de-mi-verdad-a-potent-narrative-that-shares-insights-on-life-and-its-perceived-tenets-of-human-consciousness\/"},"wordCount":407,"commentCount":0,"image":{"@id":"https:\/\/wordpress2.hdnweb.com\/2020\/12\/15\/ricardo-canaless-new-book-mas-alla-de-mi-verdad-a-potent-narrative-that-shares-insights-on-life-and-its-perceived-tenets-of-human-consciousness\/#primaryimage"},"thumbnailUrl":"https:\/\/wordpress2.hdnweb.com\/wp-content\/uploads\/2020\/05\/30800_1_65162.jpg","articleSection":["Aaron Sanchez"],"inLanguage":"en-US"},{"@type":"WebPage","@id":"https:\/\/wordpress2.hdnweb.com\/en\/2020\/12\/15\/ricardo-canaless-new-book-mas-alla-de-mi-verdad-a-potent-narrative-that-shares-insights-on-life-and-its-perceived-tenets-of-human-consciousness\/","url":"https:\/\/wordpress2.hdnweb.com\/en\/2020\/12\/15\/ricardo-canaless-new-book-mas-alla-de-mi-verdad-a-potent-narrative-that-shares-insights-on-life-and-its-perceived-tenets-of-human-consciousness\/","name":"Ricardo Canales's new book M\u00e1s All\u00e1 de Mi Verdad, a potent narrative that shares insights on life and its perceived tenets of human consciousness - Multisitio 2","isPartOf":{"@id":"https:\/\/wordpress2.hdnweb.com\/en\/#website"},"primaryImageOfPage":{"@id":"https:\/\/wordpress2.hdnweb.com\/en\/2020\/12\/15\/ricardo-canaless-new-book-mas-alla-de-mi-verdad-a-potent-narrative-that-shares-insights-on-life-and-its-perceived-tenets-of-human-consciousness\/#primaryimage"},"image":{"@id":"https:\/\/wordpress2.hdnweb.com\/2020\/12\/15\/ricardo-canaless-new-book-mas-alla-de-mi-verdad-a-potent-narrative-that-shares-insights-on-life-and-its-perceived-tenets-of-human-consciousness\/#primaryimage"},"thumbnailUrl":"https:\/\/wordpress2.hdnweb.com\/wp-content\/uploads\/2020\/05\/30800_1_65162.jpg","datePublished":"2020-12-15T06:00:00+00:00","author":{"@id":"https:\/\/wordpress2.hdnweb.com\/#\/schema\/person\/c112e8e970f2cfc8553cdb5392b493ad"},"breadcrumb":{"@id":"https:\/\/wordpress2.hdnweb.com\/en\/2020\/12\/15\/ricardo-canaless-new-book-mas-alla-de-mi-verdad-a-potent-narrative-that-shares-insights-on-life-and-its-perceived-tenets-of-human-consciousness\/#breadcrumb"},"inLanguage":"en-US","potentialAction":[{"@type":"ReadAction","target":[["https:\/\/wordpress2.hdnweb.com\/en\/2020\/12\/15\/ricardo-canaless-new-book-mas-alla-de-mi-verdad-a-potent-narrative-that-shares-insights-on-life-and-its-perceived-tenets-of-human-consciousness\/"]]}]},{"@type":"ImageObject","inLanguage":"en-US","@id":"https:\/\/wordpress2.hdnweb.com\/en\/2020\/12\/15\/ricardo-canaless-new-book-mas-alla-de-mi-verdad-a-potent-narrative-that-shares-insights-on-life-and-its-perceived-tenets-of-human-consciousness\/#primaryimage","url":"https:\/\/wordpress2.hdnweb.com\/wp-content\/uploads\/2020\/05\/30800_1_65162.jpg","contentUrl":"https:\/\/wordpress2.hdnweb.com\/wp-content\/uploads\/2020\/05\/30800_1_65162.jpg","width":1337,"height":2000,"caption":"Ricardo-Canales"},{"@type":"BreadcrumbList","@id":"https:\/\/wordpress2.hdnweb.com\/en\/2020\/12\/15\/ricardo-canaless-new-book-mas-alla-de-mi-verdad-a-potent-narrative-that-shares-insights-on-life-and-its-perceived-tenets-of-human-consciousness\/#breadcrumb","itemListElement":[{"@type":"ListItem","position":1,"name":"Portada","item":"https:\/\/wordpress2.hdnweb.com\/en\/"},{"@type":"ListItem","position":2,"name":"Ricardo Canales&#8217;s new book M\u00e1s All\u00e1 de Mi Verdad, a potent narrative that shares insights on life and its perceived tenets of human consciousness"}]},{"@type":"WebSite","@id":"https:\/\/wordpress2.hdnweb.com\/en\/#website","url":"https:\/\/wordpress2.hdnweb.com\/en\/","name":"Multisitio 2","description":"","potentialAction":[{"@type":"SearchAction","target":{"@type":"EntryPoint","urlTemplate":"https:\/\/wordpress2.hdnweb.com\/en\/?s={search_term_string}"},"query-input":{"@type":"PropertyValueSpecification","valueRequired":true,"valueName":"search_term_string"}}],"inLanguage":"en-US"},{"@type":"Person","@id":"https:\/\/wordpress2.hdnweb.com\/#\/schema\/person\/c112e8e970f2cfc8553cdb5392b493ad","name":"venred","image":{"@type":"ImageObject","inLanguage":"en-US","@id":"https:\/\/secure.gravatar.com\/avatar\/2b023a883433f83ad0a3036a7ba60d3133c4e0619f3bca6230ba8c7521b6dec8?s=96&d=mm&r=g","url":"https:\/\/secure.gravatar.com\/avatar\/2b023a883433f83ad0a3036a7ba60d3133c4e0619f3bca6230ba8c7521b6dec8?s=96&d=mm&r=g","contentUrl":"https:\/\/secure.gravatar.com\/avatar\/2b023a883433f83ad0a3036a7ba60d3133c4e0619f3bca6230ba8c7521b6dec8?s=96&d=mm&r=g","caption":"venred"},"url":"https:\/\/wordpress2.hdnweb.com\/en\/author\/venred\/"}]}},"_links":{"self":[{"href":"https:\/\/wordpress2.hdnweb.com\/en\/wp-json\/wp\/v2\/posts\/30800","targetHints":{"allow":["GET"]}}],"collection":[{"href":"https:\/\/wordpress2.hdnweb.com\/en\/wp-json\/wp\/v2\/posts"}],"about":[{"href":"https:\/\/wordpress2.hdnweb.com\/en\/wp-json\/wp\/v2\/types\/post"}],"author":[{"embeddable":true,"href":"https:\/\/wordpress2.hdnweb.com\/en\/wp-json\/wp\/v2\/users\/1"}],"replies":[{"embeddable":true,"href":"https:\/\/wordpress2.hdnweb.com\/en\/wp-json\/wp\/v2\/comments?post=30800"}],"version-history":[{"count":0,"href":"https:\/\/wordpress2.hdnweb.com\/en\/wp-json\/wp\/v2\/posts\/30800\/revisions"}],"wp:featuredmedia":[{"embeddable":true,"href":"https:\/\/wordpress2.hdnweb.com\/en\/wp-json\/wp\/v2\/media\/30801"}],"wp:attachment":[{"href":"https:\/\/wordpress2.hdnweb.com\/en\/wp-json\/wp\/v2\/media?parent=30800"}],"wp:term":[{"taxonomy":"category","embeddable":true,"href":"https:\/\/wordpress2.hdnweb.com\/en\/wp-json\/wp\/v2\/categories?post=30800"},{"taxonomy":"post_tag","embeddable":true,"href":"https:\/\/wordpress2.hdnweb.com\/en\/wp-json\/wp\/v2\/tags?post=30800"}],"curies":[{"name":"wp","href":"https:\/\/api.w.org\/{rel}","templated":true}]}}