{"id":3413,"date":"2020-05-08T07:03:00","date_gmt":"2020-05-08T07:03:00","guid":{"rendered":"http:\/\/wordpress2.hdnweb.com\/2020\/05\/08\/natura-co-acelera-la-integracion-de-avon-en-medio-del-covid-19\/"},"modified":"2020-05-08T07:03:00","modified_gmt":"2020-05-08T07:03:00","slug":"natura-co-acelera-la-integracion-de-avon-en-medio-del-covid-19","status":"publish","type":"post","link":"https:\/\/wordpress2.hdnweb.com\/en\/2020\/05\/08\/natura-co-acelera-la-integracion-de-avon-en-medio-del-covid-19\/","title":{"rendered":"(Espa\u00f1ol) Natura &amp;Co acelera la integraci\u00f3n de Avon en medio del COVID-19"},"content":{"rendered":"<p class=\"qtranxs-available-languages-message qtranxs-available-languages-message-en\">Sorry, this entry is only available in <a href=\"https:\/\/wordpress2.hdnweb.com\/es\/wp-json\/wp\/v2\/posts\/3413\" class=\"qtranxs-available-language-link qtranxs-available-language-link-es\" title=\"Espa\u00f1ol\">Espa\u00f1ol<\/a>.<\/p>","protected":false},"excerpt":{"rendered":"<p class=\"qtranxs-available-languages-message qtranxs-available-languages-message-en\">Sorry, this entry is only available in <a href=\"https:\/\/wordpress2.hdnweb.com\/es\/wp-json\/wp\/v2\/posts\/3413\" class=\"qtranxs-available-language-link qtranxs-available-language-link-es\" title=\"Espa\u00f1ol\">Espa\u00f1ol<\/a>.<\/p>\n","protected":false},"author":1,"featured_media":0,"comment_status":"open","ping_status":"open","sticky":false,"template":"","format":"standard","meta":{"_acf_changed":false,"_monsterinsights_skip_tracking":false,"_monsterinsights_sitenote_active":false,"_monsterinsights_sitenote_note":"","_monsterinsights_sitenote_category":0,"footnotes":""},"categories":[23],"tags":[],"class_list":["post-3413","post","type-post","status-publish","format-standard","hentry","category-alfredo"],"acf":[],"yoast_head":"<!-- This site is optimized with the Yoast SEO plugin v27.5 - https:\/\/yoast.com\/product\/yoast-seo-wordpress\/ -->\n<title>Natura &amp;Co acelera la integraci\u00f3n de Avon en medio del COVID-19 - Multisitio 2<\/title>\n<meta name=\"robots\" content=\"index, follow, max-snippet:-1, max-image-preview:large, max-video-preview:-1\" \/>\n<link rel=\"canonical\" href=\"https:\/\/wordpress2.hdnweb.com\/en\/2020\/05\/08\/natura-co-acelera-la-integracion-de-avon-en-medio-del-covid-19\/\" \/>\n<meta property=\"og:locale\" content=\"en_US\" \/>\n<meta property=\"og:type\" content=\"article\" \/>\n<meta property=\"og:title\" content=\"Natura &amp;Co acelera la integraci\u00f3n de Avon en medio del COVID-19 - Multisitio 2\" \/>\n<meta property=\"og:description\" content=\"S\u00c3O PAULO, 8 de mayo de 2020 \/PRNewswire\/ -- Natura &amp;Co registr\u00f3 un aumento de sus ingresos en el primer trimestre de 2020, con una fuerte aceleraci\u00f3n en el proceso de digitalizaci\u00f3n en las \u00faltimas semanas, en medio de la r\u00e1pida adaptaci\u00f3n de la compa\u00f1\u00eda a los impactos globales sin precedentes de la pandemia del Covid-19. &quot;Empezamos 2020 con entusiasmo y un plan s\u00f3lido para la integraci\u00f3n de Avon a Natura &amp;Co. No ten\u00edamos idea de que nuestro foco y nuestra resoluci\u00f3n ser\u00edan tan r\u00e1pidamente puestos a prueba por una pandemia...\" \/>\n<meta property=\"og:url\" content=\"https:\/\/wordpress2.hdnweb.com\/en\/2020\/05\/08\/natura-co-acelera-la-integracion-de-avon-en-medio-del-covid-19\/\" \/>\n<meta property=\"og:site_name\" content=\"Multisitio 2\" \/>\n<meta property=\"article:published_time\" content=\"2020-05-08T07:03:00+00:00\" \/>\n<meta name=\"author\" content=\"venred\" \/>\n<meta name=\"twitter:card\" content=\"summary_large_image\" \/>\n<meta name=\"twitter:label1\" content=\"Written by\" \/>\n\t<meta name=\"twitter:data1\" content=\"venred\" \/>\n\t<meta name=\"twitter:label2\" content=\"Est. reading time\" \/>\n\t<meta name=\"twitter:data2\" content=\"7 minutes\" \/>\n<script type=\"application\/ld+json\" class=\"yoast-schema-graph\">{\"@context\":\"https:\\\/\\\/schema.org\",\"@graph\":[{\"@type\":\"Article\",\"@id\":\"https:\\\/\\\/wordpress2.hdnweb.com\\\/2020\\\/05\\\/08\\\/natura-co-acelera-la-integracion-de-avon-en-medio-del-covid-19\\\/#article\",\"isPartOf\":{\"@id\":\"https:\\\/\\\/wordpress2.hdnweb.com\\\/2020\\\/05\\\/08\\\/natura-co-acelera-la-integracion-de-avon-en-medio-del-covid-19\\\/\"},\"author\":{\"name\":\"venred\",\"@id\":\"https:\\\/\\\/wordpress2.hdnweb.com\\\/#\\\/schema\\\/person\\\/c112e8e970f2cfc8553cdb5392b493ad\"},\"headline\":\"(Espa\u00f1ol) Natura &amp;Co acelera la integraci\u00f3n de Avon en medio del COVID-19\",\"datePublished\":\"2020-05-08T07:03:00+00:00\",\"mainEntityOfPage\":{\"@id\":\"https:\\\/\\\/wordpress2.hdnweb.com\\\/2020\\\/05\\\/08\\\/natura-co-acelera-la-integracion-de-avon-en-medio-del-covid-19\\\/\"},\"wordCount\":1477,\"commentCount\":0,\"articleSection\":[\"Alfredo\"],\"inLanguage\":\"en-US\"},{\"@type\":\"WebPage\",\"@id\":\"https:\\\/\\\/wordpress2.hdnweb.com\\\/en\\\/2020\\\/05\\\/08\\\/natura-co-acelera-la-integracion-de-avon-en-medio-del-covid-19\\\/\",\"url\":\"https:\\\/\\\/wordpress2.hdnweb.com\\\/en\\\/2020\\\/05\\\/08\\\/natura-co-acelera-la-integracion-de-avon-en-medio-del-covid-19\\\/\",\"name\":\"Natura &amp;Co acelera la integraci\u00f3n de Avon en medio del COVID-19 - Multisitio 2\",\"isPartOf\":{\"@id\":\"https:\\\/\\\/wordpress2.hdnweb.com\\\/en\\\/#website\"},\"datePublished\":\"2020-05-08T07:03:00+00:00\",\"author\":{\"@id\":\"https:\\\/\\\/wordpress2.hdnweb.com\\\/#\\\/schema\\\/person\\\/c112e8e970f2cfc8553cdb5392b493ad\"},\"breadcrumb\":{\"@id\":\"https:\\\/\\\/wordpress2.hdnweb.com\\\/en\\\/2020\\\/05\\\/08\\\/natura-co-acelera-la-integracion-de-avon-en-medio-del-covid-19\\\/#breadcrumb\"},\"inLanguage\":\"en-US\",\"potentialAction\":[{\"@type\":\"ReadAction\",\"target\":[[\"https:\\\/\\\/wordpress2.hdnweb.com\\\/en\\\/2020\\\/05\\\/08\\\/natura-co-acelera-la-integracion-de-avon-en-medio-del-covid-19\\\/\"]]}]},{\"@type\":\"BreadcrumbList\",\"@id\":\"https:\\\/\\\/wordpress2.hdnweb.com\\\/en\\\/2020\\\/05\\\/08\\\/natura-co-acelera-la-integracion-de-avon-en-medio-del-covid-19\\\/#breadcrumb\",\"itemListElement\":[{\"@type\":\"ListItem\",\"position\":1,\"name\":\"Portada\",\"item\":\"https:\\\/\\\/wordpress2.hdnweb.com\\\/en\\\/\"},{\"@type\":\"ListItem\",\"position\":2,\"name\":\"Natura &amp;Co acelera la integraci\u00f3n de Avon en medio del COVID-19\"}]},{\"@type\":\"WebSite\",\"@id\":\"https:\\\/\\\/wordpress2.hdnweb.com\\\/en\\\/#website\",\"url\":\"https:\\\/\\\/wordpress2.hdnweb.com\\\/en\\\/\",\"name\":\"Multisitio 2\",\"description\":\"\",\"potentialAction\":[{\"@type\":\"SearchAction\",\"target\":{\"@type\":\"EntryPoint\",\"urlTemplate\":\"https:\\\/\\\/wordpress2.hdnweb.com\\\/en\\\/?s={search_term_string}\"},\"query-input\":{\"@type\":\"PropertyValueSpecification\",\"valueRequired\":true,\"valueName\":\"search_term_string\"}}],\"inLanguage\":\"en-US\"},{\"@type\":\"Person\",\"@id\":\"https:\\\/\\\/wordpress2.hdnweb.com\\\/#\\\/schema\\\/person\\\/c112e8e970f2cfc8553cdb5392b493ad\",\"name\":\"venred\",\"image\":{\"@type\":\"ImageObject\",\"inLanguage\":\"en-US\",\"@id\":\"https:\\\/\\\/secure.gravatar.com\\\/avatar\\\/2b023a883433f83ad0a3036a7ba60d3133c4e0619f3bca6230ba8c7521b6dec8?s=96&d=mm&r=g\",\"url\":\"https:\\\/\\\/secure.gravatar.com\\\/avatar\\\/2b023a883433f83ad0a3036a7ba60d3133c4e0619f3bca6230ba8c7521b6dec8?s=96&d=mm&r=g\",\"contentUrl\":\"https:\\\/\\\/secure.gravatar.com\\\/avatar\\\/2b023a883433f83ad0a3036a7ba60d3133c4e0619f3bca6230ba8c7521b6dec8?s=96&d=mm&r=g\",\"caption\":\"venred\"},\"url\":\"https:\\\/\\\/wordpress2.hdnweb.com\\\/en\\\/author\\\/venred\\\/\"}]}<\/script>\n<!-- \/ Yoast SEO plugin. -->","yoast_head_json":{"title":"Natura &amp;Co acelera la integraci\u00f3n de Avon en medio del COVID-19 - Multisitio 2","robots":{"index":"index","follow":"follow","max-snippet":"max-snippet:-1","max-image-preview":"max-image-preview:large","max-video-preview":"max-video-preview:-1"},"canonical":"https:\/\/wordpress2.hdnweb.com\/en\/2020\/05\/08\/natura-co-acelera-la-integracion-de-avon-en-medio-del-covid-19\/","og_locale":"en_US","og_type":"article","og_title":"Natura &amp;Co acelera la integraci\u00f3n de Avon en medio del COVID-19 - Multisitio 2","og_description":"S\u00c3O PAULO, 8 de mayo de 2020 \/PRNewswire\/ -- Natura &amp;Co registr\u00f3 un aumento de sus ingresos en el primer trimestre de 2020, con una fuerte aceleraci\u00f3n en el proceso de digitalizaci\u00f3n en las \u00faltimas semanas, en medio de la r\u00e1pida adaptaci\u00f3n de la compa\u00f1\u00eda a los impactos globales sin precedentes de la pandemia del Covid-19. \"Empezamos 2020 con entusiasmo y un plan s\u00f3lido para la integraci\u00f3n de Avon a Natura &amp;Co. No ten\u00edamos idea de que nuestro foco y nuestra resoluci\u00f3n ser\u00edan tan r\u00e1pidamente puestos a prueba por una pandemia...","og_url":"https:\/\/wordpress2.hdnweb.com\/en\/2020\/05\/08\/natura-co-acelera-la-integracion-de-avon-en-medio-del-covid-19\/","og_site_name":"Multisitio 2","article_published_time":"2020-05-08T07:03:00+00:00","author":"venred","twitter_card":"summary_large_image","twitter_misc":{"Written by":"venred","Est. reading time":"7 minutes"},"schema":{"@context":"https:\/\/schema.org","@graph":[{"@type":"Article","@id":"https:\/\/wordpress2.hdnweb.com\/2020\/05\/08\/natura-co-acelera-la-integracion-de-avon-en-medio-del-covid-19\/#article","isPartOf":{"@id":"https:\/\/wordpress2.hdnweb.com\/2020\/05\/08\/natura-co-acelera-la-integracion-de-avon-en-medio-del-covid-19\/"},"author":{"name":"venred","@id":"https:\/\/wordpress2.hdnweb.com\/#\/schema\/person\/c112e8e970f2cfc8553cdb5392b493ad"},"headline":"(Espa\u00f1ol) Natura &amp;Co acelera la integraci\u00f3n de Avon en medio del COVID-19","datePublished":"2020-05-08T07:03:00+00:00","mainEntityOfPage":{"@id":"https:\/\/wordpress2.hdnweb.com\/2020\/05\/08\/natura-co-acelera-la-integracion-de-avon-en-medio-del-covid-19\/"},"wordCount":1477,"commentCount":0,"articleSection":["Alfredo"],"inLanguage":"en-US"},{"@type":"WebPage","@id":"https:\/\/wordpress2.hdnweb.com\/en\/2020\/05\/08\/natura-co-acelera-la-integracion-de-avon-en-medio-del-covid-19\/","url":"https:\/\/wordpress2.hdnweb.com\/en\/2020\/05\/08\/natura-co-acelera-la-integracion-de-avon-en-medio-del-covid-19\/","name":"Natura &amp;Co acelera la integraci\u00f3n de Avon en medio del COVID-19 - Multisitio 2","isPartOf":{"@id":"https:\/\/wordpress2.hdnweb.com\/en\/#website"},"datePublished":"2020-05-08T07:03:00+00:00","author":{"@id":"https:\/\/wordpress2.hdnweb.com\/#\/schema\/person\/c112e8e970f2cfc8553cdb5392b493ad"},"breadcrumb":{"@id":"https:\/\/wordpress2.hdnweb.com\/en\/2020\/05\/08\/natura-co-acelera-la-integracion-de-avon-en-medio-del-covid-19\/#breadcrumb"},"inLanguage":"en-US","potentialAction":[{"@type":"ReadAction","target":[["https:\/\/wordpress2.hdnweb.com\/en\/2020\/05\/08\/natura-co-acelera-la-integracion-de-avon-en-medio-del-covid-19\/"]]}]},{"@type":"BreadcrumbList","@id":"https:\/\/wordpress2.hdnweb.com\/en\/2020\/05\/08\/natura-co-acelera-la-integracion-de-avon-en-medio-del-covid-19\/#breadcrumb","itemListElement":[{"@type":"ListItem","position":1,"name":"Portada","item":"https:\/\/wordpress2.hdnweb.com\/en\/"},{"@type":"ListItem","position":2,"name":"Natura &amp;Co acelera la integraci\u00f3n de Avon en medio del COVID-19"}]},{"@type":"WebSite","@id":"https:\/\/wordpress2.hdnweb.com\/en\/#website","url":"https:\/\/wordpress2.hdnweb.com\/en\/","name":"Multisitio 2","description":"","potentialAction":[{"@type":"SearchAction","target":{"@type":"EntryPoint","urlTemplate":"https:\/\/wordpress2.hdnweb.com\/en\/?s={search_term_string}"},"query-input":{"@type":"PropertyValueSpecification","valueRequired":true,"valueName":"search_term_string"}}],"inLanguage":"en-US"},{"@type":"Person","@id":"https:\/\/wordpress2.hdnweb.com\/#\/schema\/person\/c112e8e970f2cfc8553cdb5392b493ad","name":"venred","image":{"@type":"ImageObject","inLanguage":"en-US","@id":"https:\/\/secure.gravatar.com\/avatar\/2b023a883433f83ad0a3036a7ba60d3133c4e0619f3bca6230ba8c7521b6dec8?s=96&d=mm&r=g","url":"https:\/\/secure.gravatar.com\/avatar\/2b023a883433f83ad0a3036a7ba60d3133c4e0619f3bca6230ba8c7521b6dec8?s=96&d=mm&r=g","contentUrl":"https:\/\/secure.gravatar.com\/avatar\/2b023a883433f83ad0a3036a7ba60d3133c4e0619f3bca6230ba8c7521b6dec8?s=96&d=mm&r=g","caption":"venred"},"url":"https:\/\/wordpress2.hdnweb.com\/en\/author\/venred\/"}]}},"_links":{"self":[{"href":"https:\/\/wordpress2.hdnweb.com\/en\/wp-json\/wp\/v2\/posts\/3413","targetHints":{"allow":["GET"]}}],"collection":[{"href":"https:\/\/wordpress2.hdnweb.com\/en\/wp-json\/wp\/v2\/posts"}],"about":[{"href":"https:\/\/wordpress2.hdnweb.com\/en\/wp-json\/wp\/v2\/types\/post"}],"author":[{"embeddable":true,"href":"https:\/\/wordpress2.hdnweb.com\/en\/wp-json\/wp\/v2\/users\/1"}],"replies":[{"embeddable":true,"href":"https:\/\/wordpress2.hdnweb.com\/en\/wp-json\/wp\/v2\/comments?post=3413"}],"version-history":[{"count":0,"href":"https:\/\/wordpress2.hdnweb.com\/en\/wp-json\/wp\/v2\/posts\/3413\/revisions"}],"wp:attachment":[{"href":"https:\/\/wordpress2.hdnweb.com\/en\/wp-json\/wp\/v2\/media?parent=3413"}],"wp:term":[{"taxonomy":"category","embeddable":true,"href":"https:\/\/wordpress2.hdnweb.com\/en\/wp-json\/wp\/v2\/categories?post=3413"},{"taxonomy":"post_tag","embeddable":true,"href":"https:\/\/wordpress2.hdnweb.com\/en\/wp-json\/wp\/v2\/tags?post=3413"}],"curies":[{"name":"wp","href":"https:\/\/api.w.org\/{rel}","templated":true}]}}