{"id":38320,"date":"2021-01-19T03:35:00","date_gmt":"2021-01-19T03:35:00","guid":{"rendered":"https:\/\/wordpress2.hdnweb.com\/2021\/01\/19\/movimiento-que-inspira-kia-presenta-su-nuevo-proposito-de-marca-y-su-estrategia-futura-5\/"},"modified":"2021-01-19T03:35:00","modified_gmt":"2021-01-19T03:35:00","slug":"movimiento-que-inspira-kia-presenta-su-nuevo-proposito-de-marca-y-su-estrategia-futura-5","status":"publish","type":"post","link":"https:\/\/wordpress2.hdnweb.com\/en\/2021\/01\/19\/movimiento-que-inspira-kia-presenta-su-nuevo-proposito-de-marca-y-su-estrategia-futura-5\/","title":{"rendered":"(Espa\u00f1ol) &#8220;Movimiento que inspira&#8221; &#8211; Kia presenta su nuevo prop\u00f3sito de marca y su estrategia futura"},"content":{"rendered":"<p class=\"qtranxs-available-languages-message qtranxs-available-languages-message-en\">Sorry, this entry is only available in <a href=\"https:\/\/wordpress2.hdnweb.com\/es\/wp-json\/wp\/v2\/posts\/38320\" class=\"qtranxs-available-language-link qtranxs-available-language-link-es\" title=\"Espa\u00f1ol\">Espa\u00f1ol<\/a>.<\/p>","protected":false},"excerpt":{"rendered":"<p class=\"qtranxs-available-languages-message qtranxs-available-languages-message-en\">Sorry, this entry is only available in <a href=\"https:\/\/wordpress2.hdnweb.com\/es\/wp-json\/wp\/v2\/posts\/38320\" class=\"qtranxs-available-language-link qtranxs-available-language-link-es\" title=\"Espa\u00f1ol\">Espa\u00f1ol<\/a>.<\/p>\n","protected":false},"author":1,"featured_media":38322,"comment_status":"closed","ping_status":"closed","sticky":false,"template":"","format":"standard","meta":{"_acf_changed":false,"_monsterinsights_skip_tracking":false,"_monsterinsights_sitenote_active":false,"_monsterinsights_sitenote_note":"","_monsterinsights_sitenote_category":0,"footnotes":""},"categories":[8],"tags":[],"class_list":["post-38320","post","type-post","status-publish","format-standard","has-post-thumbnail","hentry","category-sobreruedas"],"acf":[],"yoast_head":"<!-- This site is optimized with the Yoast SEO plugin v27.5 - https:\/\/yoast.com\/product\/yoast-seo-wordpress\/ -->\n<title>&quot;Movimiento que inspira&quot; - Kia presenta su nuevo prop\u00f3sito de marca y su estrategia futura - Multisitio 2<\/title>\n<meta name=\"robots\" content=\"index, follow, max-snippet:-1, max-image-preview:large, max-video-preview:-1\" \/>\n<link rel=\"canonical\" href=\"https:\/\/wordpress2.hdnweb.com\/en\/2021\/01\/19\/movimiento-que-inspira-kia-presenta-su-nuevo-proposito-de-marca-y-su-estrategia-futura-5\/\" \/>\n<meta property=\"og:locale\" content=\"en_US\" \/>\n<meta property=\"og:type\" content=\"article\" \/>\n<meta property=\"og:title\" content=\"&quot;Movimiento que inspira&quot; - Kia presenta su nuevo prop\u00f3sito de marca y su estrategia futura - Multisitio 2\" \/>\n<meta property=\"og:description\" content=\"SE\u00daL, Corea del Sur, 19\u00a0de enero de 2021 \/PRNewswire-HISPANIC PR WIRE\/\u00a0--\u00a0Con su exposici\u00f3n en un evento digital, Kia anunci\u00f3 m\u00e1s detalles de su nuevo prop\u00f3sito de marca y sus futuros planes. Apoy\u00e1ndose en su nuevo eslogan de marca, &quot;Movimiento que inspira&quot;, Kia revel\u00f3 nuevos detalles de la estrategia con la que la compa\u00f1\u00eda trascender\u00e1 de la fabricaci\u00f3n de veh\u00edculos a crear soluciones en movilidad sostenible para sus clientes.           ...\" \/>\n<meta property=\"og:url\" content=\"https:\/\/wordpress2.hdnweb.com\/en\/2021\/01\/19\/movimiento-que-inspira-kia-presenta-su-nuevo-proposito-de-marca-y-su-estrategia-futura-5\/\" \/>\n<meta property=\"og:site_name\" content=\"Multisitio 2\" \/>\n<meta property=\"article:published_time\" content=\"2021-01-19T03:35:00+00:00\" \/>\n<meta property=\"og:image\" content=\"https:\/\/wordpress2.hdnweb.com\/wp-content\/uploads\/2020\/05\/38320_1_41059-scaled.jpg\" \/>\n\t<meta property=\"og:image:width\" content=\"2560\" \/>\n\t<meta property=\"og:image:height\" content=\"1440\" \/>\n\t<meta property=\"og:image:type\" content=\"image\/jpeg\" \/>\n<meta name=\"author\" content=\"venred\" \/>\n<meta name=\"twitter:card\" content=\"summary_large_image\" \/>\n<meta name=\"twitter:label1\" content=\"Written by\" \/>\n\t<meta name=\"twitter:data1\" content=\"venred\" \/>\n\t<meta name=\"twitter:label2\" content=\"Est. reading time\" \/>\n\t<meta name=\"twitter:data2\" content=\"10 minutes\" \/>\n<script type=\"application\/ld+json\" class=\"yoast-schema-graph\">{\"@context\":\"https:\\\/\\\/schema.org\",\"@graph\":[{\"@type\":\"Article\",\"@id\":\"https:\\\/\\\/wordpress2.hdnweb.com\\\/2021\\\/01\\\/19\\\/movimiento-que-inspira-kia-presenta-su-nuevo-proposito-de-marca-y-su-estrategia-futura-5\\\/#article\",\"isPartOf\":{\"@id\":\"https:\\\/\\\/wordpress2.hdnweb.com\\\/2021\\\/01\\\/19\\\/movimiento-que-inspira-kia-presenta-su-nuevo-proposito-de-marca-y-su-estrategia-futura-5\\\/\"},\"author\":{\"name\":\"venred\",\"@id\":\"https:\\\/\\\/wordpress2.hdnweb.com\\\/#\\\/schema\\\/person\\\/c112e8e970f2cfc8553cdb5392b493ad\"},\"headline\":\"(Espa\u00f1ol) &#8220;Movimiento que inspira&#8221; &#8211; Kia presenta su nuevo prop\u00f3sito de marca y su estrategia futura\",\"datePublished\":\"2021-01-19T03:35:00+00:00\",\"mainEntityOfPage\":{\"@id\":\"https:\\\/\\\/wordpress2.hdnweb.com\\\/2021\\\/01\\\/19\\\/movimiento-que-inspira-kia-presenta-su-nuevo-proposito-de-marca-y-su-estrategia-futura-5\\\/\"},\"wordCount\":1958,\"image\":{\"@id\":\"https:\\\/\\\/wordpress2.hdnweb.com\\\/2021\\\/01\\\/19\\\/movimiento-que-inspira-kia-presenta-su-nuevo-proposito-de-marca-y-su-estrategia-futura-5\\\/#primaryimage\"},\"thumbnailUrl\":\"https:\\\/\\\/wordpress2.hdnweb.com\\\/wp-content\\\/uploads\\\/2020\\\/05\\\/38320_1_41059-scaled.jpg\",\"articleSection\":[\"Sobreruedas\"],\"inLanguage\":\"en-US\"},{\"@type\":\"WebPage\",\"@id\":\"https:\\\/\\\/wordpress2.hdnweb.com\\\/en\\\/2021\\\/01\\\/19\\\/movimiento-que-inspira-kia-presenta-su-nuevo-proposito-de-marca-y-su-estrategia-futura-5\\\/\",\"url\":\"https:\\\/\\\/wordpress2.hdnweb.com\\\/en\\\/2021\\\/01\\\/19\\\/movimiento-que-inspira-kia-presenta-su-nuevo-proposito-de-marca-y-su-estrategia-futura-5\\\/\",\"name\":\"\\\"Movimiento que inspira\\\" - Kia presenta su nuevo prop\u00f3sito de marca y su estrategia futura - Multisitio 2\",\"isPartOf\":{\"@id\":\"https:\\\/\\\/wordpress2.hdnweb.com\\\/en\\\/#website\"},\"primaryImageOfPage\":{\"@id\":\"https:\\\/\\\/wordpress2.hdnweb.com\\\/en\\\/2021\\\/01\\\/19\\\/movimiento-que-inspira-kia-presenta-su-nuevo-proposito-de-marca-y-su-estrategia-futura-5\\\/#primaryimage\"},\"image\":{\"@id\":\"https:\\\/\\\/wordpress2.hdnweb.com\\\/2021\\\/01\\\/19\\\/movimiento-que-inspira-kia-presenta-su-nuevo-proposito-de-marca-y-su-estrategia-futura-5\\\/#primaryimage\"},\"thumbnailUrl\":\"https:\\\/\\\/wordpress2.hdnweb.com\\\/wp-content\\\/uploads\\\/2020\\\/05\\\/38320_1_41059-scaled.jpg\",\"datePublished\":\"2021-01-19T03:35:00+00:00\",\"author\":{\"@id\":\"https:\\\/\\\/wordpress2.hdnweb.com\\\/#\\\/schema\\\/person\\\/c112e8e970f2cfc8553cdb5392b493ad\"},\"breadcrumb\":{\"@id\":\"https:\\\/\\\/wordpress2.hdnweb.com\\\/en\\\/2021\\\/01\\\/19\\\/movimiento-que-inspira-kia-presenta-su-nuevo-proposito-de-marca-y-su-estrategia-futura-5\\\/#breadcrumb\"},\"inLanguage\":\"en-US\",\"potentialAction\":[{\"@type\":\"ReadAction\",\"target\":[[\"https:\\\/\\\/wordpress2.hdnweb.com\\\/en\\\/2021\\\/01\\\/19\\\/movimiento-que-inspira-kia-presenta-su-nuevo-proposito-de-marca-y-su-estrategia-futura-5\\\/\"]]}]},{\"@type\":\"ImageObject\",\"inLanguage\":\"en-US\",\"@id\":\"https:\\\/\\\/wordpress2.hdnweb.com\\\/en\\\/2021\\\/01\\\/19\\\/movimiento-que-inspira-kia-presenta-su-nuevo-proposito-de-marca-y-su-estrategia-futura-5\\\/#primaryimage\",\"url\":\"https:\\\/\\\/wordpress2.hdnweb.com\\\/wp-content\\\/uploads\\\/2020\\\/05\\\/38320_1_41059-scaled.jpg\",\"contentUrl\":\"https:\\\/\\\/wordpress2.hdnweb.com\\\/wp-content\\\/uploads\\\/2020\\\/05\\\/38320_1_41059-scaled.jpg\",\"width\":2560,\"height\":1440,\"caption\":\"&quot;Movimiento que inspira&quot; &ndash; Kia presenta su nuevo prop&oacute;sito de marca y su estrategia a futuro. (PRNewsfoto\\\/Kia Motors America)\"},{\"@type\":\"BreadcrumbList\",\"@id\":\"https:\\\/\\\/wordpress2.hdnweb.com\\\/en\\\/2021\\\/01\\\/19\\\/movimiento-que-inspira-kia-presenta-su-nuevo-proposito-de-marca-y-su-estrategia-futura-5\\\/#breadcrumb\",\"itemListElement\":[{\"@type\":\"ListItem\",\"position\":1,\"name\":\"Portada\",\"item\":\"https:\\\/\\\/wordpress2.hdnweb.com\\\/en\\\/\"},{\"@type\":\"ListItem\",\"position\":2,\"name\":\"\u00abMovimiento que inspira\u00bb &#8211; Kia presenta su nuevo prop\u00f3sito de marca y su estrategia futura\"}]},{\"@type\":\"WebSite\",\"@id\":\"https:\\\/\\\/wordpress2.hdnweb.com\\\/en\\\/#website\",\"url\":\"https:\\\/\\\/wordpress2.hdnweb.com\\\/en\\\/\",\"name\":\"Multisitio 2\",\"description\":\"\",\"potentialAction\":[{\"@type\":\"SearchAction\",\"target\":{\"@type\":\"EntryPoint\",\"urlTemplate\":\"https:\\\/\\\/wordpress2.hdnweb.com\\\/en\\\/?s={search_term_string}\"},\"query-input\":{\"@type\":\"PropertyValueSpecification\",\"valueRequired\":true,\"valueName\":\"search_term_string\"}}],\"inLanguage\":\"en-US\"},{\"@type\":\"Person\",\"@id\":\"https:\\\/\\\/wordpress2.hdnweb.com\\\/#\\\/schema\\\/person\\\/c112e8e970f2cfc8553cdb5392b493ad\",\"name\":\"venred\",\"image\":{\"@type\":\"ImageObject\",\"inLanguage\":\"en-US\",\"@id\":\"https:\\\/\\\/secure.gravatar.com\\\/avatar\\\/2b023a883433f83ad0a3036a7ba60d3133c4e0619f3bca6230ba8c7521b6dec8?s=96&d=mm&r=g\",\"url\":\"https:\\\/\\\/secure.gravatar.com\\\/avatar\\\/2b023a883433f83ad0a3036a7ba60d3133c4e0619f3bca6230ba8c7521b6dec8?s=96&d=mm&r=g\",\"contentUrl\":\"https:\\\/\\\/secure.gravatar.com\\\/avatar\\\/2b023a883433f83ad0a3036a7ba60d3133c4e0619f3bca6230ba8c7521b6dec8?s=96&d=mm&r=g\",\"caption\":\"venred\"},\"url\":\"https:\\\/\\\/wordpress2.hdnweb.com\\\/en\\\/author\\\/venred\\\/\"}]}<\/script>\n<!-- \/ Yoast SEO plugin. -->","yoast_head_json":{"title":"\"Movimiento que inspira\" - Kia presenta su nuevo prop\u00f3sito de marca y su estrategia futura - Multisitio 2","robots":{"index":"index","follow":"follow","max-snippet":"max-snippet:-1","max-image-preview":"max-image-preview:large","max-video-preview":"max-video-preview:-1"},"canonical":"https:\/\/wordpress2.hdnweb.com\/en\/2021\/01\/19\/movimiento-que-inspira-kia-presenta-su-nuevo-proposito-de-marca-y-su-estrategia-futura-5\/","og_locale":"en_US","og_type":"article","og_title":"\"Movimiento que inspira\" - Kia presenta su nuevo prop\u00f3sito de marca y su estrategia futura - Multisitio 2","og_description":"SE\u00daL, Corea del Sur, 19\u00a0de enero de 2021 \/PRNewswire-HISPANIC PR WIRE\/\u00a0--\u00a0Con su exposici\u00f3n en un evento digital, Kia anunci\u00f3 m\u00e1s detalles de su nuevo prop\u00f3sito de marca y sus futuros planes. Apoy\u00e1ndose en su nuevo eslogan de marca, \"Movimiento que inspira\", Kia revel\u00f3 nuevos detalles de la estrategia con la que la compa\u00f1\u00eda trascender\u00e1 de la fabricaci\u00f3n de veh\u00edculos a crear soluciones en movilidad sostenible para sus clientes.           ...","og_url":"https:\/\/wordpress2.hdnweb.com\/en\/2021\/01\/19\/movimiento-que-inspira-kia-presenta-su-nuevo-proposito-de-marca-y-su-estrategia-futura-5\/","og_site_name":"Multisitio 2","article_published_time":"2021-01-19T03:35:00+00:00","og_image":[{"width":2560,"height":1440,"url":"https:\/\/wordpress2.hdnweb.com\/wp-content\/uploads\/2020\/05\/38320_1_41059-scaled.jpg","type":"image\/jpeg"}],"author":"venred","twitter_card":"summary_large_image","twitter_misc":{"Written by":"venred","Est. reading time":"10 minutes"},"schema":{"@context":"https:\/\/schema.org","@graph":[{"@type":"Article","@id":"https:\/\/wordpress2.hdnweb.com\/2021\/01\/19\/movimiento-que-inspira-kia-presenta-su-nuevo-proposito-de-marca-y-su-estrategia-futura-5\/#article","isPartOf":{"@id":"https:\/\/wordpress2.hdnweb.com\/2021\/01\/19\/movimiento-que-inspira-kia-presenta-su-nuevo-proposito-de-marca-y-su-estrategia-futura-5\/"},"author":{"name":"venred","@id":"https:\/\/wordpress2.hdnweb.com\/#\/schema\/person\/c112e8e970f2cfc8553cdb5392b493ad"},"headline":"(Espa\u00f1ol) &#8220;Movimiento que inspira&#8221; &#8211; Kia presenta su nuevo prop\u00f3sito de marca y su estrategia futura","datePublished":"2021-01-19T03:35:00+00:00","mainEntityOfPage":{"@id":"https:\/\/wordpress2.hdnweb.com\/2021\/01\/19\/movimiento-que-inspira-kia-presenta-su-nuevo-proposito-de-marca-y-su-estrategia-futura-5\/"},"wordCount":1958,"image":{"@id":"https:\/\/wordpress2.hdnweb.com\/2021\/01\/19\/movimiento-que-inspira-kia-presenta-su-nuevo-proposito-de-marca-y-su-estrategia-futura-5\/#primaryimage"},"thumbnailUrl":"https:\/\/wordpress2.hdnweb.com\/wp-content\/uploads\/2020\/05\/38320_1_41059-scaled.jpg","articleSection":["Sobreruedas"],"inLanguage":"en-US"},{"@type":"WebPage","@id":"https:\/\/wordpress2.hdnweb.com\/en\/2021\/01\/19\/movimiento-que-inspira-kia-presenta-su-nuevo-proposito-de-marca-y-su-estrategia-futura-5\/","url":"https:\/\/wordpress2.hdnweb.com\/en\/2021\/01\/19\/movimiento-que-inspira-kia-presenta-su-nuevo-proposito-de-marca-y-su-estrategia-futura-5\/","name":"\"Movimiento que inspira\" - Kia presenta su nuevo prop\u00f3sito de marca y su estrategia futura - Multisitio 2","isPartOf":{"@id":"https:\/\/wordpress2.hdnweb.com\/en\/#website"},"primaryImageOfPage":{"@id":"https:\/\/wordpress2.hdnweb.com\/en\/2021\/01\/19\/movimiento-que-inspira-kia-presenta-su-nuevo-proposito-de-marca-y-su-estrategia-futura-5\/#primaryimage"},"image":{"@id":"https:\/\/wordpress2.hdnweb.com\/2021\/01\/19\/movimiento-que-inspira-kia-presenta-su-nuevo-proposito-de-marca-y-su-estrategia-futura-5\/#primaryimage"},"thumbnailUrl":"https:\/\/wordpress2.hdnweb.com\/wp-content\/uploads\/2020\/05\/38320_1_41059-scaled.jpg","datePublished":"2021-01-19T03:35:00+00:00","author":{"@id":"https:\/\/wordpress2.hdnweb.com\/#\/schema\/person\/c112e8e970f2cfc8553cdb5392b493ad"},"breadcrumb":{"@id":"https:\/\/wordpress2.hdnweb.com\/en\/2021\/01\/19\/movimiento-que-inspira-kia-presenta-su-nuevo-proposito-de-marca-y-su-estrategia-futura-5\/#breadcrumb"},"inLanguage":"en-US","potentialAction":[{"@type":"ReadAction","target":[["https:\/\/wordpress2.hdnweb.com\/en\/2021\/01\/19\/movimiento-que-inspira-kia-presenta-su-nuevo-proposito-de-marca-y-su-estrategia-futura-5\/"]]}]},{"@type":"ImageObject","inLanguage":"en-US","@id":"https:\/\/wordpress2.hdnweb.com\/en\/2021\/01\/19\/movimiento-que-inspira-kia-presenta-su-nuevo-proposito-de-marca-y-su-estrategia-futura-5\/#primaryimage","url":"https:\/\/wordpress2.hdnweb.com\/wp-content\/uploads\/2020\/05\/38320_1_41059-scaled.jpg","contentUrl":"https:\/\/wordpress2.hdnweb.com\/wp-content\/uploads\/2020\/05\/38320_1_41059-scaled.jpg","width":2560,"height":1440,"caption":"&quot;Movimiento que inspira&quot; &ndash; Kia presenta su nuevo prop&oacute;sito de marca y su estrategia a futuro. (PRNewsfoto\/Kia Motors America)"},{"@type":"BreadcrumbList","@id":"https:\/\/wordpress2.hdnweb.com\/en\/2021\/01\/19\/movimiento-que-inspira-kia-presenta-su-nuevo-proposito-de-marca-y-su-estrategia-futura-5\/#breadcrumb","itemListElement":[{"@type":"ListItem","position":1,"name":"Portada","item":"https:\/\/wordpress2.hdnweb.com\/en\/"},{"@type":"ListItem","position":2,"name":"\u00abMovimiento que inspira\u00bb &#8211; Kia presenta su nuevo prop\u00f3sito de marca y su estrategia futura"}]},{"@type":"WebSite","@id":"https:\/\/wordpress2.hdnweb.com\/en\/#website","url":"https:\/\/wordpress2.hdnweb.com\/en\/","name":"Multisitio 2","description":"","potentialAction":[{"@type":"SearchAction","target":{"@type":"EntryPoint","urlTemplate":"https:\/\/wordpress2.hdnweb.com\/en\/?s={search_term_string}"},"query-input":{"@type":"PropertyValueSpecification","valueRequired":true,"valueName":"search_term_string"}}],"inLanguage":"en-US"},{"@type":"Person","@id":"https:\/\/wordpress2.hdnweb.com\/#\/schema\/person\/c112e8e970f2cfc8553cdb5392b493ad","name":"venred","image":{"@type":"ImageObject","inLanguage":"en-US","@id":"https:\/\/secure.gravatar.com\/avatar\/2b023a883433f83ad0a3036a7ba60d3133c4e0619f3bca6230ba8c7521b6dec8?s=96&d=mm&r=g","url":"https:\/\/secure.gravatar.com\/avatar\/2b023a883433f83ad0a3036a7ba60d3133c4e0619f3bca6230ba8c7521b6dec8?s=96&d=mm&r=g","contentUrl":"https:\/\/secure.gravatar.com\/avatar\/2b023a883433f83ad0a3036a7ba60d3133c4e0619f3bca6230ba8c7521b6dec8?s=96&d=mm&r=g","caption":"venred"},"url":"https:\/\/wordpress2.hdnweb.com\/en\/author\/venred\/"}]}},"_links":{"self":[{"href":"https:\/\/wordpress2.hdnweb.com\/en\/wp-json\/wp\/v2\/posts\/38320","targetHints":{"allow":["GET"]}}],"collection":[{"href":"https:\/\/wordpress2.hdnweb.com\/en\/wp-json\/wp\/v2\/posts"}],"about":[{"href":"https:\/\/wordpress2.hdnweb.com\/en\/wp-json\/wp\/v2\/types\/post"}],"author":[{"embeddable":true,"href":"https:\/\/wordpress2.hdnweb.com\/en\/wp-json\/wp\/v2\/users\/1"}],"replies":[{"embeddable":true,"href":"https:\/\/wordpress2.hdnweb.com\/en\/wp-json\/wp\/v2\/comments?post=38320"}],"version-history":[{"count":0,"href":"https:\/\/wordpress2.hdnweb.com\/en\/wp-json\/wp\/v2\/posts\/38320\/revisions"}],"wp:featuredmedia":[{"embeddable":true,"href":"https:\/\/wordpress2.hdnweb.com\/en\/wp-json\/wp\/v2\/media\/38322"}],"wp:attachment":[{"href":"https:\/\/wordpress2.hdnweb.com\/en\/wp-json\/wp\/v2\/media?parent=38320"}],"wp:term":[{"taxonomy":"category","embeddable":true,"href":"https:\/\/wordpress2.hdnweb.com\/en\/wp-json\/wp\/v2\/categories?post=38320"},{"taxonomy":"post_tag","embeddable":true,"href":"https:\/\/wordpress2.hdnweb.com\/en\/wp-json\/wp\/v2\/tags?post=38320"}],"curies":[{"name":"wp","href":"https:\/\/api.w.org\/{rel}","templated":true}]}}