{"id":39290,"date":"2021-01-22T09:28:00","date_gmt":"2021-01-22T09:28:00","guid":{"rendered":"https:\/\/wordpress2.hdnweb.com\/2021\/01\/22\/comienza-la-cuenta-atras-un-ano-para-los-special-olympics-world-winter-games-kazan-2022\/"},"modified":"2021-01-22T09:28:00","modified_gmt":"2021-01-22T09:28:00","slug":"comienza-la-cuenta-atras-un-ano-para-los-special-olympics-world-winter-games-kazan-2022","status":"publish","type":"post","link":"https:\/\/wordpress2.hdnweb.com\/en\/2021\/01\/22\/comienza-la-cuenta-atras-un-ano-para-los-special-olympics-world-winter-games-kazan-2022\/","title":{"rendered":"(Espa\u00f1ol) \u00a1Comienza la cuenta atr\u00e1s! Un a\u00f1o para los Special Olympics World Winter Games Kazan 2022"},"content":{"rendered":"<p class=\"qtranxs-available-languages-message qtranxs-available-languages-message-en\">Sorry, this entry is only available in <a href=\"https:\/\/wordpress2.hdnweb.com\/es\/wp-json\/wp\/v2\/posts\/39290\" class=\"qtranxs-available-language-link qtranxs-available-language-link-es\" title=\"Espa\u00f1ol\">Espa\u00f1ol<\/a>.<\/p>","protected":false},"excerpt":{"rendered":"<p class=\"qtranxs-available-languages-message qtranxs-available-languages-message-en\">Sorry, this entry is only available in <a href=\"https:\/\/wordpress2.hdnweb.com\/es\/wp-json\/wp\/v2\/posts\/39290\" class=\"qtranxs-available-language-link qtranxs-available-language-link-es\" title=\"Espa\u00f1ol\">Espa\u00f1ol<\/a>.<\/p>\n","protected":false},"author":1,"featured_media":39291,"comment_status":"closed","ping_status":"closed","sticky":false,"template":"","format":"standard","meta":{"_acf_changed":false,"_monsterinsights_skip_tracking":false,"_monsterinsights_sitenote_active":false,"_monsterinsights_sitenote_note":"","_monsterinsights_sitenote_category":0,"footnotes":""},"categories":[7],"tags":[],"class_list":["post-39290","post","type-post","status-publish","format-standard","has-post-thumbnail","hentry","category-rose-marynews"],"acf":[],"yoast_head":"<!-- This site is optimized with the Yoast SEO plugin v27.5 - https:\/\/yoast.com\/product\/yoast-seo-wordpress\/ -->\n<title>\u00a1Comienza la cuenta atr\u00e1s! Un a\u00f1o para los Special Olympics World Winter Games Kazan 2022 - Multisitio 2<\/title>\n<meta name=\"robots\" content=\"index, follow, max-snippet:-1, max-image-preview:large, max-video-preview:-1\" \/>\n<link rel=\"canonical\" href=\"https:\/\/wordpress2.hdnweb.com\/en\/2021\/01\/22\/comienza-la-cuenta-atras-un-ano-para-los-special-olympics-world-winter-games-kazan-2022\/\" \/>\n<meta property=\"og:locale\" content=\"en_US\" \/>\n<meta property=\"og:type\" content=\"article\" \/>\n<meta property=\"og:title\" content=\"\u00a1Comienza la cuenta atr\u00e1s! Un a\u00f1o para los Special Olympics World Winter Games Kazan 2022 - Multisitio 2\" \/>\n<meta property=\"og:description\" content=\"WASHINGTON, 22 de junio de 2021 \/PRNewswire\/ --\u00a0Dentro de un a\u00f1o, los Special Olympics World Winter Games 2022 \u00a0comenzar\u00e1n en Kaz\u00e1n, Rusia. M\u00e1s de 2.000 atletas de Special Olympics de m\u00e1s de 100 pa\u00edses competir\u00e1n en siete deportes, y contar\u00e1n con el apoyo de 3.000 voluntarios. &lt;img id=&quot;prnejpgef86left&quot; title=&quot; &quot; border=&quot;0&quot; alt=&quot; &quot; align=&quot;middle&quot; src=&quot;https:\/\/mma.prnewswire.com\/media\/701509\/Special_Olympics_Logo.jpg&quot;...\" \/>\n<meta property=\"og:url\" content=\"https:\/\/wordpress2.hdnweb.com\/en\/2021\/01\/22\/comienza-la-cuenta-atras-un-ano-para-los-special-olympics-world-winter-games-kazan-2022\/\" \/>\n<meta property=\"og:site_name\" content=\"Multisitio 2\" \/>\n<meta property=\"article:published_time\" content=\"2021-01-22T09:28:00+00:00\" \/>\n<meta property=\"og:image\" content=\"https:\/\/wordpress2.hdnweb.com\/wp-content\/uploads\/2020\/05\/39290_1_26667.jpg\" \/>\n\t<meta property=\"og:image:width\" content=\"1380\" \/>\n\t<meta property=\"og:image:height\" content=\"605\" \/>\n\t<meta property=\"og:image:type\" content=\"image\/jpeg\" \/>\n<meta name=\"author\" content=\"venred\" \/>\n<meta name=\"twitter:card\" content=\"summary_large_image\" \/>\n<meta name=\"twitter:label1\" content=\"Written by\" \/>\n\t<meta name=\"twitter:data1\" content=\"venred\" \/>\n\t<meta name=\"twitter:label2\" content=\"Est. reading time\" \/>\n\t<meta name=\"twitter:data2\" content=\"4 minutes\" \/>\n<script type=\"application\/ld+json\" class=\"yoast-schema-graph\">{\"@context\":\"https:\\\/\\\/schema.org\",\"@graph\":[{\"@type\":\"Article\",\"@id\":\"https:\\\/\\\/wordpress2.hdnweb.com\\\/2021\\\/01\\\/22\\\/comienza-la-cuenta-atras-un-ano-para-los-special-olympics-world-winter-games-kazan-2022\\\/#article\",\"isPartOf\":{\"@id\":\"https:\\\/\\\/wordpress2.hdnweb.com\\\/2021\\\/01\\\/22\\\/comienza-la-cuenta-atras-un-ano-para-los-special-olympics-world-winter-games-kazan-2022\\\/\"},\"author\":{\"name\":\"venred\",\"@id\":\"https:\\\/\\\/wordpress2.hdnweb.com\\\/#\\\/schema\\\/person\\\/c112e8e970f2cfc8553cdb5392b493ad\"},\"headline\":\"(Espa\u00f1ol) \u00a1Comienza la cuenta atr\u00e1s! Un a\u00f1o para los Special Olympics World Winter Games Kazan 2022\",\"datePublished\":\"2021-01-22T09:28:00+00:00\",\"mainEntityOfPage\":{\"@id\":\"https:\\\/\\\/wordpress2.hdnweb.com\\\/2021\\\/01\\\/22\\\/comienza-la-cuenta-atras-un-ano-para-los-special-olympics-world-winter-games-kazan-2022\\\/\"},\"wordCount\":817,\"image\":{\"@id\":\"https:\\\/\\\/wordpress2.hdnweb.com\\\/2021\\\/01\\\/22\\\/comienza-la-cuenta-atras-un-ano-para-los-special-olympics-world-winter-games-kazan-2022\\\/#primaryimage\"},\"thumbnailUrl\":\"https:\\\/\\\/wordpress2.hdnweb.com\\\/wp-content\\\/uploads\\\/2020\\\/05\\\/39290_1_26667.jpg\",\"articleSection\":[\"Rose marynews\"],\"inLanguage\":\"en-US\"},{\"@type\":\"WebPage\",\"@id\":\"https:\\\/\\\/wordpress2.hdnweb.com\\\/en\\\/2021\\\/01\\\/22\\\/comienza-la-cuenta-atras-un-ano-para-los-special-olympics-world-winter-games-kazan-2022\\\/\",\"url\":\"https:\\\/\\\/wordpress2.hdnweb.com\\\/en\\\/2021\\\/01\\\/22\\\/comienza-la-cuenta-atras-un-ano-para-los-special-olympics-world-winter-games-kazan-2022\\\/\",\"name\":\"\u00a1Comienza la cuenta atr\u00e1s! Un a\u00f1o para los Special Olympics World Winter Games Kazan 2022 - Multisitio 2\",\"isPartOf\":{\"@id\":\"https:\\\/\\\/wordpress2.hdnweb.com\\\/en\\\/#website\"},\"primaryImageOfPage\":{\"@id\":\"https:\\\/\\\/wordpress2.hdnweb.com\\\/en\\\/2021\\\/01\\\/22\\\/comienza-la-cuenta-atras-un-ano-para-los-special-olympics-world-winter-games-kazan-2022\\\/#primaryimage\"},\"image\":{\"@id\":\"https:\\\/\\\/wordpress2.hdnweb.com\\\/2021\\\/01\\\/22\\\/comienza-la-cuenta-atras-un-ano-para-los-special-olympics-world-winter-games-kazan-2022\\\/#primaryimage\"},\"thumbnailUrl\":\"https:\\\/\\\/wordpress2.hdnweb.com\\\/wp-content\\\/uploads\\\/2020\\\/05\\\/39290_1_26667.jpg\",\"datePublished\":\"2021-01-22T09:28:00+00:00\",\"author\":{\"@id\":\"https:\\\/\\\/wordpress2.hdnweb.com\\\/#\\\/schema\\\/person\\\/c112e8e970f2cfc8553cdb5392b493ad\"},\"breadcrumb\":{\"@id\":\"https:\\\/\\\/wordpress2.hdnweb.com\\\/en\\\/2021\\\/01\\\/22\\\/comienza-la-cuenta-atras-un-ano-para-los-special-olympics-world-winter-games-kazan-2022\\\/#breadcrumb\"},\"inLanguage\":\"en-US\",\"potentialAction\":[{\"@type\":\"ReadAction\",\"target\":[[\"https:\\\/\\\/wordpress2.hdnweb.com\\\/en\\\/2021\\\/01\\\/22\\\/comienza-la-cuenta-atras-un-ano-para-los-special-olympics-world-winter-games-kazan-2022\\\/\"]]}]},{\"@type\":\"ImageObject\",\"inLanguage\":\"en-US\",\"@id\":\"https:\\\/\\\/wordpress2.hdnweb.com\\\/en\\\/2021\\\/01\\\/22\\\/comienza-la-cuenta-atras-un-ano-para-los-special-olympics-world-winter-games-kazan-2022\\\/#primaryimage\",\"url\":\"https:\\\/\\\/wordpress2.hdnweb.com\\\/wp-content\\\/uploads\\\/2020\\\/05\\\/39290_1_26667.jpg\",\"contentUrl\":\"https:\\\/\\\/wordpress2.hdnweb.com\\\/wp-content\\\/uploads\\\/2020\\\/05\\\/39290_1_26667.jpg\",\"width\":1380,\"height\":605,\"caption\":\"Special_Olympics_Logo\"},{\"@type\":\"BreadcrumbList\",\"@id\":\"https:\\\/\\\/wordpress2.hdnweb.com\\\/en\\\/2021\\\/01\\\/22\\\/comienza-la-cuenta-atras-un-ano-para-los-special-olympics-world-winter-games-kazan-2022\\\/#breadcrumb\",\"itemListElement\":[{\"@type\":\"ListItem\",\"position\":1,\"name\":\"Portada\",\"item\":\"https:\\\/\\\/wordpress2.hdnweb.com\\\/en\\\/\"},{\"@type\":\"ListItem\",\"position\":2,\"name\":\"\u00a1Comienza la cuenta atr\u00e1s! Un a\u00f1o para los Special Olympics World Winter Games Kazan 2022\"}]},{\"@type\":\"WebSite\",\"@id\":\"https:\\\/\\\/wordpress2.hdnweb.com\\\/en\\\/#website\",\"url\":\"https:\\\/\\\/wordpress2.hdnweb.com\\\/en\\\/\",\"name\":\"Multisitio 2\",\"description\":\"\",\"potentialAction\":[{\"@type\":\"SearchAction\",\"target\":{\"@type\":\"EntryPoint\",\"urlTemplate\":\"https:\\\/\\\/wordpress2.hdnweb.com\\\/en\\\/?s={search_term_string}\"},\"query-input\":{\"@type\":\"PropertyValueSpecification\",\"valueRequired\":true,\"valueName\":\"search_term_string\"}}],\"inLanguage\":\"en-US\"},{\"@type\":\"Person\",\"@id\":\"https:\\\/\\\/wordpress2.hdnweb.com\\\/#\\\/schema\\\/person\\\/c112e8e970f2cfc8553cdb5392b493ad\",\"name\":\"venred\",\"image\":{\"@type\":\"ImageObject\",\"inLanguage\":\"en-US\",\"@id\":\"https:\\\/\\\/secure.gravatar.com\\\/avatar\\\/2b023a883433f83ad0a3036a7ba60d3133c4e0619f3bca6230ba8c7521b6dec8?s=96&d=mm&r=g\",\"url\":\"https:\\\/\\\/secure.gravatar.com\\\/avatar\\\/2b023a883433f83ad0a3036a7ba60d3133c4e0619f3bca6230ba8c7521b6dec8?s=96&d=mm&r=g\",\"contentUrl\":\"https:\\\/\\\/secure.gravatar.com\\\/avatar\\\/2b023a883433f83ad0a3036a7ba60d3133c4e0619f3bca6230ba8c7521b6dec8?s=96&d=mm&r=g\",\"caption\":\"venred\"},\"url\":\"https:\\\/\\\/wordpress2.hdnweb.com\\\/en\\\/author\\\/venred\\\/\"}]}<\/script>\n<!-- \/ Yoast SEO plugin. -->","yoast_head_json":{"title":"\u00a1Comienza la cuenta atr\u00e1s! Un a\u00f1o para los Special Olympics World Winter Games Kazan 2022 - Multisitio 2","robots":{"index":"index","follow":"follow","max-snippet":"max-snippet:-1","max-image-preview":"max-image-preview:large","max-video-preview":"max-video-preview:-1"},"canonical":"https:\/\/wordpress2.hdnweb.com\/en\/2021\/01\/22\/comienza-la-cuenta-atras-un-ano-para-los-special-olympics-world-winter-games-kazan-2022\/","og_locale":"en_US","og_type":"article","og_title":"\u00a1Comienza la cuenta atr\u00e1s! Un a\u00f1o para los Special Olympics World Winter Games Kazan 2022 - Multisitio 2","og_description":"WASHINGTON, 22 de junio de 2021 \/PRNewswire\/ --\u00a0Dentro de un a\u00f1o, los Special Olympics World Winter Games 2022 \u00a0comenzar\u00e1n en Kaz\u00e1n, Rusia. M\u00e1s de 2.000 atletas de Special Olympics de m\u00e1s de 100 pa\u00edses competir\u00e1n en siete deportes, y contar\u00e1n con el apoyo de 3.000 voluntarios. &lt;img id=&quot;prnejpgef86left&quot; title=&quot; &quot; border=&quot;0&quot; alt=&quot; &quot; align=&quot;middle&quot; src=&quot;https:\/\/mma.prnewswire.com\/media\/701509\/Special_Olympics_Logo.jpg&quot;...","og_url":"https:\/\/wordpress2.hdnweb.com\/en\/2021\/01\/22\/comienza-la-cuenta-atras-un-ano-para-los-special-olympics-world-winter-games-kazan-2022\/","og_site_name":"Multisitio 2","article_published_time":"2021-01-22T09:28:00+00:00","og_image":[{"width":1380,"height":605,"url":"https:\/\/wordpress2.hdnweb.com\/wp-content\/uploads\/2020\/05\/39290_1_26667.jpg","type":"image\/jpeg"}],"author":"venred","twitter_card":"summary_large_image","twitter_misc":{"Written by":"venred","Est. reading time":"4 minutes"},"schema":{"@context":"https:\/\/schema.org","@graph":[{"@type":"Article","@id":"https:\/\/wordpress2.hdnweb.com\/2021\/01\/22\/comienza-la-cuenta-atras-un-ano-para-los-special-olympics-world-winter-games-kazan-2022\/#article","isPartOf":{"@id":"https:\/\/wordpress2.hdnweb.com\/2021\/01\/22\/comienza-la-cuenta-atras-un-ano-para-los-special-olympics-world-winter-games-kazan-2022\/"},"author":{"name":"venred","@id":"https:\/\/wordpress2.hdnweb.com\/#\/schema\/person\/c112e8e970f2cfc8553cdb5392b493ad"},"headline":"(Espa\u00f1ol) \u00a1Comienza la cuenta atr\u00e1s! Un a\u00f1o para los Special Olympics World Winter Games Kazan 2022","datePublished":"2021-01-22T09:28:00+00:00","mainEntityOfPage":{"@id":"https:\/\/wordpress2.hdnweb.com\/2021\/01\/22\/comienza-la-cuenta-atras-un-ano-para-los-special-olympics-world-winter-games-kazan-2022\/"},"wordCount":817,"image":{"@id":"https:\/\/wordpress2.hdnweb.com\/2021\/01\/22\/comienza-la-cuenta-atras-un-ano-para-los-special-olympics-world-winter-games-kazan-2022\/#primaryimage"},"thumbnailUrl":"https:\/\/wordpress2.hdnweb.com\/wp-content\/uploads\/2020\/05\/39290_1_26667.jpg","articleSection":["Rose marynews"],"inLanguage":"en-US"},{"@type":"WebPage","@id":"https:\/\/wordpress2.hdnweb.com\/en\/2021\/01\/22\/comienza-la-cuenta-atras-un-ano-para-los-special-olympics-world-winter-games-kazan-2022\/","url":"https:\/\/wordpress2.hdnweb.com\/en\/2021\/01\/22\/comienza-la-cuenta-atras-un-ano-para-los-special-olympics-world-winter-games-kazan-2022\/","name":"\u00a1Comienza la cuenta atr\u00e1s! Un a\u00f1o para los Special Olympics World Winter Games Kazan 2022 - Multisitio 2","isPartOf":{"@id":"https:\/\/wordpress2.hdnweb.com\/en\/#website"},"primaryImageOfPage":{"@id":"https:\/\/wordpress2.hdnweb.com\/en\/2021\/01\/22\/comienza-la-cuenta-atras-un-ano-para-los-special-olympics-world-winter-games-kazan-2022\/#primaryimage"},"image":{"@id":"https:\/\/wordpress2.hdnweb.com\/2021\/01\/22\/comienza-la-cuenta-atras-un-ano-para-los-special-olympics-world-winter-games-kazan-2022\/#primaryimage"},"thumbnailUrl":"https:\/\/wordpress2.hdnweb.com\/wp-content\/uploads\/2020\/05\/39290_1_26667.jpg","datePublished":"2021-01-22T09:28:00+00:00","author":{"@id":"https:\/\/wordpress2.hdnweb.com\/#\/schema\/person\/c112e8e970f2cfc8553cdb5392b493ad"},"breadcrumb":{"@id":"https:\/\/wordpress2.hdnweb.com\/en\/2021\/01\/22\/comienza-la-cuenta-atras-un-ano-para-los-special-olympics-world-winter-games-kazan-2022\/#breadcrumb"},"inLanguage":"en-US","potentialAction":[{"@type":"ReadAction","target":[["https:\/\/wordpress2.hdnweb.com\/en\/2021\/01\/22\/comienza-la-cuenta-atras-un-ano-para-los-special-olympics-world-winter-games-kazan-2022\/"]]}]},{"@type":"ImageObject","inLanguage":"en-US","@id":"https:\/\/wordpress2.hdnweb.com\/en\/2021\/01\/22\/comienza-la-cuenta-atras-un-ano-para-los-special-olympics-world-winter-games-kazan-2022\/#primaryimage","url":"https:\/\/wordpress2.hdnweb.com\/wp-content\/uploads\/2020\/05\/39290_1_26667.jpg","contentUrl":"https:\/\/wordpress2.hdnweb.com\/wp-content\/uploads\/2020\/05\/39290_1_26667.jpg","width":1380,"height":605,"caption":"Special_Olympics_Logo"},{"@type":"BreadcrumbList","@id":"https:\/\/wordpress2.hdnweb.com\/en\/2021\/01\/22\/comienza-la-cuenta-atras-un-ano-para-los-special-olympics-world-winter-games-kazan-2022\/#breadcrumb","itemListElement":[{"@type":"ListItem","position":1,"name":"Portada","item":"https:\/\/wordpress2.hdnweb.com\/en\/"},{"@type":"ListItem","position":2,"name":"\u00a1Comienza la cuenta atr\u00e1s! Un a\u00f1o para los Special Olympics World Winter Games Kazan 2022"}]},{"@type":"WebSite","@id":"https:\/\/wordpress2.hdnweb.com\/en\/#website","url":"https:\/\/wordpress2.hdnweb.com\/en\/","name":"Multisitio 2","description":"","potentialAction":[{"@type":"SearchAction","target":{"@type":"EntryPoint","urlTemplate":"https:\/\/wordpress2.hdnweb.com\/en\/?s={search_term_string}"},"query-input":{"@type":"PropertyValueSpecification","valueRequired":true,"valueName":"search_term_string"}}],"inLanguage":"en-US"},{"@type":"Person","@id":"https:\/\/wordpress2.hdnweb.com\/#\/schema\/person\/c112e8e970f2cfc8553cdb5392b493ad","name":"venred","image":{"@type":"ImageObject","inLanguage":"en-US","@id":"https:\/\/secure.gravatar.com\/avatar\/2b023a883433f83ad0a3036a7ba60d3133c4e0619f3bca6230ba8c7521b6dec8?s=96&d=mm&r=g","url":"https:\/\/secure.gravatar.com\/avatar\/2b023a883433f83ad0a3036a7ba60d3133c4e0619f3bca6230ba8c7521b6dec8?s=96&d=mm&r=g","contentUrl":"https:\/\/secure.gravatar.com\/avatar\/2b023a883433f83ad0a3036a7ba60d3133c4e0619f3bca6230ba8c7521b6dec8?s=96&d=mm&r=g","caption":"venred"},"url":"https:\/\/wordpress2.hdnweb.com\/en\/author\/venred\/"}]}},"_links":{"self":[{"href":"https:\/\/wordpress2.hdnweb.com\/en\/wp-json\/wp\/v2\/posts\/39290","targetHints":{"allow":["GET"]}}],"collection":[{"href":"https:\/\/wordpress2.hdnweb.com\/en\/wp-json\/wp\/v2\/posts"}],"about":[{"href":"https:\/\/wordpress2.hdnweb.com\/en\/wp-json\/wp\/v2\/types\/post"}],"author":[{"embeddable":true,"href":"https:\/\/wordpress2.hdnweb.com\/en\/wp-json\/wp\/v2\/users\/1"}],"replies":[{"embeddable":true,"href":"https:\/\/wordpress2.hdnweb.com\/en\/wp-json\/wp\/v2\/comments?post=39290"}],"version-history":[{"count":0,"href":"https:\/\/wordpress2.hdnweb.com\/en\/wp-json\/wp\/v2\/posts\/39290\/revisions"}],"wp:featuredmedia":[{"embeddable":true,"href":"https:\/\/wordpress2.hdnweb.com\/en\/wp-json\/wp\/v2\/media\/39291"}],"wp:attachment":[{"href":"https:\/\/wordpress2.hdnweb.com\/en\/wp-json\/wp\/v2\/media?parent=39290"}],"wp:term":[{"taxonomy":"category","embeddable":true,"href":"https:\/\/wordpress2.hdnweb.com\/en\/wp-json\/wp\/v2\/categories?post=39290"},{"taxonomy":"post_tag","embeddable":true,"href":"https:\/\/wordpress2.hdnweb.com\/en\/wp-json\/wp\/v2\/tags?post=39290"}],"curies":[{"name":"wp","href":"https:\/\/api.w.org\/{rel}","templated":true}]}}