{"id":4035,"date":"2020-05-19T04:00:00","date_gmt":"2020-05-19T04:00:00","guid":{"rendered":"http:\/\/wordpress2.hdnweb.com\/2020\/05\/19\/la-barra-de-sonido-tcl-9-series-ray%e2%80%a2danz-con-dolby-atmos-recibe-el-if-design-award-2020\/"},"modified":"2020-05-19T04:00:00","modified_gmt":"2020-05-19T04:00:00","slug":"la-barra-de-sonido-tcl-9-series-ray%e2%80%a2danz-con-dolby-atmos-recibe-el-if-design-award-2020","status":"publish","type":"post","link":"https:\/\/wordpress2.hdnweb.com\/en\/2020\/05\/19\/la-barra-de-sonido-tcl-9-series-ray%e2%80%a2danz-con-dolby-atmos-recibe-el-if-design-award-2020\/","title":{"rendered":"(Espa\u00f1ol) La barra de sonido TCL 9 Series RAY\u2022DANZ con Dolby Atmos recibe el iF DESIGN AWARD 2020"},"content":{"rendered":"<p class=\"qtranxs-available-languages-message qtranxs-available-languages-message-en\">Sorry, this entry is only available in <a href=\"https:\/\/wordpress2.hdnweb.com\/es\/wp-json\/wp\/v2\/posts\/4035\" class=\"qtranxs-available-language-link qtranxs-available-language-link-es\" title=\"Espa\u00f1ol\">Espa\u00f1ol<\/a>.<\/p>","protected":false},"excerpt":{"rendered":"<p class=\"qtranxs-available-languages-message qtranxs-available-languages-message-en\">Sorry, this entry is only available in <a href=\"https:\/\/wordpress2.hdnweb.com\/es\/wp-json\/wp\/v2\/posts\/4035\" class=\"qtranxs-available-language-link qtranxs-available-language-link-es\" title=\"Espa\u00f1ol\">Espa\u00f1ol<\/a>.<\/p>\n","protected":false},"author":1,"featured_media":4036,"comment_status":"open","ping_status":"open","sticky":false,"template":"","format":"standard","meta":{"_acf_changed":false,"_monsterinsights_skip_tracking":false,"_monsterinsights_sitenote_active":false,"_monsterinsights_sitenote_note":"","_monsterinsights_sitenote_category":0,"footnotes":""},"categories":[22],"tags":[],"class_list":["post-4035","post","type-post","status-publish","format-standard","has-post-thumbnail","hentry","category-chayan"],"acf":[],"yoast_head":"<!-- This site is optimized with the Yoast SEO plugin v27.5 - https:\/\/yoast.com\/product\/yoast-seo-wordpress\/ -->\n<title>La barra de sonido TCL 9 Series RAY\u2022DANZ con Dolby Atmos recibe el iF DESIGN AWARD 2020 - Multisitio 2<\/title>\n<meta name=\"robots\" content=\"index, follow, max-snippet:-1, max-image-preview:large, max-video-preview:-1\" \/>\n<link rel=\"canonical\" href=\"https:\/\/wordpress2.hdnweb.com\/en\/2020\/05\/19\/la-barra-de-sonido-tcl-9-series-ray\u2022danz-con-dolby-atmos-recibe-el-if-design-award-2020\/\" \/>\n<meta property=\"og:locale\" content=\"en_US\" \/>\n<meta property=\"og:type\" content=\"article\" \/>\n<meta property=\"og:title\" content=\"La barra de sonido TCL 9 Series RAY\u2022DANZ con Dolby Atmos recibe el iF DESIGN AWARD 2020 - Multisitio 2\" \/>\n<meta property=\"og:description\" content=\"-\u00a0 La barra de sonido TCL 9 Series RAY\u2022DANZ con Dolby Atmos recibe el iF DESIGN AWARD 2020 por su dise\u00f1o \u00fanico que cuenta con la innovadora tecnolog\u00eda de reflejo ac\u00fastico TCL  SHENZHEN, China, May 19, 2020 \/PRNewswire\/ -- TCL Electronics (1070.HK), uno de los principales desarrolladores dentro de la industria mundial de la televisi\u00f3n y destacada compa\u00f1\u00eda de electr\u00f3nica de consumo, subraya su compromiso con la innovaci\u00f3n de la tecnolog\u00eda del sonido al tiempo que la barra de...\" \/>\n<meta property=\"og:url\" content=\"https:\/\/wordpress2.hdnweb.com\/en\/2020\/05\/19\/la-barra-de-sonido-tcl-9-series-ray\u2022danz-con-dolby-atmos-recibe-el-if-design-award-2020\/\" \/>\n<meta property=\"og:site_name\" content=\"Multisitio 2\" \/>\n<meta property=\"article:published_time\" content=\"2020-05-19T04:00:00+00:00\" \/>\n<meta property=\"og:image\" content=\"https:\/\/wordpress2.hdnweb.com\/wp-content\/uploads\/2020\/02\/4035_1_61286.jpg\" \/>\n\t<meta property=\"og:image:width\" content=\"1848\" \/>\n\t<meta property=\"og:image:height\" content=\"1152\" \/>\n\t<meta property=\"og:image:type\" content=\"image\/jpeg\" \/>\n<meta name=\"author\" content=\"venred\" \/>\n<meta name=\"twitter:card\" content=\"summary_large_image\" \/>\n<meta name=\"twitter:label1\" content=\"Written by\" \/>\n\t<meta name=\"twitter:data1\" content=\"venred\" \/>\n\t<meta name=\"twitter:label2\" content=\"Est. reading time\" \/>\n\t<meta name=\"twitter:data2\" content=\"3 minutes\" \/>\n<script type=\"application\/ld+json\" class=\"yoast-schema-graph\">{\"@context\":\"https:\\\/\\\/schema.org\",\"@graph\":[{\"@type\":\"Article\",\"@id\":\"https:\\\/\\\/wordpress2.hdnweb.com\\\/2020\\\/05\\\/19\\\/la-barra-de-sonido-tcl-9-series-ray%e2%80%a2danz-con-dolby-atmos-recibe-el-if-design-award-2020\\\/#article\",\"isPartOf\":{\"@id\":\"https:\\\/\\\/wordpress2.hdnweb.com\\\/2020\\\/05\\\/19\\\/la-barra-de-sonido-tcl-9-series-ray%e2%80%a2danz-con-dolby-atmos-recibe-el-if-design-award-2020\\\/\"},\"author\":{\"name\":\"venred\",\"@id\":\"https:\\\/\\\/wordpress2.hdnweb.com\\\/#\\\/schema\\\/person\\\/c112e8e970f2cfc8553cdb5392b493ad\"},\"headline\":\"(Espa\u00f1ol) La barra de sonido TCL 9 Series RAY\u2022DANZ con Dolby Atmos recibe el iF DESIGN AWARD 2020\",\"datePublished\":\"2020-05-19T04:00:00+00:00\",\"mainEntityOfPage\":{\"@id\":\"https:\\\/\\\/wordpress2.hdnweb.com\\\/2020\\\/05\\\/19\\\/la-barra-de-sonido-tcl-9-series-ray%e2%80%a2danz-con-dolby-atmos-recibe-el-if-design-award-2020\\\/\"},\"wordCount\":564,\"commentCount\":0,\"image\":{\"@id\":\"https:\\\/\\\/wordpress2.hdnweb.com\\\/2020\\\/05\\\/19\\\/la-barra-de-sonido-tcl-9-series-ray%e2%80%a2danz-con-dolby-atmos-recibe-el-if-design-award-2020\\\/#primaryimage\"},\"thumbnailUrl\":\"https:\\\/\\\/wordpress2.hdnweb.com\\\/wp-content\\\/uploads\\\/2020\\\/02\\\/4035_1_61286.jpg\",\"articleSection\":[\"Chayan\"],\"inLanguage\":\"en-US\"},{\"@type\":\"WebPage\",\"@id\":\"https:\\\/\\\/wordpress2.hdnweb.com\\\/en\\\/2020\\\/05\\\/19\\\/la-barra-de-sonido-tcl-9-series-ray%e2%80%a2danz-con-dolby-atmos-recibe-el-if-design-award-2020\\\/\",\"url\":\"https:\\\/\\\/wordpress2.hdnweb.com\\\/en\\\/2020\\\/05\\\/19\\\/la-barra-de-sonido-tcl-9-series-ray%e2%80%a2danz-con-dolby-atmos-recibe-el-if-design-award-2020\\\/\",\"name\":\"La barra de sonido TCL 9 Series RAY\u2022DANZ con Dolby Atmos recibe el iF DESIGN AWARD 2020 - Multisitio 2\",\"isPartOf\":{\"@id\":\"https:\\\/\\\/wordpress2.hdnweb.com\\\/en\\\/#website\"},\"primaryImageOfPage\":{\"@id\":\"https:\\\/\\\/wordpress2.hdnweb.com\\\/en\\\/2020\\\/05\\\/19\\\/la-barra-de-sonido-tcl-9-series-ray%e2%80%a2danz-con-dolby-atmos-recibe-el-if-design-award-2020\\\/#primaryimage\"},\"image\":{\"@id\":\"https:\\\/\\\/wordpress2.hdnweb.com\\\/2020\\\/05\\\/19\\\/la-barra-de-sonido-tcl-9-series-ray%e2%80%a2danz-con-dolby-atmos-recibe-el-if-design-award-2020\\\/#primaryimage\"},\"thumbnailUrl\":\"https:\\\/\\\/wordpress2.hdnweb.com\\\/wp-content\\\/uploads\\\/2020\\\/02\\\/4035_1_61286.jpg\",\"datePublished\":\"2020-05-19T04:00:00+00:00\",\"author\":{\"@id\":\"https:\\\/\\\/wordpress2.hdnweb.com\\\/#\\\/schema\\\/person\\\/c112e8e970f2cfc8553cdb5392b493ad\"},\"breadcrumb\":{\"@id\":\"https:\\\/\\\/wordpress2.hdnweb.com\\\/en\\\/2020\\\/05\\\/19\\\/la-barra-de-sonido-tcl-9-series-ray%e2%80%a2danz-con-dolby-atmos-recibe-el-if-design-award-2020\\\/#breadcrumb\"},\"inLanguage\":\"en-US\",\"potentialAction\":[{\"@type\":\"ReadAction\",\"target\":[[\"https:\\\/\\\/wordpress2.hdnweb.com\\\/en\\\/2020\\\/05\\\/19\\\/la-barra-de-sonido-tcl-9-series-ray%e2%80%a2danz-con-dolby-atmos-recibe-el-if-design-award-2020\\\/\"]]}]},{\"@type\":\"ImageObject\",\"inLanguage\":\"en-US\",\"@id\":\"https:\\\/\\\/wordpress2.hdnweb.com\\\/en\\\/2020\\\/05\\\/19\\\/la-barra-de-sonido-tcl-9-series-ray%e2%80%a2danz-con-dolby-atmos-recibe-el-if-design-award-2020\\\/#primaryimage\",\"url\":\"https:\\\/\\\/wordpress2.hdnweb.com\\\/wp-content\\\/uploads\\\/2020\\\/02\\\/4035_1_61286.jpg\",\"contentUrl\":\"https:\\\/\\\/wordpress2.hdnweb.com\\\/wp-content\\\/uploads\\\/2020\\\/02\\\/4035_1_61286.jpg\",\"width\":1848,\"height\":1152,\"caption\":\"TCL 9 Series RAY&bull;DANZ Soundbar with Dolby Atmos Receives iF DESIGN AWARD 2020 For Its Unique Design Featuring TCL's Innovative Acoustic Reflector Technology\"},{\"@type\":\"BreadcrumbList\",\"@id\":\"https:\\\/\\\/wordpress2.hdnweb.com\\\/en\\\/2020\\\/05\\\/19\\\/la-barra-de-sonido-tcl-9-series-ray%e2%80%a2danz-con-dolby-atmos-recibe-el-if-design-award-2020\\\/#breadcrumb\",\"itemListElement\":[{\"@type\":\"ListItem\",\"position\":1,\"name\":\"Portada\",\"item\":\"https:\\\/\\\/wordpress2.hdnweb.com\\\/en\\\/\"},{\"@type\":\"ListItem\",\"position\":2,\"name\":\"La barra de sonido TCL 9 Series RAY\u2022DANZ con Dolby Atmos recibe el iF DESIGN AWARD 2020\"}]},{\"@type\":\"WebSite\",\"@id\":\"https:\\\/\\\/wordpress2.hdnweb.com\\\/en\\\/#website\",\"url\":\"https:\\\/\\\/wordpress2.hdnweb.com\\\/en\\\/\",\"name\":\"Multisitio 2\",\"description\":\"\",\"potentialAction\":[{\"@type\":\"SearchAction\",\"target\":{\"@type\":\"EntryPoint\",\"urlTemplate\":\"https:\\\/\\\/wordpress2.hdnweb.com\\\/en\\\/?s={search_term_string}\"},\"query-input\":{\"@type\":\"PropertyValueSpecification\",\"valueRequired\":true,\"valueName\":\"search_term_string\"}}],\"inLanguage\":\"en-US\"},{\"@type\":\"Person\",\"@id\":\"https:\\\/\\\/wordpress2.hdnweb.com\\\/#\\\/schema\\\/person\\\/c112e8e970f2cfc8553cdb5392b493ad\",\"name\":\"venred\",\"image\":{\"@type\":\"ImageObject\",\"inLanguage\":\"en-US\",\"@id\":\"https:\\\/\\\/secure.gravatar.com\\\/avatar\\\/2b023a883433f83ad0a3036a7ba60d3133c4e0619f3bca6230ba8c7521b6dec8?s=96&d=mm&r=g\",\"url\":\"https:\\\/\\\/secure.gravatar.com\\\/avatar\\\/2b023a883433f83ad0a3036a7ba60d3133c4e0619f3bca6230ba8c7521b6dec8?s=96&d=mm&r=g\",\"contentUrl\":\"https:\\\/\\\/secure.gravatar.com\\\/avatar\\\/2b023a883433f83ad0a3036a7ba60d3133c4e0619f3bca6230ba8c7521b6dec8?s=96&d=mm&r=g\",\"caption\":\"venred\"},\"url\":\"https:\\\/\\\/wordpress2.hdnweb.com\\\/en\\\/author\\\/venred\\\/\"}]}<\/script>\n<!-- \/ Yoast SEO plugin. -->","yoast_head_json":{"title":"La barra de sonido TCL 9 Series RAY\u2022DANZ con Dolby Atmos recibe el iF DESIGN AWARD 2020 - Multisitio 2","robots":{"index":"index","follow":"follow","max-snippet":"max-snippet:-1","max-image-preview":"max-image-preview:large","max-video-preview":"max-video-preview:-1"},"canonical":"https:\/\/wordpress2.hdnweb.com\/en\/2020\/05\/19\/la-barra-de-sonido-tcl-9-series-ray\u2022danz-con-dolby-atmos-recibe-el-if-design-award-2020\/","og_locale":"en_US","og_type":"article","og_title":"La barra de sonido TCL 9 Series RAY\u2022DANZ con Dolby Atmos recibe el iF DESIGN AWARD 2020 - Multisitio 2","og_description":"-\u00a0 La barra de sonido TCL 9 Series RAY\u2022DANZ con Dolby Atmos recibe el iF DESIGN AWARD 2020 por su dise\u00f1o \u00fanico que cuenta con la innovadora tecnolog\u00eda de reflejo ac\u00fastico TCL  SHENZHEN, China, May 19, 2020 \/PRNewswire\/ -- TCL Electronics (1070.HK), uno de los principales desarrolladores dentro de la industria mundial de la televisi\u00f3n y destacada compa\u00f1\u00eda de electr\u00f3nica de consumo, subraya su compromiso con la innovaci\u00f3n de la tecnolog\u00eda del sonido al tiempo que la barra de...","og_url":"https:\/\/wordpress2.hdnweb.com\/en\/2020\/05\/19\/la-barra-de-sonido-tcl-9-series-ray\u2022danz-con-dolby-atmos-recibe-el-if-design-award-2020\/","og_site_name":"Multisitio 2","article_published_time":"2020-05-19T04:00:00+00:00","og_image":[{"width":1848,"height":1152,"url":"https:\/\/wordpress2.hdnweb.com\/wp-content\/uploads\/2020\/02\/4035_1_61286.jpg","type":"image\/jpeg"}],"author":"venred","twitter_card":"summary_large_image","twitter_misc":{"Written by":"venred","Est. reading time":"3 minutes"},"schema":{"@context":"https:\/\/schema.org","@graph":[{"@type":"Article","@id":"https:\/\/wordpress2.hdnweb.com\/2020\/05\/19\/la-barra-de-sonido-tcl-9-series-ray%e2%80%a2danz-con-dolby-atmos-recibe-el-if-design-award-2020\/#article","isPartOf":{"@id":"https:\/\/wordpress2.hdnweb.com\/2020\/05\/19\/la-barra-de-sonido-tcl-9-series-ray%e2%80%a2danz-con-dolby-atmos-recibe-el-if-design-award-2020\/"},"author":{"name":"venred","@id":"https:\/\/wordpress2.hdnweb.com\/#\/schema\/person\/c112e8e970f2cfc8553cdb5392b493ad"},"headline":"(Espa\u00f1ol) La barra de sonido TCL 9 Series RAY\u2022DANZ con Dolby Atmos recibe el iF DESIGN AWARD 2020","datePublished":"2020-05-19T04:00:00+00:00","mainEntityOfPage":{"@id":"https:\/\/wordpress2.hdnweb.com\/2020\/05\/19\/la-barra-de-sonido-tcl-9-series-ray%e2%80%a2danz-con-dolby-atmos-recibe-el-if-design-award-2020\/"},"wordCount":564,"commentCount":0,"image":{"@id":"https:\/\/wordpress2.hdnweb.com\/2020\/05\/19\/la-barra-de-sonido-tcl-9-series-ray%e2%80%a2danz-con-dolby-atmos-recibe-el-if-design-award-2020\/#primaryimage"},"thumbnailUrl":"https:\/\/wordpress2.hdnweb.com\/wp-content\/uploads\/2020\/02\/4035_1_61286.jpg","articleSection":["Chayan"],"inLanguage":"en-US"},{"@type":"WebPage","@id":"https:\/\/wordpress2.hdnweb.com\/en\/2020\/05\/19\/la-barra-de-sonido-tcl-9-series-ray%e2%80%a2danz-con-dolby-atmos-recibe-el-if-design-award-2020\/","url":"https:\/\/wordpress2.hdnweb.com\/en\/2020\/05\/19\/la-barra-de-sonido-tcl-9-series-ray%e2%80%a2danz-con-dolby-atmos-recibe-el-if-design-award-2020\/","name":"La barra de sonido TCL 9 Series RAY\u2022DANZ con Dolby Atmos recibe el iF DESIGN AWARD 2020 - Multisitio 2","isPartOf":{"@id":"https:\/\/wordpress2.hdnweb.com\/en\/#website"},"primaryImageOfPage":{"@id":"https:\/\/wordpress2.hdnweb.com\/en\/2020\/05\/19\/la-barra-de-sonido-tcl-9-series-ray%e2%80%a2danz-con-dolby-atmos-recibe-el-if-design-award-2020\/#primaryimage"},"image":{"@id":"https:\/\/wordpress2.hdnweb.com\/2020\/05\/19\/la-barra-de-sonido-tcl-9-series-ray%e2%80%a2danz-con-dolby-atmos-recibe-el-if-design-award-2020\/#primaryimage"},"thumbnailUrl":"https:\/\/wordpress2.hdnweb.com\/wp-content\/uploads\/2020\/02\/4035_1_61286.jpg","datePublished":"2020-05-19T04:00:00+00:00","author":{"@id":"https:\/\/wordpress2.hdnweb.com\/#\/schema\/person\/c112e8e970f2cfc8553cdb5392b493ad"},"breadcrumb":{"@id":"https:\/\/wordpress2.hdnweb.com\/en\/2020\/05\/19\/la-barra-de-sonido-tcl-9-series-ray%e2%80%a2danz-con-dolby-atmos-recibe-el-if-design-award-2020\/#breadcrumb"},"inLanguage":"en-US","potentialAction":[{"@type":"ReadAction","target":[["https:\/\/wordpress2.hdnweb.com\/en\/2020\/05\/19\/la-barra-de-sonido-tcl-9-series-ray%e2%80%a2danz-con-dolby-atmos-recibe-el-if-design-award-2020\/"]]}]},{"@type":"ImageObject","inLanguage":"en-US","@id":"https:\/\/wordpress2.hdnweb.com\/en\/2020\/05\/19\/la-barra-de-sonido-tcl-9-series-ray%e2%80%a2danz-con-dolby-atmos-recibe-el-if-design-award-2020\/#primaryimage","url":"https:\/\/wordpress2.hdnweb.com\/wp-content\/uploads\/2020\/02\/4035_1_61286.jpg","contentUrl":"https:\/\/wordpress2.hdnweb.com\/wp-content\/uploads\/2020\/02\/4035_1_61286.jpg","width":1848,"height":1152,"caption":"TCL 9 Series RAY&bull;DANZ Soundbar with Dolby Atmos Receives iF DESIGN AWARD 2020 For Its Unique Design Featuring TCL's Innovative Acoustic Reflector Technology"},{"@type":"BreadcrumbList","@id":"https:\/\/wordpress2.hdnweb.com\/en\/2020\/05\/19\/la-barra-de-sonido-tcl-9-series-ray%e2%80%a2danz-con-dolby-atmos-recibe-el-if-design-award-2020\/#breadcrumb","itemListElement":[{"@type":"ListItem","position":1,"name":"Portada","item":"https:\/\/wordpress2.hdnweb.com\/en\/"},{"@type":"ListItem","position":2,"name":"La barra de sonido TCL 9 Series RAY\u2022DANZ con Dolby Atmos recibe el iF DESIGN AWARD 2020"}]},{"@type":"WebSite","@id":"https:\/\/wordpress2.hdnweb.com\/en\/#website","url":"https:\/\/wordpress2.hdnweb.com\/en\/","name":"Multisitio 2","description":"","potentialAction":[{"@type":"SearchAction","target":{"@type":"EntryPoint","urlTemplate":"https:\/\/wordpress2.hdnweb.com\/en\/?s={search_term_string}"},"query-input":{"@type":"PropertyValueSpecification","valueRequired":true,"valueName":"search_term_string"}}],"inLanguage":"en-US"},{"@type":"Person","@id":"https:\/\/wordpress2.hdnweb.com\/#\/schema\/person\/c112e8e970f2cfc8553cdb5392b493ad","name":"venred","image":{"@type":"ImageObject","inLanguage":"en-US","@id":"https:\/\/secure.gravatar.com\/avatar\/2b023a883433f83ad0a3036a7ba60d3133c4e0619f3bca6230ba8c7521b6dec8?s=96&d=mm&r=g","url":"https:\/\/secure.gravatar.com\/avatar\/2b023a883433f83ad0a3036a7ba60d3133c4e0619f3bca6230ba8c7521b6dec8?s=96&d=mm&r=g","contentUrl":"https:\/\/secure.gravatar.com\/avatar\/2b023a883433f83ad0a3036a7ba60d3133c4e0619f3bca6230ba8c7521b6dec8?s=96&d=mm&r=g","caption":"venred"},"url":"https:\/\/wordpress2.hdnweb.com\/en\/author\/venred\/"}]}},"_links":{"self":[{"href":"https:\/\/wordpress2.hdnweb.com\/en\/wp-json\/wp\/v2\/posts\/4035","targetHints":{"allow":["GET"]}}],"collection":[{"href":"https:\/\/wordpress2.hdnweb.com\/en\/wp-json\/wp\/v2\/posts"}],"about":[{"href":"https:\/\/wordpress2.hdnweb.com\/en\/wp-json\/wp\/v2\/types\/post"}],"author":[{"embeddable":true,"href":"https:\/\/wordpress2.hdnweb.com\/en\/wp-json\/wp\/v2\/users\/1"}],"replies":[{"embeddable":true,"href":"https:\/\/wordpress2.hdnweb.com\/en\/wp-json\/wp\/v2\/comments?post=4035"}],"version-history":[{"count":0,"href":"https:\/\/wordpress2.hdnweb.com\/en\/wp-json\/wp\/v2\/posts\/4035\/revisions"}],"wp:featuredmedia":[{"embeddable":true,"href":"https:\/\/wordpress2.hdnweb.com\/en\/wp-json\/wp\/v2\/media\/4036"}],"wp:attachment":[{"href":"https:\/\/wordpress2.hdnweb.com\/en\/wp-json\/wp\/v2\/media?parent=4035"}],"wp:term":[{"taxonomy":"category","embeddable":true,"href":"https:\/\/wordpress2.hdnweb.com\/en\/wp-json\/wp\/v2\/categories?post=4035"},{"taxonomy":"post_tag","embeddable":true,"href":"https:\/\/wordpress2.hdnweb.com\/en\/wp-json\/wp\/v2\/tags?post=4035"}],"curies":[{"name":"wp","href":"https:\/\/api.w.org\/{rel}","templated":true}]}}