{"id":4245,"date":"2020-05-20T00:15:00","date_gmt":"2020-05-20T00:15:00","guid":{"rendered":"http:\/\/wordpress2.hdnweb.com\/2020\/05\/20\/la-fundacion-merck-anuncia-la-llegada-de-los-premios-stay-at-home-media-recognition-a-los-paises-de-america-latina-3\/"},"modified":"2020-05-20T00:15:00","modified_gmt":"2020-05-20T00:15:00","slug":"la-fundacion-merck-anuncia-la-llegada-de-los-premios-stay-at-home-media-recognition-a-los-paises-de-america-latina-3","status":"publish","type":"post","link":"https:\/\/wordpress2.hdnweb.com\/en\/2020\/05\/20\/la-fundacion-merck-anuncia-la-llegada-de-los-premios-stay-at-home-media-recognition-a-los-paises-de-america-latina-3\/","title":{"rendered":"(Espa\u00f1ol) La Fundaci\u00f3n Merck anuncia la llegada de los Premios &#8220;Stay at Home&#8221; Media Recognition a los pa\u00edses de Am\u00e9rica Latina"},"content":{"rendered":"<p class=\"qtranxs-available-languages-message qtranxs-available-languages-message-en\">Sorry, this entry is only available in <a href=\"https:\/\/wordpress2.hdnweb.com\/es\/wp-json\/wp\/v2\/posts\/4245\" class=\"qtranxs-available-language-link qtranxs-available-language-link-es\" title=\"Espa\u00f1ol\">Espa\u00f1ol<\/a>.<\/p>","protected":false},"excerpt":{"rendered":"<p class=\"qtranxs-available-languages-message qtranxs-available-languages-message-en\">Sorry, this entry is only available in <a href=\"https:\/\/wordpress2.hdnweb.com\/es\/wp-json\/wp\/v2\/posts\/4245\" class=\"qtranxs-available-language-link qtranxs-available-language-link-es\" title=\"Espa\u00f1ol\">Espa\u00f1ol<\/a>.<\/p>\n","protected":false},"author":1,"featured_media":4246,"comment_status":"open","ping_status":"open","sticky":false,"template":"","format":"standard","meta":{"_acf_changed":false,"_monsterinsights_skip_tracking":false,"_monsterinsights_sitenote_active":false,"_monsterinsights_sitenote_note":"","_monsterinsights_sitenote_category":0,"footnotes":""},"categories":[4],"tags":[],"class_list":["post-4245","post","type-post","status-publish","format-standard","has-post-thumbnail","hentry","category-fusion4media"],"acf":[],"yoast_head":"<!-- This site is optimized with the Yoast SEO plugin v27.5 - https:\/\/yoast.com\/product\/yoast-seo-wordpress\/ -->\n<title>La Fundaci\u00f3n Merck anuncia la llegada de los Premios &quot;Stay at Home&quot; Media Recognition a los pa\u00edses de Am\u00e9rica Latina - Multisitio 2<\/title>\n<meta name=\"robots\" content=\"index, follow, max-snippet:-1, max-image-preview:large, max-video-preview:-1\" \/>\n<link rel=\"canonical\" href=\"https:\/\/wordpress2.hdnweb.com\/en\/2020\/05\/20\/la-fundacion-merck-anuncia-la-llegada-de-los-premios-stay-at-home-media-recognition-a-los-paises-de-america-latina-3\/\" \/>\n<meta property=\"og:locale\" content=\"en_US\" \/>\n<meta property=\"og:type\" content=\"article\" \/>\n<meta property=\"og:title\" content=\"La Fundaci\u00f3n Merck anuncia la llegada de los Premios &quot;Stay at Home&quot; Media Recognition a los pa\u00edses de Am\u00e9rica Latina - Multisitio 2\" \/>\n<meta property=\"og:description\" content=\"SAN JOS\u00c9, Costa Rica, 20 de mayo de 2020 \/PRNewswire\/ -- La Fundaci\u00f3n Merck (www.merck-foundation.com), el brazo filantr\u00f3pico de Merck KGaA Germany anuncia el llamado a postulaci\u00f3n para los Premios &quot;Stay at Home&quot; Media Recognition (Reconocimiento a los medios de comunicaci\u00f3n por su labor en la difusi\u00f3n del &quot;Permanece en casa&quot;) que reconocen la labor de los periodistas en los medios de comunicaci\u00f3n de Am\u00e9rica Latina. El tema...\" \/>\n<meta property=\"og:url\" content=\"https:\/\/wordpress2.hdnweb.com\/en\/2020\/05\/20\/la-fundacion-merck-anuncia-la-llegada-de-los-premios-stay-at-home-media-recognition-a-los-paises-de-america-latina-3\/\" \/>\n<meta property=\"og:site_name\" content=\"Multisitio 2\" \/>\n<meta property=\"article:published_time\" content=\"2020-05-20T00:15:00+00:00\" \/>\n<meta property=\"og:image\" content=\"https:\/\/wordpress2.hdnweb.com\/wp-content\/uploads\/2020\/02\/4245_1_63675.jpg\" \/>\n\t<meta property=\"og:image:width\" content=\"2000\" \/>\n\t<meta property=\"og:image:height\" content=\"1333\" \/>\n\t<meta property=\"og:image:type\" content=\"image\/jpeg\" \/>\n<meta name=\"author\" content=\"venred\" \/>\n<meta name=\"twitter:card\" content=\"summary_large_image\" \/>\n<meta name=\"twitter:label1\" content=\"Written by\" \/>\n\t<meta name=\"twitter:data1\" content=\"venred\" \/>\n\t<meta name=\"twitter:label2\" content=\"Est. reading time\" \/>\n\t<meta name=\"twitter:data2\" content=\"3 minutes\" \/>\n<script type=\"application\/ld+json\" class=\"yoast-schema-graph\">{\"@context\":\"https:\\\/\\\/schema.org\",\"@graph\":[{\"@type\":\"Article\",\"@id\":\"https:\\\/\\\/wordpress2.hdnweb.com\\\/2020\\\/05\\\/20\\\/la-fundacion-merck-anuncia-la-llegada-de-los-premios-stay-at-home-media-recognition-a-los-paises-de-america-latina-3\\\/#article\",\"isPartOf\":{\"@id\":\"https:\\\/\\\/wordpress2.hdnweb.com\\\/2020\\\/05\\\/20\\\/la-fundacion-merck-anuncia-la-llegada-de-los-premios-stay-at-home-media-recognition-a-los-paises-de-america-latina-3\\\/\"},\"author\":{\"name\":\"venred\",\"@id\":\"https:\\\/\\\/wordpress2.hdnweb.com\\\/#\\\/schema\\\/person\\\/c112e8e970f2cfc8553cdb5392b493ad\"},\"headline\":\"(Espa\u00f1ol) La Fundaci\u00f3n Merck anuncia la llegada de los Premios &#8220;Stay at Home&#8221; Media Recognition a los pa\u00edses de Am\u00e9rica Latina\",\"datePublished\":\"2020-05-20T00:15:00+00:00\",\"mainEntityOfPage\":{\"@id\":\"https:\\\/\\\/wordpress2.hdnweb.com\\\/2020\\\/05\\\/20\\\/la-fundacion-merck-anuncia-la-llegada-de-los-premios-stay-at-home-media-recognition-a-los-paises-de-america-latina-3\\\/\"},\"wordCount\":590,\"commentCount\":0,\"image\":{\"@id\":\"https:\\\/\\\/wordpress2.hdnweb.com\\\/2020\\\/05\\\/20\\\/la-fundacion-merck-anuncia-la-llegada-de-los-premios-stay-at-home-media-recognition-a-los-paises-de-america-latina-3\\\/#primaryimage\"},\"thumbnailUrl\":\"https:\\\/\\\/wordpress2.hdnweb.com\\\/wp-content\\\/uploads\\\/2020\\\/02\\\/4245_1_63675.jpg\",\"articleSection\":[\"Fusion4media\"],\"inLanguage\":\"en-US\"},{\"@type\":\"WebPage\",\"@id\":\"https:\\\/\\\/wordpress2.hdnweb.com\\\/en\\\/2020\\\/05\\\/20\\\/la-fundacion-merck-anuncia-la-llegada-de-los-premios-stay-at-home-media-recognition-a-los-paises-de-america-latina-3\\\/\",\"url\":\"https:\\\/\\\/wordpress2.hdnweb.com\\\/en\\\/2020\\\/05\\\/20\\\/la-fundacion-merck-anuncia-la-llegada-de-los-premios-stay-at-home-media-recognition-a-los-paises-de-america-latina-3\\\/\",\"name\":\"La Fundaci\u00f3n Merck anuncia la llegada de los Premios \\\"Stay at Home\\\" Media Recognition a los pa\u00edses de Am\u00e9rica Latina - Multisitio 2\",\"isPartOf\":{\"@id\":\"https:\\\/\\\/wordpress2.hdnweb.com\\\/en\\\/#website\"},\"primaryImageOfPage\":{\"@id\":\"https:\\\/\\\/wordpress2.hdnweb.com\\\/en\\\/2020\\\/05\\\/20\\\/la-fundacion-merck-anuncia-la-llegada-de-los-premios-stay-at-home-media-recognition-a-los-paises-de-america-latina-3\\\/#primaryimage\"},\"image\":{\"@id\":\"https:\\\/\\\/wordpress2.hdnweb.com\\\/2020\\\/05\\\/20\\\/la-fundacion-merck-anuncia-la-llegada-de-los-premios-stay-at-home-media-recognition-a-los-paises-de-america-latina-3\\\/#primaryimage\"},\"thumbnailUrl\":\"https:\\\/\\\/wordpress2.hdnweb.com\\\/wp-content\\\/uploads\\\/2020\\\/02\\\/4245_1_63675.jpg\",\"datePublished\":\"2020-05-20T00:15:00+00:00\",\"author\":{\"@id\":\"https:\\\/\\\/wordpress2.hdnweb.com\\\/#\\\/schema\\\/person\\\/c112e8e970f2cfc8553cdb5392b493ad\"},\"breadcrumb\":{\"@id\":\"https:\\\/\\\/wordpress2.hdnweb.com\\\/en\\\/2020\\\/05\\\/20\\\/la-fundacion-merck-anuncia-la-llegada-de-los-premios-stay-at-home-media-recognition-a-los-paises-de-america-latina-3\\\/#breadcrumb\"},\"inLanguage\":\"en-US\",\"potentialAction\":[{\"@type\":\"ReadAction\",\"target\":[[\"https:\\\/\\\/wordpress2.hdnweb.com\\\/en\\\/2020\\\/05\\\/20\\\/la-fundacion-merck-anuncia-la-llegada-de-los-premios-stay-at-home-media-recognition-a-los-paises-de-america-latina-3\\\/\"]]}]},{\"@type\":\"ImageObject\",\"inLanguage\":\"en-US\",\"@id\":\"https:\\\/\\\/wordpress2.hdnweb.com\\\/en\\\/2020\\\/05\\\/20\\\/la-fundacion-merck-anuncia-la-llegada-de-los-premios-stay-at-home-media-recognition-a-los-paises-de-america-latina-3\\\/#primaryimage\",\"url\":\"https:\\\/\\\/wordpress2.hdnweb.com\\\/wp-content\\\/uploads\\\/2020\\\/02\\\/4245_1_63675.jpg\",\"contentUrl\":\"https:\\\/\\\/wordpress2.hdnweb.com\\\/wp-content\\\/uploads\\\/2020\\\/02\\\/4245_1_63675.jpg\",\"width\":2000,\"height\":1333,\"caption\":\"Merck_Foundation_awards\"},{\"@type\":\"BreadcrumbList\",\"@id\":\"https:\\\/\\\/wordpress2.hdnweb.com\\\/en\\\/2020\\\/05\\\/20\\\/la-fundacion-merck-anuncia-la-llegada-de-los-premios-stay-at-home-media-recognition-a-los-paises-de-america-latina-3\\\/#breadcrumb\",\"itemListElement\":[{\"@type\":\"ListItem\",\"position\":1,\"name\":\"Portada\",\"item\":\"https:\\\/\\\/wordpress2.hdnweb.com\\\/en\\\/\"},{\"@type\":\"ListItem\",\"position\":2,\"name\":\"La Fundaci\u00f3n Merck anuncia la llegada de los Premios \u00abStay at Home\u00bb Media Recognition a los pa\u00edses de Am\u00e9rica Latina\"}]},{\"@type\":\"WebSite\",\"@id\":\"https:\\\/\\\/wordpress2.hdnweb.com\\\/en\\\/#website\",\"url\":\"https:\\\/\\\/wordpress2.hdnweb.com\\\/en\\\/\",\"name\":\"Multisitio 2\",\"description\":\"\",\"potentialAction\":[{\"@type\":\"SearchAction\",\"target\":{\"@type\":\"EntryPoint\",\"urlTemplate\":\"https:\\\/\\\/wordpress2.hdnweb.com\\\/en\\\/?s={search_term_string}\"},\"query-input\":{\"@type\":\"PropertyValueSpecification\",\"valueRequired\":true,\"valueName\":\"search_term_string\"}}],\"inLanguage\":\"en-US\"},{\"@type\":\"Person\",\"@id\":\"https:\\\/\\\/wordpress2.hdnweb.com\\\/#\\\/schema\\\/person\\\/c112e8e970f2cfc8553cdb5392b493ad\",\"name\":\"venred\",\"image\":{\"@type\":\"ImageObject\",\"inLanguage\":\"en-US\",\"@id\":\"https:\\\/\\\/secure.gravatar.com\\\/avatar\\\/2b023a883433f83ad0a3036a7ba60d3133c4e0619f3bca6230ba8c7521b6dec8?s=96&d=mm&r=g\",\"url\":\"https:\\\/\\\/secure.gravatar.com\\\/avatar\\\/2b023a883433f83ad0a3036a7ba60d3133c4e0619f3bca6230ba8c7521b6dec8?s=96&d=mm&r=g\",\"contentUrl\":\"https:\\\/\\\/secure.gravatar.com\\\/avatar\\\/2b023a883433f83ad0a3036a7ba60d3133c4e0619f3bca6230ba8c7521b6dec8?s=96&d=mm&r=g\",\"caption\":\"venred\"},\"url\":\"https:\\\/\\\/wordpress2.hdnweb.com\\\/en\\\/author\\\/venred\\\/\"}]}<\/script>\n<!-- \/ Yoast SEO plugin. -->","yoast_head_json":{"title":"La Fundaci\u00f3n Merck anuncia la llegada de los Premios \"Stay at Home\" Media Recognition a los pa\u00edses de Am\u00e9rica Latina - Multisitio 2","robots":{"index":"index","follow":"follow","max-snippet":"max-snippet:-1","max-image-preview":"max-image-preview:large","max-video-preview":"max-video-preview:-1"},"canonical":"https:\/\/wordpress2.hdnweb.com\/en\/2020\/05\/20\/la-fundacion-merck-anuncia-la-llegada-de-los-premios-stay-at-home-media-recognition-a-los-paises-de-america-latina-3\/","og_locale":"en_US","og_type":"article","og_title":"La Fundaci\u00f3n Merck anuncia la llegada de los Premios \"Stay at Home\" Media Recognition a los pa\u00edses de Am\u00e9rica Latina - Multisitio 2","og_description":"SAN JOS\u00c9, Costa Rica, 20 de mayo de 2020 \/PRNewswire\/ -- La Fundaci\u00f3n Merck (www.merck-foundation.com), el brazo filantr\u00f3pico de Merck KGaA Germany anuncia el llamado a postulaci\u00f3n para los Premios \"Stay at Home\" Media Recognition (Reconocimiento a los medios de comunicaci\u00f3n por su labor en la difusi\u00f3n del \"Permanece en casa\") que reconocen la labor de los periodistas en los medios de comunicaci\u00f3n de Am\u00e9rica Latina. El tema...","og_url":"https:\/\/wordpress2.hdnweb.com\/en\/2020\/05\/20\/la-fundacion-merck-anuncia-la-llegada-de-los-premios-stay-at-home-media-recognition-a-los-paises-de-america-latina-3\/","og_site_name":"Multisitio 2","article_published_time":"2020-05-20T00:15:00+00:00","og_image":[{"width":2000,"height":1333,"url":"https:\/\/wordpress2.hdnweb.com\/wp-content\/uploads\/2020\/02\/4245_1_63675.jpg","type":"image\/jpeg"}],"author":"venred","twitter_card":"summary_large_image","twitter_misc":{"Written by":"venred","Est. reading time":"3 minutes"},"schema":{"@context":"https:\/\/schema.org","@graph":[{"@type":"Article","@id":"https:\/\/wordpress2.hdnweb.com\/2020\/05\/20\/la-fundacion-merck-anuncia-la-llegada-de-los-premios-stay-at-home-media-recognition-a-los-paises-de-america-latina-3\/#article","isPartOf":{"@id":"https:\/\/wordpress2.hdnweb.com\/2020\/05\/20\/la-fundacion-merck-anuncia-la-llegada-de-los-premios-stay-at-home-media-recognition-a-los-paises-de-america-latina-3\/"},"author":{"name":"venred","@id":"https:\/\/wordpress2.hdnweb.com\/#\/schema\/person\/c112e8e970f2cfc8553cdb5392b493ad"},"headline":"(Espa\u00f1ol) La Fundaci\u00f3n Merck anuncia la llegada de los Premios &#8220;Stay at Home&#8221; Media Recognition a los pa\u00edses de Am\u00e9rica Latina","datePublished":"2020-05-20T00:15:00+00:00","mainEntityOfPage":{"@id":"https:\/\/wordpress2.hdnweb.com\/2020\/05\/20\/la-fundacion-merck-anuncia-la-llegada-de-los-premios-stay-at-home-media-recognition-a-los-paises-de-america-latina-3\/"},"wordCount":590,"commentCount":0,"image":{"@id":"https:\/\/wordpress2.hdnweb.com\/2020\/05\/20\/la-fundacion-merck-anuncia-la-llegada-de-los-premios-stay-at-home-media-recognition-a-los-paises-de-america-latina-3\/#primaryimage"},"thumbnailUrl":"https:\/\/wordpress2.hdnweb.com\/wp-content\/uploads\/2020\/02\/4245_1_63675.jpg","articleSection":["Fusion4media"],"inLanguage":"en-US"},{"@type":"WebPage","@id":"https:\/\/wordpress2.hdnweb.com\/en\/2020\/05\/20\/la-fundacion-merck-anuncia-la-llegada-de-los-premios-stay-at-home-media-recognition-a-los-paises-de-america-latina-3\/","url":"https:\/\/wordpress2.hdnweb.com\/en\/2020\/05\/20\/la-fundacion-merck-anuncia-la-llegada-de-los-premios-stay-at-home-media-recognition-a-los-paises-de-america-latina-3\/","name":"La Fundaci\u00f3n Merck anuncia la llegada de los Premios \"Stay at Home\" Media Recognition a los pa\u00edses de Am\u00e9rica Latina - Multisitio 2","isPartOf":{"@id":"https:\/\/wordpress2.hdnweb.com\/en\/#website"},"primaryImageOfPage":{"@id":"https:\/\/wordpress2.hdnweb.com\/en\/2020\/05\/20\/la-fundacion-merck-anuncia-la-llegada-de-los-premios-stay-at-home-media-recognition-a-los-paises-de-america-latina-3\/#primaryimage"},"image":{"@id":"https:\/\/wordpress2.hdnweb.com\/2020\/05\/20\/la-fundacion-merck-anuncia-la-llegada-de-los-premios-stay-at-home-media-recognition-a-los-paises-de-america-latina-3\/#primaryimage"},"thumbnailUrl":"https:\/\/wordpress2.hdnweb.com\/wp-content\/uploads\/2020\/02\/4245_1_63675.jpg","datePublished":"2020-05-20T00:15:00+00:00","author":{"@id":"https:\/\/wordpress2.hdnweb.com\/#\/schema\/person\/c112e8e970f2cfc8553cdb5392b493ad"},"breadcrumb":{"@id":"https:\/\/wordpress2.hdnweb.com\/en\/2020\/05\/20\/la-fundacion-merck-anuncia-la-llegada-de-los-premios-stay-at-home-media-recognition-a-los-paises-de-america-latina-3\/#breadcrumb"},"inLanguage":"en-US","potentialAction":[{"@type":"ReadAction","target":[["https:\/\/wordpress2.hdnweb.com\/en\/2020\/05\/20\/la-fundacion-merck-anuncia-la-llegada-de-los-premios-stay-at-home-media-recognition-a-los-paises-de-america-latina-3\/"]]}]},{"@type":"ImageObject","inLanguage":"en-US","@id":"https:\/\/wordpress2.hdnweb.com\/en\/2020\/05\/20\/la-fundacion-merck-anuncia-la-llegada-de-los-premios-stay-at-home-media-recognition-a-los-paises-de-america-latina-3\/#primaryimage","url":"https:\/\/wordpress2.hdnweb.com\/wp-content\/uploads\/2020\/02\/4245_1_63675.jpg","contentUrl":"https:\/\/wordpress2.hdnweb.com\/wp-content\/uploads\/2020\/02\/4245_1_63675.jpg","width":2000,"height":1333,"caption":"Merck_Foundation_awards"},{"@type":"BreadcrumbList","@id":"https:\/\/wordpress2.hdnweb.com\/en\/2020\/05\/20\/la-fundacion-merck-anuncia-la-llegada-de-los-premios-stay-at-home-media-recognition-a-los-paises-de-america-latina-3\/#breadcrumb","itemListElement":[{"@type":"ListItem","position":1,"name":"Portada","item":"https:\/\/wordpress2.hdnweb.com\/en\/"},{"@type":"ListItem","position":2,"name":"La Fundaci\u00f3n Merck anuncia la llegada de los Premios \u00abStay at Home\u00bb Media Recognition a los pa\u00edses de Am\u00e9rica Latina"}]},{"@type":"WebSite","@id":"https:\/\/wordpress2.hdnweb.com\/en\/#website","url":"https:\/\/wordpress2.hdnweb.com\/en\/","name":"Multisitio 2","description":"","potentialAction":[{"@type":"SearchAction","target":{"@type":"EntryPoint","urlTemplate":"https:\/\/wordpress2.hdnweb.com\/en\/?s={search_term_string}"},"query-input":{"@type":"PropertyValueSpecification","valueRequired":true,"valueName":"search_term_string"}}],"inLanguage":"en-US"},{"@type":"Person","@id":"https:\/\/wordpress2.hdnweb.com\/#\/schema\/person\/c112e8e970f2cfc8553cdb5392b493ad","name":"venred","image":{"@type":"ImageObject","inLanguage":"en-US","@id":"https:\/\/secure.gravatar.com\/avatar\/2b023a883433f83ad0a3036a7ba60d3133c4e0619f3bca6230ba8c7521b6dec8?s=96&d=mm&r=g","url":"https:\/\/secure.gravatar.com\/avatar\/2b023a883433f83ad0a3036a7ba60d3133c4e0619f3bca6230ba8c7521b6dec8?s=96&d=mm&r=g","contentUrl":"https:\/\/secure.gravatar.com\/avatar\/2b023a883433f83ad0a3036a7ba60d3133c4e0619f3bca6230ba8c7521b6dec8?s=96&d=mm&r=g","caption":"venred"},"url":"https:\/\/wordpress2.hdnweb.com\/en\/author\/venred\/"}]}},"_links":{"self":[{"href":"https:\/\/wordpress2.hdnweb.com\/en\/wp-json\/wp\/v2\/posts\/4245","targetHints":{"allow":["GET"]}}],"collection":[{"href":"https:\/\/wordpress2.hdnweb.com\/en\/wp-json\/wp\/v2\/posts"}],"about":[{"href":"https:\/\/wordpress2.hdnweb.com\/en\/wp-json\/wp\/v2\/types\/post"}],"author":[{"embeddable":true,"href":"https:\/\/wordpress2.hdnweb.com\/en\/wp-json\/wp\/v2\/users\/1"}],"replies":[{"embeddable":true,"href":"https:\/\/wordpress2.hdnweb.com\/en\/wp-json\/wp\/v2\/comments?post=4245"}],"version-history":[{"count":0,"href":"https:\/\/wordpress2.hdnweb.com\/en\/wp-json\/wp\/v2\/posts\/4245\/revisions"}],"wp:featuredmedia":[{"embeddable":true,"href":"https:\/\/wordpress2.hdnweb.com\/en\/wp-json\/wp\/v2\/media\/4246"}],"wp:attachment":[{"href":"https:\/\/wordpress2.hdnweb.com\/en\/wp-json\/wp\/v2\/media?parent=4245"}],"wp:term":[{"taxonomy":"category","embeddable":true,"href":"https:\/\/wordpress2.hdnweb.com\/en\/wp-json\/wp\/v2\/categories?post=4245"},{"taxonomy":"post_tag","embeddable":true,"href":"https:\/\/wordpress2.hdnweb.com\/en\/wp-json\/wp\/v2\/tags?post=4245"}],"curies":[{"name":"wp","href":"https:\/\/api.w.org\/{rel}","templated":true}]}}