{"id":4284,"date":"2020-05-20T10:26:00","date_gmt":"2020-05-20T10:26:00","guid":{"rendered":"http:\/\/wordpress2.hdnweb.com\/2020\/05\/20\/los-minoristas-confian-en-el-control-de-fiebre-de-dermalog\/"},"modified":"2020-05-20T10:26:00","modified_gmt":"2020-05-20T10:26:00","slug":"los-minoristas-confian-en-el-control-de-fiebre-de-dermalog","status":"publish","type":"post","link":"https:\/\/wordpress2.hdnweb.com\/en\/2020\/05\/20\/los-minoristas-confian-en-el-control-de-fiebre-de-dermalog\/","title":{"rendered":"(Espa\u00f1ol) Los minoristas conf\u00edan en el control de fiebre de DERMALOG"},"content":{"rendered":"<p class=\"qtranxs-available-languages-message qtranxs-available-languages-message-en\">Sorry, this entry is only available in <a href=\"https:\/\/wordpress2.hdnweb.com\/es\/wp-json\/wp\/v2\/posts\/4284\" class=\"qtranxs-available-language-link qtranxs-available-language-link-es\" title=\"Espa\u00f1ol\">Espa\u00f1ol<\/a>.<\/p>","protected":false},"excerpt":{"rendered":"<p class=\"qtranxs-available-languages-message qtranxs-available-languages-message-en\">Sorry, this entry is only available in <a href=\"https:\/\/wordpress2.hdnweb.com\/es\/wp-json\/wp\/v2\/posts\/4284\" class=\"qtranxs-available-language-link qtranxs-available-language-link-es\" title=\"Espa\u00f1ol\">Espa\u00f1ol<\/a>.<\/p>\n","protected":false},"author":1,"featured_media":0,"comment_status":"open","ping_status":"open","sticky":false,"template":"","format":"standard","meta":{"_acf_changed":false,"_monsterinsights_skip_tracking":false,"_monsterinsights_sitenote_active":false,"_monsterinsights_sitenote_note":"","_monsterinsights_sitenote_category":0,"footnotes":""},"categories":[13],"tags":[],"class_list":["post-4284","post","type-post","status-publish","format-standard","hentry","category-orian-brito"],"acf":[],"yoast_head":"<!-- This site is optimized with the Yoast SEO plugin v27.5 - https:\/\/yoast.com\/product\/yoast-seo-wordpress\/ -->\n<title>Los minoristas conf\u00edan en el control de fiebre de DERMALOG - Multisitio 2<\/title>\n<meta name=\"robots\" content=\"index, follow, max-snippet:-1, max-image-preview:large, max-video-preview:-1\" \/>\n<link rel=\"canonical\" href=\"https:\/\/wordpress2.hdnweb.com\/en\/2020\/05\/20\/los-minoristas-confian-en-el-control-de-fiebre-de-dermalog\/\" \/>\n<meta property=\"og:locale\" content=\"en_US\" \/>\n<meta property=\"og:type\" content=\"article\" \/>\n<meta property=\"og:title\" content=\"Los minoristas conf\u00edan en el control de fiebre de DERMALOG - Multisitio 2\" \/>\n<meta property=\"og:description\" content=\"HANDEWITT y HAMBURGO, Alemania, 20 de mayo de 2020 \/PRNewswire\/ -- Con su c\u00e1mara de detecci\u00f3n de fiebre, DERMALOG ha desarrollado una soluci\u00f3n que mide la temperatura corporal de un modo r\u00e1pido y seguro al caminar y puede reducir significativamente el riesgo de que una infecci\u00f3n se propague por muchas \u00e1reas. El Scandinavian Park de Handewitt tambi\u00e9n utiliza el sistema de la compa\u00f1\u00eda como parte de su concepto de higiene. A la entrada del mercado del centro comercial, todos los clientes pueden hacerse el control de fiebre sin contacto de DERMALOG....\" \/>\n<meta property=\"og:url\" content=\"https:\/\/wordpress2.hdnweb.com\/en\/2020\/05\/20\/los-minoristas-confian-en-el-control-de-fiebre-de-dermalog\/\" \/>\n<meta property=\"og:site_name\" content=\"Multisitio 2\" \/>\n<meta property=\"article:published_time\" content=\"2020-05-20T10:26:00+00:00\" \/>\n<meta property=\"og:image\" content=\"https:\/\/rt.prnewswire.com\/rt.gif?NewsItemId=ES12994&amp;Transmission_Id=202005201026PR_NEWS_LATAM____ES12994&amp;DateId=20200520\" \/>\n<meta name=\"author\" content=\"venred\" \/>\n<meta name=\"twitter:card\" content=\"summary_large_image\" \/>\n<meta name=\"twitter:label1\" content=\"Written by\" \/>\n\t<meta name=\"twitter:data1\" content=\"venred\" \/>\n\t<meta name=\"twitter:label2\" content=\"Est. reading time\" \/>\n\t<meta name=\"twitter:data2\" content=\"3 minutes\" \/>\n<script type=\"application\/ld+json\" class=\"yoast-schema-graph\">{\"@context\":\"https:\\\/\\\/schema.org\",\"@graph\":[{\"@type\":\"Article\",\"@id\":\"https:\\\/\\\/wordpress2.hdnweb.com\\\/2020\\\/05\\\/20\\\/los-minoristas-confian-en-el-control-de-fiebre-de-dermalog\\\/#article\",\"isPartOf\":{\"@id\":\"https:\\\/\\\/wordpress2.hdnweb.com\\\/2020\\\/05\\\/20\\\/los-minoristas-confian-en-el-control-de-fiebre-de-dermalog\\\/\"},\"author\":{\"name\":\"venred\",\"@id\":\"https:\\\/\\\/wordpress2.hdnweb.com\\\/#\\\/schema\\\/person\\\/c112e8e970f2cfc8553cdb5392b493ad\"},\"headline\":\"(Espa\u00f1ol) Los minoristas conf\u00edan en el control de fiebre de DERMALOG\",\"datePublished\":\"2020-05-20T10:26:00+00:00\",\"mainEntityOfPage\":{\"@id\":\"https:\\\/\\\/wordpress2.hdnweb.com\\\/2020\\\/05\\\/20\\\/los-minoristas-confian-en-el-control-de-fiebre-de-dermalog\\\/\"},\"wordCount\":518,\"commentCount\":0,\"image\":{\"@id\":\"https:\\\/\\\/wordpress2.hdnweb.com\\\/2020\\\/05\\\/20\\\/los-minoristas-confian-en-el-control-de-fiebre-de-dermalog\\\/#primaryimage\"},\"thumbnailUrl\":\"https:\\\/\\\/rt.prnewswire.com\\\/rt.gif?NewsItemId=ES12994&amp;Transmission_Id=202005201026PR_NEWS_LATAM____ES12994&amp;DateId=20200520\",\"articleSection\":[\"Orian Brito\"],\"inLanguage\":\"en-US\"},{\"@type\":\"WebPage\",\"@id\":\"https:\\\/\\\/wordpress2.hdnweb.com\\\/en\\\/2020\\\/05\\\/20\\\/los-minoristas-confian-en-el-control-de-fiebre-de-dermalog\\\/\",\"url\":\"https:\\\/\\\/wordpress2.hdnweb.com\\\/en\\\/2020\\\/05\\\/20\\\/los-minoristas-confian-en-el-control-de-fiebre-de-dermalog\\\/\",\"name\":\"Los minoristas conf\u00edan en el control de fiebre de DERMALOG - Multisitio 2\",\"isPartOf\":{\"@id\":\"https:\\\/\\\/wordpress2.hdnweb.com\\\/en\\\/#website\"},\"primaryImageOfPage\":{\"@id\":\"https:\\\/\\\/wordpress2.hdnweb.com\\\/en\\\/2020\\\/05\\\/20\\\/los-minoristas-confian-en-el-control-de-fiebre-de-dermalog\\\/#primaryimage\"},\"image\":{\"@id\":\"https:\\\/\\\/wordpress2.hdnweb.com\\\/2020\\\/05\\\/20\\\/los-minoristas-confian-en-el-control-de-fiebre-de-dermalog\\\/#primaryimage\"},\"thumbnailUrl\":\"https:\\\/\\\/rt.prnewswire.com\\\/rt.gif?NewsItemId=ES12994&amp;Transmission_Id=202005201026PR_NEWS_LATAM____ES12994&amp;DateId=20200520\",\"datePublished\":\"2020-05-20T10:26:00+00:00\",\"author\":{\"@id\":\"https:\\\/\\\/wordpress2.hdnweb.com\\\/#\\\/schema\\\/person\\\/c112e8e970f2cfc8553cdb5392b493ad\"},\"breadcrumb\":{\"@id\":\"https:\\\/\\\/wordpress2.hdnweb.com\\\/en\\\/2020\\\/05\\\/20\\\/los-minoristas-confian-en-el-control-de-fiebre-de-dermalog\\\/#breadcrumb\"},\"inLanguage\":\"en-US\",\"potentialAction\":[{\"@type\":\"ReadAction\",\"target\":[[\"https:\\\/\\\/wordpress2.hdnweb.com\\\/en\\\/2020\\\/05\\\/20\\\/los-minoristas-confian-en-el-control-de-fiebre-de-dermalog\\\/\"]]}]},{\"@type\":\"ImageObject\",\"inLanguage\":\"en-US\",\"@id\":\"https:\\\/\\\/wordpress2.hdnweb.com\\\/en\\\/2020\\\/05\\\/20\\\/los-minoristas-confian-en-el-control-de-fiebre-de-dermalog\\\/#primaryimage\",\"url\":\"https:\\\/\\\/rt.prnewswire.com\\\/rt.gif?NewsItemId=ES12994&amp;Transmission_Id=202005201026PR_NEWS_LATAM____ES12994&amp;DateId=20200520\",\"contentUrl\":\"https:\\\/\\\/rt.prnewswire.com\\\/rt.gif?NewsItemId=ES12994&amp;Transmission_Id=202005201026PR_NEWS_LATAM____ES12994&amp;DateId=20200520\"},{\"@type\":\"BreadcrumbList\",\"@id\":\"https:\\\/\\\/wordpress2.hdnweb.com\\\/en\\\/2020\\\/05\\\/20\\\/los-minoristas-confian-en-el-control-de-fiebre-de-dermalog\\\/#breadcrumb\",\"itemListElement\":[{\"@type\":\"ListItem\",\"position\":1,\"name\":\"Portada\",\"item\":\"https:\\\/\\\/wordpress2.hdnweb.com\\\/en\\\/\"},{\"@type\":\"ListItem\",\"position\":2,\"name\":\"Los minoristas conf\u00edan en el control de fiebre de DERMALOG\"}]},{\"@type\":\"WebSite\",\"@id\":\"https:\\\/\\\/wordpress2.hdnweb.com\\\/en\\\/#website\",\"url\":\"https:\\\/\\\/wordpress2.hdnweb.com\\\/en\\\/\",\"name\":\"Multisitio 2\",\"description\":\"\",\"potentialAction\":[{\"@type\":\"SearchAction\",\"target\":{\"@type\":\"EntryPoint\",\"urlTemplate\":\"https:\\\/\\\/wordpress2.hdnweb.com\\\/en\\\/?s={search_term_string}\"},\"query-input\":{\"@type\":\"PropertyValueSpecification\",\"valueRequired\":true,\"valueName\":\"search_term_string\"}}],\"inLanguage\":\"en-US\"},{\"@type\":\"Person\",\"@id\":\"https:\\\/\\\/wordpress2.hdnweb.com\\\/#\\\/schema\\\/person\\\/c112e8e970f2cfc8553cdb5392b493ad\",\"name\":\"venred\",\"image\":{\"@type\":\"ImageObject\",\"inLanguage\":\"en-US\",\"@id\":\"https:\\\/\\\/secure.gravatar.com\\\/avatar\\\/2b023a883433f83ad0a3036a7ba60d3133c4e0619f3bca6230ba8c7521b6dec8?s=96&d=mm&r=g\",\"url\":\"https:\\\/\\\/secure.gravatar.com\\\/avatar\\\/2b023a883433f83ad0a3036a7ba60d3133c4e0619f3bca6230ba8c7521b6dec8?s=96&d=mm&r=g\",\"contentUrl\":\"https:\\\/\\\/secure.gravatar.com\\\/avatar\\\/2b023a883433f83ad0a3036a7ba60d3133c4e0619f3bca6230ba8c7521b6dec8?s=96&d=mm&r=g\",\"caption\":\"venred\"},\"url\":\"https:\\\/\\\/wordpress2.hdnweb.com\\\/en\\\/author\\\/venred\\\/\"}]}<\/script>\n<!-- \/ Yoast SEO plugin. -->","yoast_head_json":{"title":"Los minoristas conf\u00edan en el control de fiebre de DERMALOG - Multisitio 2","robots":{"index":"index","follow":"follow","max-snippet":"max-snippet:-1","max-image-preview":"max-image-preview:large","max-video-preview":"max-video-preview:-1"},"canonical":"https:\/\/wordpress2.hdnweb.com\/en\/2020\/05\/20\/los-minoristas-confian-en-el-control-de-fiebre-de-dermalog\/","og_locale":"en_US","og_type":"article","og_title":"Los minoristas conf\u00edan en el control de fiebre de DERMALOG - Multisitio 2","og_description":"HANDEWITT y HAMBURGO, Alemania, 20 de mayo de 2020 \/PRNewswire\/ -- Con su c\u00e1mara de detecci\u00f3n de fiebre, DERMALOG ha desarrollado una soluci\u00f3n que mide la temperatura corporal de un modo r\u00e1pido y seguro al caminar y puede reducir significativamente el riesgo de que una infecci\u00f3n se propague por muchas \u00e1reas. El Scandinavian Park de Handewitt tambi\u00e9n utiliza el sistema de la compa\u00f1\u00eda como parte de su concepto de higiene. A la entrada del mercado del centro comercial, todos los clientes pueden hacerse el control de fiebre sin contacto de DERMALOG....","og_url":"https:\/\/wordpress2.hdnweb.com\/en\/2020\/05\/20\/los-minoristas-confian-en-el-control-de-fiebre-de-dermalog\/","og_site_name":"Multisitio 2","article_published_time":"2020-05-20T10:26:00+00:00","og_image":[{"url":"https:\/\/rt.prnewswire.com\/rt.gif?NewsItemId=ES12994&amp;Transmission_Id=202005201026PR_NEWS_LATAM____ES12994&amp;DateId=20200520","type":"","width":"","height":""}],"author":"venred","twitter_card":"summary_large_image","twitter_misc":{"Written by":"venred","Est. reading time":"3 minutes"},"schema":{"@context":"https:\/\/schema.org","@graph":[{"@type":"Article","@id":"https:\/\/wordpress2.hdnweb.com\/2020\/05\/20\/los-minoristas-confian-en-el-control-de-fiebre-de-dermalog\/#article","isPartOf":{"@id":"https:\/\/wordpress2.hdnweb.com\/2020\/05\/20\/los-minoristas-confian-en-el-control-de-fiebre-de-dermalog\/"},"author":{"name":"venred","@id":"https:\/\/wordpress2.hdnweb.com\/#\/schema\/person\/c112e8e970f2cfc8553cdb5392b493ad"},"headline":"(Espa\u00f1ol) Los minoristas conf\u00edan en el control de fiebre de DERMALOG","datePublished":"2020-05-20T10:26:00+00:00","mainEntityOfPage":{"@id":"https:\/\/wordpress2.hdnweb.com\/2020\/05\/20\/los-minoristas-confian-en-el-control-de-fiebre-de-dermalog\/"},"wordCount":518,"commentCount":0,"image":{"@id":"https:\/\/wordpress2.hdnweb.com\/2020\/05\/20\/los-minoristas-confian-en-el-control-de-fiebre-de-dermalog\/#primaryimage"},"thumbnailUrl":"https:\/\/rt.prnewswire.com\/rt.gif?NewsItemId=ES12994&amp;Transmission_Id=202005201026PR_NEWS_LATAM____ES12994&amp;DateId=20200520","articleSection":["Orian Brito"],"inLanguage":"en-US"},{"@type":"WebPage","@id":"https:\/\/wordpress2.hdnweb.com\/en\/2020\/05\/20\/los-minoristas-confian-en-el-control-de-fiebre-de-dermalog\/","url":"https:\/\/wordpress2.hdnweb.com\/en\/2020\/05\/20\/los-minoristas-confian-en-el-control-de-fiebre-de-dermalog\/","name":"Los minoristas conf\u00edan en el control de fiebre de DERMALOG - Multisitio 2","isPartOf":{"@id":"https:\/\/wordpress2.hdnweb.com\/en\/#website"},"primaryImageOfPage":{"@id":"https:\/\/wordpress2.hdnweb.com\/en\/2020\/05\/20\/los-minoristas-confian-en-el-control-de-fiebre-de-dermalog\/#primaryimage"},"image":{"@id":"https:\/\/wordpress2.hdnweb.com\/2020\/05\/20\/los-minoristas-confian-en-el-control-de-fiebre-de-dermalog\/#primaryimage"},"thumbnailUrl":"https:\/\/rt.prnewswire.com\/rt.gif?NewsItemId=ES12994&amp;Transmission_Id=202005201026PR_NEWS_LATAM____ES12994&amp;DateId=20200520","datePublished":"2020-05-20T10:26:00+00:00","author":{"@id":"https:\/\/wordpress2.hdnweb.com\/#\/schema\/person\/c112e8e970f2cfc8553cdb5392b493ad"},"breadcrumb":{"@id":"https:\/\/wordpress2.hdnweb.com\/en\/2020\/05\/20\/los-minoristas-confian-en-el-control-de-fiebre-de-dermalog\/#breadcrumb"},"inLanguage":"en-US","potentialAction":[{"@type":"ReadAction","target":[["https:\/\/wordpress2.hdnweb.com\/en\/2020\/05\/20\/los-minoristas-confian-en-el-control-de-fiebre-de-dermalog\/"]]}]},{"@type":"ImageObject","inLanguage":"en-US","@id":"https:\/\/wordpress2.hdnweb.com\/en\/2020\/05\/20\/los-minoristas-confian-en-el-control-de-fiebre-de-dermalog\/#primaryimage","url":"https:\/\/rt.prnewswire.com\/rt.gif?NewsItemId=ES12994&amp;Transmission_Id=202005201026PR_NEWS_LATAM____ES12994&amp;DateId=20200520","contentUrl":"https:\/\/rt.prnewswire.com\/rt.gif?NewsItemId=ES12994&amp;Transmission_Id=202005201026PR_NEWS_LATAM____ES12994&amp;DateId=20200520"},{"@type":"BreadcrumbList","@id":"https:\/\/wordpress2.hdnweb.com\/en\/2020\/05\/20\/los-minoristas-confian-en-el-control-de-fiebre-de-dermalog\/#breadcrumb","itemListElement":[{"@type":"ListItem","position":1,"name":"Portada","item":"https:\/\/wordpress2.hdnweb.com\/en\/"},{"@type":"ListItem","position":2,"name":"Los minoristas conf\u00edan en el control de fiebre de DERMALOG"}]},{"@type":"WebSite","@id":"https:\/\/wordpress2.hdnweb.com\/en\/#website","url":"https:\/\/wordpress2.hdnweb.com\/en\/","name":"Multisitio 2","description":"","potentialAction":[{"@type":"SearchAction","target":{"@type":"EntryPoint","urlTemplate":"https:\/\/wordpress2.hdnweb.com\/en\/?s={search_term_string}"},"query-input":{"@type":"PropertyValueSpecification","valueRequired":true,"valueName":"search_term_string"}}],"inLanguage":"en-US"},{"@type":"Person","@id":"https:\/\/wordpress2.hdnweb.com\/#\/schema\/person\/c112e8e970f2cfc8553cdb5392b493ad","name":"venred","image":{"@type":"ImageObject","inLanguage":"en-US","@id":"https:\/\/secure.gravatar.com\/avatar\/2b023a883433f83ad0a3036a7ba60d3133c4e0619f3bca6230ba8c7521b6dec8?s=96&d=mm&r=g","url":"https:\/\/secure.gravatar.com\/avatar\/2b023a883433f83ad0a3036a7ba60d3133c4e0619f3bca6230ba8c7521b6dec8?s=96&d=mm&r=g","contentUrl":"https:\/\/secure.gravatar.com\/avatar\/2b023a883433f83ad0a3036a7ba60d3133c4e0619f3bca6230ba8c7521b6dec8?s=96&d=mm&r=g","caption":"venred"},"url":"https:\/\/wordpress2.hdnweb.com\/en\/author\/venred\/"}]}},"_links":{"self":[{"href":"https:\/\/wordpress2.hdnweb.com\/en\/wp-json\/wp\/v2\/posts\/4284","targetHints":{"allow":["GET"]}}],"collection":[{"href":"https:\/\/wordpress2.hdnweb.com\/en\/wp-json\/wp\/v2\/posts"}],"about":[{"href":"https:\/\/wordpress2.hdnweb.com\/en\/wp-json\/wp\/v2\/types\/post"}],"author":[{"embeddable":true,"href":"https:\/\/wordpress2.hdnweb.com\/en\/wp-json\/wp\/v2\/users\/1"}],"replies":[{"embeddable":true,"href":"https:\/\/wordpress2.hdnweb.com\/en\/wp-json\/wp\/v2\/comments?post=4284"}],"version-history":[{"count":0,"href":"https:\/\/wordpress2.hdnweb.com\/en\/wp-json\/wp\/v2\/posts\/4284\/revisions"}],"wp:attachment":[{"href":"https:\/\/wordpress2.hdnweb.com\/en\/wp-json\/wp\/v2\/media?parent=4284"}],"wp:term":[{"taxonomy":"category","embeddable":true,"href":"https:\/\/wordpress2.hdnweb.com\/en\/wp-json\/wp\/v2\/categories?post=4284"},{"taxonomy":"post_tag","embeddable":true,"href":"https:\/\/wordpress2.hdnweb.com\/en\/wp-json\/wp\/v2\/tags?post=4284"}],"curies":[{"name":"wp","href":"https:\/\/api.w.org\/{rel}","templated":true}]}}