{"id":4319,"date":"2020-05-20T12:00:00","date_gmt":"2020-05-20T12:00:00","guid":{"rendered":"http:\/\/wordpress2.hdnweb.com\/2020\/05\/20\/jaime-camil-se-une-a-los-sobrevivientes-de-cancer-en-un-nuevo-psa-para-unidos-contra-el-cancer-para-fomentar-la-participacion-hispana-en-los-ensayos-clinicos-sobre-el-cancer-2\/"},"modified":"2020-05-20T12:00:00","modified_gmt":"2020-05-20T12:00:00","slug":"jaime-camil-se-une-a-los-sobrevivientes-de-cancer-en-un-nuevo-psa-para-unidos-contra-el-cancer-para-fomentar-la-participacion-hispana-en-los-ensayos-clinicos-sobre-el-cancer-2","status":"publish","type":"post","link":"https:\/\/wordpress2.hdnweb.com\/en\/2020\/05\/20\/jaime-camil-se-une-a-los-sobrevivientes-de-cancer-en-un-nuevo-psa-para-unidos-contra-el-cancer-para-fomentar-la-participacion-hispana-en-los-ensayos-clinicos-sobre-el-cancer-2\/","title":{"rendered":"(Espa\u00f1ol) Jaime Camil se une a los sobrevivientes de c\u00e1ncer en un nuevo PSA para Unidos Contra El C\u00e1ncer\u00ae para fomentar la participaci\u00f3n hispana en los ensayos cl\u00ednicos sobre el c\u00e1ncer"},"content":{"rendered":"<p class=\"qtranxs-available-languages-message qtranxs-available-languages-message-en\">Sorry, this entry is only available in <a href=\"https:\/\/wordpress2.hdnweb.com\/es\/wp-json\/wp\/v2\/posts\/4319\" class=\"qtranxs-available-language-link qtranxs-available-language-link-es\" title=\"Espa\u00f1ol\">Espa\u00f1ol<\/a>.<\/p>","protected":false},"excerpt":{"rendered":"<p class=\"qtranxs-available-languages-message qtranxs-available-languages-message-en\">Sorry, this entry is only available in <a href=\"https:\/\/wordpress2.hdnweb.com\/es\/wp-json\/wp\/v2\/posts\/4319\" class=\"qtranxs-available-language-link qtranxs-available-language-link-es\" title=\"Espa\u00f1ol\">Espa\u00f1ol<\/a>.<\/p>\n","protected":false},"author":1,"featured_media":4320,"comment_status":"open","ping_status":"open","sticky":false,"template":"","format":"standard","meta":{"_acf_changed":false,"_monsterinsights_skip_tracking":false,"_monsterinsights_sitenote_active":false,"_monsterinsights_sitenote_note":"","_monsterinsights_sitenote_category":0,"footnotes":""},"categories":[22],"tags":[],"class_list":["post-4319","post","type-post","status-publish","format-standard","has-post-thumbnail","hentry","category-chayan"],"acf":[],"yoast_head":"<!-- This site is optimized with the Yoast SEO plugin v27.5 - https:\/\/yoast.com\/product\/yoast-seo-wordpress\/ -->\n<title>Jaime Camil se une a los sobrevivientes de c\u00e1ncer en un nuevo PSA para Unidos Contra El C\u00e1ncer\u00ae para fomentar la participaci\u00f3n hispana en los ensayos cl\u00ednicos sobre el c\u00e1ncer - Multisitio 2<\/title>\n<meta name=\"robots\" content=\"index, follow, max-snippet:-1, max-image-preview:large, max-video-preview:-1\" \/>\n<link rel=\"canonical\" href=\"https:\/\/wordpress2.hdnweb.com\/en\/2020\/05\/20\/jaime-camil-se-une-a-los-sobrevivientes-de-cancer-en-un-nuevo-psa-para-unidos-contra-el-cancer-para-fomentar-la-participacion-hispana-en-los-ensayos-clinicos-sobre-el-cancer-2\/\" \/>\n<meta property=\"og:locale\" content=\"en_US\" \/>\n<meta property=\"og:type\" content=\"article\" \/>\n<meta property=\"og:title\" content=\"Jaime Camil se une a los sobrevivientes de c\u00e1ncer en un nuevo PSA para Unidos Contra El C\u00e1ncer\u00ae para fomentar la participaci\u00f3n hispana en los ensayos cl\u00ednicos sobre el c\u00e1ncer - Multisitio 2\" \/>\n<meta property=\"og:description\" content=\"LOS \u00c1NGELES, 20 de mayo de 2020 \/PRNewswire-HISPANIC PR WIRE\/ -- El actor y embajador de Unidos Contra El C\u00e1ncer Jaime Camil se une a los sobrevivientes de c\u00e1ncer en una nueva campa\u00f1a de anuncio de servicio p\u00fablico (PSA) para crear conciencia en la comunidad hispana sobre los ensayos cl\u00ednicos sobre el c\u00e1ncer. Los PSA para radio e impresi\u00f3n empezar\u00e1n a transmitirse y repartirse a partir del 20 de mayo, D\u00eda Internacional de los Ensayos Cl\u00ednicos. &lt;div id=&quot;prni_dvprnejpg8d19left&quot; style=&quot;WIDTH: 100%; TEXT-ALIGN:...\" \/>\n<meta property=\"og:url\" content=\"https:\/\/wordpress2.hdnweb.com\/en\/2020\/05\/20\/jaime-camil-se-une-a-los-sobrevivientes-de-cancer-en-un-nuevo-psa-para-unidos-contra-el-cancer-para-fomentar-la-participacion-hispana-en-los-ensayos-clinicos-sobre-el-cancer-2\/\" \/>\n<meta property=\"og:site_name\" content=\"Multisitio 2\" \/>\n<meta property=\"article:published_time\" content=\"2020-05-20T12:00:00+00:00\" \/>\n<meta property=\"og:image\" content=\"https:\/\/wordpress2.hdnweb.com\/wp-content\/uploads\/2020\/02\/4319_1_62899-scaled.jpg\" \/>\n\t<meta property=\"og:image:width\" content=\"1948\" \/>\n\t<meta property=\"og:image:height\" content=\"2560\" \/>\n\t<meta property=\"og:image:type\" content=\"image\/jpeg\" \/>\n<meta name=\"author\" content=\"venred\" \/>\n<meta name=\"twitter:card\" content=\"summary_large_image\" \/>\n<meta name=\"twitter:label1\" content=\"Written by\" \/>\n\t<meta name=\"twitter:data1\" content=\"venred\" \/>\n\t<meta name=\"twitter:label2\" content=\"Est. reading time\" \/>\n\t<meta name=\"twitter:data2\" content=\"6 minutes\" \/>\n<script type=\"application\/ld+json\" class=\"yoast-schema-graph\">{\"@context\":\"https:\\\/\\\/schema.org\",\"@graph\":[{\"@type\":\"Article\",\"@id\":\"https:\\\/\\\/wordpress2.hdnweb.com\\\/2020\\\/05\\\/20\\\/jaime-camil-se-une-a-los-sobrevivientes-de-cancer-en-un-nuevo-psa-para-unidos-contra-el-cancer-para-fomentar-la-participacion-hispana-en-los-ensayos-clinicos-sobre-el-cancer-2\\\/#article\",\"isPartOf\":{\"@id\":\"https:\\\/\\\/wordpress2.hdnweb.com\\\/2020\\\/05\\\/20\\\/jaime-camil-se-une-a-los-sobrevivientes-de-cancer-en-un-nuevo-psa-para-unidos-contra-el-cancer-para-fomentar-la-participacion-hispana-en-los-ensayos-clinicos-sobre-el-cancer-2\\\/\"},\"author\":{\"name\":\"venred\",\"@id\":\"https:\\\/\\\/wordpress2.hdnweb.com\\\/#\\\/schema\\\/person\\\/c112e8e970f2cfc8553cdb5392b493ad\"},\"headline\":\"(Espa\u00f1ol) Jaime Camil se une a los sobrevivientes de c\u00e1ncer en un nuevo PSA para Unidos Contra El C\u00e1ncer\u00ae para fomentar la participaci\u00f3n hispana en los ensayos cl\u00ednicos sobre el c\u00e1ncer\",\"datePublished\":\"2020-05-20T12:00:00+00:00\",\"mainEntityOfPage\":{\"@id\":\"https:\\\/\\\/wordpress2.hdnweb.com\\\/2020\\\/05\\\/20\\\/jaime-camil-se-une-a-los-sobrevivientes-de-cancer-en-un-nuevo-psa-para-unidos-contra-el-cancer-para-fomentar-la-participacion-hispana-en-los-ensayos-clinicos-sobre-el-cancer-2\\\/\"},\"wordCount\":1223,\"commentCount\":0,\"image\":{\"@id\":\"https:\\\/\\\/wordpress2.hdnweb.com\\\/2020\\\/05\\\/20\\\/jaime-camil-se-une-a-los-sobrevivientes-de-cancer-en-un-nuevo-psa-para-unidos-contra-el-cancer-para-fomentar-la-participacion-hispana-en-los-ensayos-clinicos-sobre-el-cancer-2\\\/#primaryimage\"},\"thumbnailUrl\":\"https:\\\/\\\/wordpress2.hdnweb.com\\\/wp-content\\\/uploads\\\/2020\\\/02\\\/4319_1_62899-scaled.jpg\",\"articleSection\":[\"Chayan\"],\"inLanguage\":\"en-US\"},{\"@type\":\"WebPage\",\"@id\":\"https:\\\/\\\/wordpress2.hdnweb.com\\\/en\\\/2020\\\/05\\\/20\\\/jaime-camil-se-une-a-los-sobrevivientes-de-cancer-en-un-nuevo-psa-para-unidos-contra-el-cancer-para-fomentar-la-participacion-hispana-en-los-ensayos-clinicos-sobre-el-cancer-2\\\/\",\"url\":\"https:\\\/\\\/wordpress2.hdnweb.com\\\/en\\\/2020\\\/05\\\/20\\\/jaime-camil-se-une-a-los-sobrevivientes-de-cancer-en-un-nuevo-psa-para-unidos-contra-el-cancer-para-fomentar-la-participacion-hispana-en-los-ensayos-clinicos-sobre-el-cancer-2\\\/\",\"name\":\"Jaime Camil se une a los sobrevivientes de c\u00e1ncer en un nuevo PSA para Unidos Contra El C\u00e1ncer\u00ae para fomentar la participaci\u00f3n hispana en los ensayos cl\u00ednicos sobre el c\u00e1ncer - Multisitio 2\",\"isPartOf\":{\"@id\":\"https:\\\/\\\/wordpress2.hdnweb.com\\\/en\\\/#website\"},\"primaryImageOfPage\":{\"@id\":\"https:\\\/\\\/wordpress2.hdnweb.com\\\/en\\\/2020\\\/05\\\/20\\\/jaime-camil-se-une-a-los-sobrevivientes-de-cancer-en-un-nuevo-psa-para-unidos-contra-el-cancer-para-fomentar-la-participacion-hispana-en-los-ensayos-clinicos-sobre-el-cancer-2\\\/#primaryimage\"},\"image\":{\"@id\":\"https:\\\/\\\/wordpress2.hdnweb.com\\\/2020\\\/05\\\/20\\\/jaime-camil-se-une-a-los-sobrevivientes-de-cancer-en-un-nuevo-psa-para-unidos-contra-el-cancer-para-fomentar-la-participacion-hispana-en-los-ensayos-clinicos-sobre-el-cancer-2\\\/#primaryimage\"},\"thumbnailUrl\":\"https:\\\/\\\/wordpress2.hdnweb.com\\\/wp-content\\\/uploads\\\/2020\\\/02\\\/4319_1_62899-scaled.jpg\",\"datePublished\":\"2020-05-20T12:00:00+00:00\",\"author\":{\"@id\":\"https:\\\/\\\/wordpress2.hdnweb.com\\\/#\\\/schema\\\/person\\\/c112e8e970f2cfc8553cdb5392b493ad\"},\"breadcrumb\":{\"@id\":\"https:\\\/\\\/wordpress2.hdnweb.com\\\/en\\\/2020\\\/05\\\/20\\\/jaime-camil-se-une-a-los-sobrevivientes-de-cancer-en-un-nuevo-psa-para-unidos-contra-el-cancer-para-fomentar-la-participacion-hispana-en-los-ensayos-clinicos-sobre-el-cancer-2\\\/#breadcrumb\"},\"inLanguage\":\"en-US\",\"potentialAction\":[{\"@type\":\"ReadAction\",\"target\":[[\"https:\\\/\\\/wordpress2.hdnweb.com\\\/en\\\/2020\\\/05\\\/20\\\/jaime-camil-se-une-a-los-sobrevivientes-de-cancer-en-un-nuevo-psa-para-unidos-contra-el-cancer-para-fomentar-la-participacion-hispana-en-los-ensayos-clinicos-sobre-el-cancer-2\\\/\"]]}]},{\"@type\":\"ImageObject\",\"inLanguage\":\"en-US\",\"@id\":\"https:\\\/\\\/wordpress2.hdnweb.com\\\/en\\\/2020\\\/05\\\/20\\\/jaime-camil-se-une-a-los-sobrevivientes-de-cancer-en-un-nuevo-psa-para-unidos-contra-el-cancer-para-fomentar-la-participacion-hispana-en-los-ensayos-clinicos-sobre-el-cancer-2\\\/#primaryimage\",\"url\":\"https:\\\/\\\/wordpress2.hdnweb.com\\\/wp-content\\\/uploads\\\/2020\\\/02\\\/4319_1_62899-scaled.jpg\",\"contentUrl\":\"https:\\\/\\\/wordpress2.hdnweb.com\\\/wp-content\\\/uploads\\\/2020\\\/02\\\/4319_1_62899-scaled.jpg\",\"width\":1948,\"height\":2560,\"caption\":\"Unidos_Contra_El_Cancer_Clinical_Trials_Spanish_Ad\"},{\"@type\":\"BreadcrumbList\",\"@id\":\"https:\\\/\\\/wordpress2.hdnweb.com\\\/en\\\/2020\\\/05\\\/20\\\/jaime-camil-se-une-a-los-sobrevivientes-de-cancer-en-un-nuevo-psa-para-unidos-contra-el-cancer-para-fomentar-la-participacion-hispana-en-los-ensayos-clinicos-sobre-el-cancer-2\\\/#breadcrumb\",\"itemListElement\":[{\"@type\":\"ListItem\",\"position\":1,\"name\":\"Portada\",\"item\":\"https:\\\/\\\/wordpress2.hdnweb.com\\\/en\\\/\"},{\"@type\":\"ListItem\",\"position\":2,\"name\":\"Jaime Camil se une a los sobrevivientes de c\u00e1ncer en un nuevo PSA para Unidos Contra El C\u00e1ncer\u00ae para fomentar la participaci\u00f3n hispana en los ensayos cl\u00ednicos sobre el c\u00e1ncer\"}]},{\"@type\":\"WebSite\",\"@id\":\"https:\\\/\\\/wordpress2.hdnweb.com\\\/en\\\/#website\",\"url\":\"https:\\\/\\\/wordpress2.hdnweb.com\\\/en\\\/\",\"name\":\"Multisitio 2\",\"description\":\"\",\"potentialAction\":[{\"@type\":\"SearchAction\",\"target\":{\"@type\":\"EntryPoint\",\"urlTemplate\":\"https:\\\/\\\/wordpress2.hdnweb.com\\\/en\\\/?s={search_term_string}\"},\"query-input\":{\"@type\":\"PropertyValueSpecification\",\"valueRequired\":true,\"valueName\":\"search_term_string\"}}],\"inLanguage\":\"en-US\"},{\"@type\":\"Person\",\"@id\":\"https:\\\/\\\/wordpress2.hdnweb.com\\\/#\\\/schema\\\/person\\\/c112e8e970f2cfc8553cdb5392b493ad\",\"name\":\"venred\",\"image\":{\"@type\":\"ImageObject\",\"inLanguage\":\"en-US\",\"@id\":\"https:\\\/\\\/secure.gravatar.com\\\/avatar\\\/2b023a883433f83ad0a3036a7ba60d3133c4e0619f3bca6230ba8c7521b6dec8?s=96&d=mm&r=g\",\"url\":\"https:\\\/\\\/secure.gravatar.com\\\/avatar\\\/2b023a883433f83ad0a3036a7ba60d3133c4e0619f3bca6230ba8c7521b6dec8?s=96&d=mm&r=g\",\"contentUrl\":\"https:\\\/\\\/secure.gravatar.com\\\/avatar\\\/2b023a883433f83ad0a3036a7ba60d3133c4e0619f3bca6230ba8c7521b6dec8?s=96&d=mm&r=g\",\"caption\":\"venred\"},\"url\":\"https:\\\/\\\/wordpress2.hdnweb.com\\\/en\\\/author\\\/venred\\\/\"}]}<\/script>\n<!-- \/ Yoast SEO plugin. -->","yoast_head_json":{"title":"Jaime Camil se une a los sobrevivientes de c\u00e1ncer en un nuevo PSA para Unidos Contra El C\u00e1ncer\u00ae para fomentar la participaci\u00f3n hispana en los ensayos cl\u00ednicos sobre el c\u00e1ncer - Multisitio 2","robots":{"index":"index","follow":"follow","max-snippet":"max-snippet:-1","max-image-preview":"max-image-preview:large","max-video-preview":"max-video-preview:-1"},"canonical":"https:\/\/wordpress2.hdnweb.com\/en\/2020\/05\/20\/jaime-camil-se-une-a-los-sobrevivientes-de-cancer-en-un-nuevo-psa-para-unidos-contra-el-cancer-para-fomentar-la-participacion-hispana-en-los-ensayos-clinicos-sobre-el-cancer-2\/","og_locale":"en_US","og_type":"article","og_title":"Jaime Camil se une a los sobrevivientes de c\u00e1ncer en un nuevo PSA para Unidos Contra El C\u00e1ncer\u00ae para fomentar la participaci\u00f3n hispana en los ensayos cl\u00ednicos sobre el c\u00e1ncer - Multisitio 2","og_description":"LOS \u00c1NGELES, 20 de mayo de 2020 \/PRNewswire-HISPANIC PR WIRE\/ -- El actor y embajador de Unidos Contra El C\u00e1ncer Jaime Camil se une a los sobrevivientes de c\u00e1ncer en una nueva campa\u00f1a de anuncio de servicio p\u00fablico (PSA) para crear conciencia en la comunidad hispana sobre los ensayos cl\u00ednicos sobre el c\u00e1ncer. Los PSA para radio e impresi\u00f3n empezar\u00e1n a transmitirse y repartirse a partir del 20 de mayo, D\u00eda Internacional de los Ensayos Cl\u00ednicos. &lt;div id=&quot;prni_dvprnejpg8d19left&quot; style=&quot;WIDTH: 100%; TEXT-ALIGN:...","og_url":"https:\/\/wordpress2.hdnweb.com\/en\/2020\/05\/20\/jaime-camil-se-une-a-los-sobrevivientes-de-cancer-en-un-nuevo-psa-para-unidos-contra-el-cancer-para-fomentar-la-participacion-hispana-en-los-ensayos-clinicos-sobre-el-cancer-2\/","og_site_name":"Multisitio 2","article_published_time":"2020-05-20T12:00:00+00:00","og_image":[{"width":1948,"height":2560,"url":"https:\/\/wordpress2.hdnweb.com\/wp-content\/uploads\/2020\/02\/4319_1_62899-scaled.jpg","type":"image\/jpeg"}],"author":"venred","twitter_card":"summary_large_image","twitter_misc":{"Written by":"venred","Est. reading time":"6 minutes"},"schema":{"@context":"https:\/\/schema.org","@graph":[{"@type":"Article","@id":"https:\/\/wordpress2.hdnweb.com\/2020\/05\/20\/jaime-camil-se-une-a-los-sobrevivientes-de-cancer-en-un-nuevo-psa-para-unidos-contra-el-cancer-para-fomentar-la-participacion-hispana-en-los-ensayos-clinicos-sobre-el-cancer-2\/#article","isPartOf":{"@id":"https:\/\/wordpress2.hdnweb.com\/2020\/05\/20\/jaime-camil-se-une-a-los-sobrevivientes-de-cancer-en-un-nuevo-psa-para-unidos-contra-el-cancer-para-fomentar-la-participacion-hispana-en-los-ensayos-clinicos-sobre-el-cancer-2\/"},"author":{"name":"venred","@id":"https:\/\/wordpress2.hdnweb.com\/#\/schema\/person\/c112e8e970f2cfc8553cdb5392b493ad"},"headline":"(Espa\u00f1ol) Jaime Camil se une a los sobrevivientes de c\u00e1ncer en un nuevo PSA para Unidos Contra El C\u00e1ncer\u00ae para fomentar la participaci\u00f3n hispana en los ensayos cl\u00ednicos sobre el c\u00e1ncer","datePublished":"2020-05-20T12:00:00+00:00","mainEntityOfPage":{"@id":"https:\/\/wordpress2.hdnweb.com\/2020\/05\/20\/jaime-camil-se-une-a-los-sobrevivientes-de-cancer-en-un-nuevo-psa-para-unidos-contra-el-cancer-para-fomentar-la-participacion-hispana-en-los-ensayos-clinicos-sobre-el-cancer-2\/"},"wordCount":1223,"commentCount":0,"image":{"@id":"https:\/\/wordpress2.hdnweb.com\/2020\/05\/20\/jaime-camil-se-une-a-los-sobrevivientes-de-cancer-en-un-nuevo-psa-para-unidos-contra-el-cancer-para-fomentar-la-participacion-hispana-en-los-ensayos-clinicos-sobre-el-cancer-2\/#primaryimage"},"thumbnailUrl":"https:\/\/wordpress2.hdnweb.com\/wp-content\/uploads\/2020\/02\/4319_1_62899-scaled.jpg","articleSection":["Chayan"],"inLanguage":"en-US"},{"@type":"WebPage","@id":"https:\/\/wordpress2.hdnweb.com\/en\/2020\/05\/20\/jaime-camil-se-une-a-los-sobrevivientes-de-cancer-en-un-nuevo-psa-para-unidos-contra-el-cancer-para-fomentar-la-participacion-hispana-en-los-ensayos-clinicos-sobre-el-cancer-2\/","url":"https:\/\/wordpress2.hdnweb.com\/en\/2020\/05\/20\/jaime-camil-se-une-a-los-sobrevivientes-de-cancer-en-un-nuevo-psa-para-unidos-contra-el-cancer-para-fomentar-la-participacion-hispana-en-los-ensayos-clinicos-sobre-el-cancer-2\/","name":"Jaime Camil se une a los sobrevivientes de c\u00e1ncer en un nuevo PSA para Unidos Contra El C\u00e1ncer\u00ae para fomentar la participaci\u00f3n hispana en los ensayos cl\u00ednicos sobre el c\u00e1ncer - Multisitio 2","isPartOf":{"@id":"https:\/\/wordpress2.hdnweb.com\/en\/#website"},"primaryImageOfPage":{"@id":"https:\/\/wordpress2.hdnweb.com\/en\/2020\/05\/20\/jaime-camil-se-une-a-los-sobrevivientes-de-cancer-en-un-nuevo-psa-para-unidos-contra-el-cancer-para-fomentar-la-participacion-hispana-en-los-ensayos-clinicos-sobre-el-cancer-2\/#primaryimage"},"image":{"@id":"https:\/\/wordpress2.hdnweb.com\/2020\/05\/20\/jaime-camil-se-une-a-los-sobrevivientes-de-cancer-en-un-nuevo-psa-para-unidos-contra-el-cancer-para-fomentar-la-participacion-hispana-en-los-ensayos-clinicos-sobre-el-cancer-2\/#primaryimage"},"thumbnailUrl":"https:\/\/wordpress2.hdnweb.com\/wp-content\/uploads\/2020\/02\/4319_1_62899-scaled.jpg","datePublished":"2020-05-20T12:00:00+00:00","author":{"@id":"https:\/\/wordpress2.hdnweb.com\/#\/schema\/person\/c112e8e970f2cfc8553cdb5392b493ad"},"breadcrumb":{"@id":"https:\/\/wordpress2.hdnweb.com\/en\/2020\/05\/20\/jaime-camil-se-une-a-los-sobrevivientes-de-cancer-en-un-nuevo-psa-para-unidos-contra-el-cancer-para-fomentar-la-participacion-hispana-en-los-ensayos-clinicos-sobre-el-cancer-2\/#breadcrumb"},"inLanguage":"en-US","potentialAction":[{"@type":"ReadAction","target":[["https:\/\/wordpress2.hdnweb.com\/en\/2020\/05\/20\/jaime-camil-se-une-a-los-sobrevivientes-de-cancer-en-un-nuevo-psa-para-unidos-contra-el-cancer-para-fomentar-la-participacion-hispana-en-los-ensayos-clinicos-sobre-el-cancer-2\/"]]}]},{"@type":"ImageObject","inLanguage":"en-US","@id":"https:\/\/wordpress2.hdnweb.com\/en\/2020\/05\/20\/jaime-camil-se-une-a-los-sobrevivientes-de-cancer-en-un-nuevo-psa-para-unidos-contra-el-cancer-para-fomentar-la-participacion-hispana-en-los-ensayos-clinicos-sobre-el-cancer-2\/#primaryimage","url":"https:\/\/wordpress2.hdnweb.com\/wp-content\/uploads\/2020\/02\/4319_1_62899-scaled.jpg","contentUrl":"https:\/\/wordpress2.hdnweb.com\/wp-content\/uploads\/2020\/02\/4319_1_62899-scaled.jpg","width":1948,"height":2560,"caption":"Unidos_Contra_El_Cancer_Clinical_Trials_Spanish_Ad"},{"@type":"BreadcrumbList","@id":"https:\/\/wordpress2.hdnweb.com\/en\/2020\/05\/20\/jaime-camil-se-une-a-los-sobrevivientes-de-cancer-en-un-nuevo-psa-para-unidos-contra-el-cancer-para-fomentar-la-participacion-hispana-en-los-ensayos-clinicos-sobre-el-cancer-2\/#breadcrumb","itemListElement":[{"@type":"ListItem","position":1,"name":"Portada","item":"https:\/\/wordpress2.hdnweb.com\/en\/"},{"@type":"ListItem","position":2,"name":"Jaime Camil se une a los sobrevivientes de c\u00e1ncer en un nuevo PSA para Unidos Contra El C\u00e1ncer\u00ae para fomentar la participaci\u00f3n hispana en los ensayos cl\u00ednicos sobre el c\u00e1ncer"}]},{"@type":"WebSite","@id":"https:\/\/wordpress2.hdnweb.com\/en\/#website","url":"https:\/\/wordpress2.hdnweb.com\/en\/","name":"Multisitio 2","description":"","potentialAction":[{"@type":"SearchAction","target":{"@type":"EntryPoint","urlTemplate":"https:\/\/wordpress2.hdnweb.com\/en\/?s={search_term_string}"},"query-input":{"@type":"PropertyValueSpecification","valueRequired":true,"valueName":"search_term_string"}}],"inLanguage":"en-US"},{"@type":"Person","@id":"https:\/\/wordpress2.hdnweb.com\/#\/schema\/person\/c112e8e970f2cfc8553cdb5392b493ad","name":"venred","image":{"@type":"ImageObject","inLanguage":"en-US","@id":"https:\/\/secure.gravatar.com\/avatar\/2b023a883433f83ad0a3036a7ba60d3133c4e0619f3bca6230ba8c7521b6dec8?s=96&d=mm&r=g","url":"https:\/\/secure.gravatar.com\/avatar\/2b023a883433f83ad0a3036a7ba60d3133c4e0619f3bca6230ba8c7521b6dec8?s=96&d=mm&r=g","contentUrl":"https:\/\/secure.gravatar.com\/avatar\/2b023a883433f83ad0a3036a7ba60d3133c4e0619f3bca6230ba8c7521b6dec8?s=96&d=mm&r=g","caption":"venred"},"url":"https:\/\/wordpress2.hdnweb.com\/en\/author\/venred\/"}]}},"_links":{"self":[{"href":"https:\/\/wordpress2.hdnweb.com\/en\/wp-json\/wp\/v2\/posts\/4319","targetHints":{"allow":["GET"]}}],"collection":[{"href":"https:\/\/wordpress2.hdnweb.com\/en\/wp-json\/wp\/v2\/posts"}],"about":[{"href":"https:\/\/wordpress2.hdnweb.com\/en\/wp-json\/wp\/v2\/types\/post"}],"author":[{"embeddable":true,"href":"https:\/\/wordpress2.hdnweb.com\/en\/wp-json\/wp\/v2\/users\/1"}],"replies":[{"embeddable":true,"href":"https:\/\/wordpress2.hdnweb.com\/en\/wp-json\/wp\/v2\/comments?post=4319"}],"version-history":[{"count":0,"href":"https:\/\/wordpress2.hdnweb.com\/en\/wp-json\/wp\/v2\/posts\/4319\/revisions"}],"wp:featuredmedia":[{"embeddable":true,"href":"https:\/\/wordpress2.hdnweb.com\/en\/wp-json\/wp\/v2\/media\/4320"}],"wp:attachment":[{"href":"https:\/\/wordpress2.hdnweb.com\/en\/wp-json\/wp\/v2\/media?parent=4319"}],"wp:term":[{"taxonomy":"category","embeddable":true,"href":"https:\/\/wordpress2.hdnweb.com\/en\/wp-json\/wp\/v2\/categories?post=4319"},{"taxonomy":"post_tag","embeddable":true,"href":"https:\/\/wordpress2.hdnweb.com\/en\/wp-json\/wp\/v2\/tags?post=4319"}],"curies":[{"name":"wp","href":"https:\/\/api.w.org\/{rel}","templated":true}]}}