{"id":43228,"date":"2021-02-08T09:57:00","date_gmt":"2021-02-08T09:57:00","guid":{"rendered":"https:\/\/wordpress2.hdnweb.com\/2021\/02\/08\/givenchy-viste-a-the-weeknd-para-el-55-super-bowl-halftime-show\/"},"modified":"2021-02-08T09:57:00","modified_gmt":"2021-02-08T09:57:00","slug":"givenchy-viste-a-the-weeknd-para-el-55-super-bowl-halftime-show","status":"publish","type":"post","link":"https:\/\/wordpress2.hdnweb.com\/en\/2021\/02\/08\/givenchy-viste-a-the-weeknd-para-el-55-super-bowl-halftime-show\/","title":{"rendered":"(Espa\u00f1ol) Givenchy viste a The Weeknd para el 55 Super Bowl Halftime Show"},"content":{"rendered":"<p class=\"qtranxs-available-languages-message qtranxs-available-languages-message-en\">Sorry, this entry is only available in <a href=\"https:\/\/wordpress2.hdnweb.com\/es\/wp-json\/wp\/v2\/posts\/43228\" class=\"qtranxs-available-language-link qtranxs-available-language-link-es\" title=\"Espa\u00f1ol\">Espa\u00f1ol<\/a>.<\/p>","protected":false},"excerpt":{"rendered":"<p class=\"qtranxs-available-languages-message qtranxs-available-languages-message-en\">Sorry, this entry is only available in <a href=\"https:\/\/wordpress2.hdnweb.com\/es\/wp-json\/wp\/v2\/posts\/43228\" class=\"qtranxs-available-language-link qtranxs-available-language-link-es\" title=\"Espa\u00f1ol\">Espa\u00f1ol<\/a>.<\/p>\n","protected":false},"author":1,"featured_media":43229,"comment_status":"closed","ping_status":"closed","sticky":false,"template":"","format":"standard","meta":{"_acf_changed":false,"_monsterinsights_skip_tracking":false,"_monsterinsights_sitenote_active":false,"_monsterinsights_sitenote_note":"","_monsterinsights_sitenote_category":0,"footnotes":""},"categories":[26],"tags":[],"class_list":["post-43228","post","type-post","status-publish","format-standard","has-post-thumbnail","hentry","category-purocine"],"acf":[],"yoast_head":"<!-- This site is optimized with the Yoast SEO plugin v27.5 - https:\/\/yoast.com\/product\/yoast-seo-wordpress\/ -->\n<title>Givenchy viste a The Weeknd para el 55 Super Bowl Halftime Show - Multisitio 2<\/title>\n<meta name=\"robots\" content=\"index, follow, max-snippet:-1, max-image-preview:large, max-video-preview:-1\" \/>\n<link rel=\"canonical\" href=\"https:\/\/wordpress2.hdnweb.com\/en\/2021\/02\/08\/givenchy-viste-a-the-weeknd-para-el-55-super-bowl-halftime-show\/\" \/>\n<meta property=\"og:locale\" content=\"en_US\" \/>\n<meta property=\"og:type\" content=\"article\" \/>\n<meta property=\"og:title\" content=\"Givenchy viste a The Weeknd para el 55 Super Bowl Halftime Show - Multisitio 2\" \/>\n<meta property=\"og:description\" content=\"El director creativo Matthew M. Williams dise\u00f1\u00f3 piezas personalizadas especialmente para la actuaci\u00f3n de la superestrella  PAR\u00cdS, 8 de febrero de 2021 \/PRNewswire\/ -- La Casa de Givenchy se complace en anunciar que el cantante canadiense The Weeknd llev\u00f3 un traje personalizado dise\u00f1ado por el director creativo Matthew M. Williams en la Super Bowl LV en Tampa, Florida, el domingo 7 de febrero de 2021. &lt;div id=&quot;prni_dvprnejpg5fd9left&quot;...\" \/>\n<meta property=\"og:url\" content=\"https:\/\/wordpress2.hdnweb.com\/en\/2021\/02\/08\/givenchy-viste-a-the-weeknd-para-el-55-super-bowl-halftime-show\/\" \/>\n<meta property=\"og:site_name\" content=\"Multisitio 2\" \/>\n<meta property=\"article:published_time\" content=\"2021-02-08T09:57:00+00:00\" \/>\n<meta property=\"og:image\" content=\"https:\/\/wordpress2.hdnweb.com\/wp-content\/uploads\/2020\/05\/43228_1_74101-scaled.jpg\" \/>\n\t<meta property=\"og:image:width\" content=\"1856\" \/>\n\t<meta property=\"og:image:height\" content=\"2560\" \/>\n\t<meta property=\"og:image:type\" content=\"image\/jpeg\" \/>\n<meta name=\"author\" content=\"venred\" \/>\n<meta name=\"twitter:card\" content=\"summary_large_image\" \/>\n<meta name=\"twitter:label1\" content=\"Written by\" \/>\n\t<meta name=\"twitter:data1\" content=\"venred\" \/>\n\t<meta name=\"twitter:label2\" content=\"Est. reading time\" \/>\n\t<meta name=\"twitter:data2\" content=\"2 minutes\" \/>\n<script type=\"application\/ld+json\" class=\"yoast-schema-graph\">{\"@context\":\"https:\\\/\\\/schema.org\",\"@graph\":[{\"@type\":\"Article\",\"@id\":\"https:\\\/\\\/wordpress2.hdnweb.com\\\/2021\\\/02\\\/08\\\/givenchy-viste-a-the-weeknd-para-el-55-super-bowl-halftime-show\\\/#article\",\"isPartOf\":{\"@id\":\"https:\\\/\\\/wordpress2.hdnweb.com\\\/2021\\\/02\\\/08\\\/givenchy-viste-a-the-weeknd-para-el-55-super-bowl-halftime-show\\\/\"},\"author\":{\"name\":\"venred\",\"@id\":\"https:\\\/\\\/wordpress2.hdnweb.com\\\/#\\\/schema\\\/person\\\/c112e8e970f2cfc8553cdb5392b493ad\"},\"headline\":\"(Espa\u00f1ol) Givenchy viste a The Weeknd para el 55 Super Bowl Halftime Show\",\"datePublished\":\"2021-02-08T09:57:00+00:00\",\"mainEntityOfPage\":{\"@id\":\"https:\\\/\\\/wordpress2.hdnweb.com\\\/2021\\\/02\\\/08\\\/givenchy-viste-a-the-weeknd-para-el-55-super-bowl-halftime-show\\\/\"},\"wordCount\":329,\"image\":{\"@id\":\"https:\\\/\\\/wordpress2.hdnweb.com\\\/2021\\\/02\\\/08\\\/givenchy-viste-a-the-weeknd-para-el-55-super-bowl-halftime-show\\\/#primaryimage\"},\"thumbnailUrl\":\"https:\\\/\\\/wordpress2.hdnweb.com\\\/wp-content\\\/uploads\\\/2020\\\/05\\\/43228_1_74101-scaled.jpg\",\"articleSection\":[\"Puro Cine\"],\"inLanguage\":\"en-US\"},{\"@type\":\"WebPage\",\"@id\":\"https:\\\/\\\/wordpress2.hdnweb.com\\\/en\\\/2021\\\/02\\\/08\\\/givenchy-viste-a-the-weeknd-para-el-55-super-bowl-halftime-show\\\/\",\"url\":\"https:\\\/\\\/wordpress2.hdnweb.com\\\/en\\\/2021\\\/02\\\/08\\\/givenchy-viste-a-the-weeknd-para-el-55-super-bowl-halftime-show\\\/\",\"name\":\"Givenchy viste a The Weeknd para el 55 Super Bowl Halftime Show - Multisitio 2\",\"isPartOf\":{\"@id\":\"https:\\\/\\\/wordpress2.hdnweb.com\\\/en\\\/#website\"},\"primaryImageOfPage\":{\"@id\":\"https:\\\/\\\/wordpress2.hdnweb.com\\\/en\\\/2021\\\/02\\\/08\\\/givenchy-viste-a-the-weeknd-para-el-55-super-bowl-halftime-show\\\/#primaryimage\"},\"image\":{\"@id\":\"https:\\\/\\\/wordpress2.hdnweb.com\\\/2021\\\/02\\\/08\\\/givenchy-viste-a-the-weeknd-para-el-55-super-bowl-halftime-show\\\/#primaryimage\"},\"thumbnailUrl\":\"https:\\\/\\\/wordpress2.hdnweb.com\\\/wp-content\\\/uploads\\\/2020\\\/05\\\/43228_1_74101-scaled.jpg\",\"datePublished\":\"2021-02-08T09:57:00+00:00\",\"author\":{\"@id\":\"https:\\\/\\\/wordpress2.hdnweb.com\\\/#\\\/schema\\\/person\\\/c112e8e970f2cfc8553cdb5392b493ad\"},\"breadcrumb\":{\"@id\":\"https:\\\/\\\/wordpress2.hdnweb.com\\\/en\\\/2021\\\/02\\\/08\\\/givenchy-viste-a-the-weeknd-para-el-55-super-bowl-halftime-show\\\/#breadcrumb\"},\"inLanguage\":\"en-US\",\"potentialAction\":[{\"@type\":\"ReadAction\",\"target\":[[\"https:\\\/\\\/wordpress2.hdnweb.com\\\/en\\\/2021\\\/02\\\/08\\\/givenchy-viste-a-the-weeknd-para-el-55-super-bowl-halftime-show\\\/\"]]}]},{\"@type\":\"ImageObject\",\"inLanguage\":\"en-US\",\"@id\":\"https:\\\/\\\/wordpress2.hdnweb.com\\\/en\\\/2021\\\/02\\\/08\\\/givenchy-viste-a-the-weeknd-para-el-55-super-bowl-halftime-show\\\/#primaryimage\",\"url\":\"https:\\\/\\\/wordpress2.hdnweb.com\\\/wp-content\\\/uploads\\\/2020\\\/05\\\/43228_1_74101-scaled.jpg\",\"contentUrl\":\"https:\\\/\\\/wordpress2.hdnweb.com\\\/wp-content\\\/uploads\\\/2020\\\/05\\\/43228_1_74101-scaled.jpg\",\"width\":1856,\"height\":2560,\"caption\":\"TBC\"},{\"@type\":\"BreadcrumbList\",\"@id\":\"https:\\\/\\\/wordpress2.hdnweb.com\\\/en\\\/2021\\\/02\\\/08\\\/givenchy-viste-a-the-weeknd-para-el-55-super-bowl-halftime-show\\\/#breadcrumb\",\"itemListElement\":[{\"@type\":\"ListItem\",\"position\":1,\"name\":\"Portada\",\"item\":\"https:\\\/\\\/wordpress2.hdnweb.com\\\/en\\\/\"},{\"@type\":\"ListItem\",\"position\":2,\"name\":\"Givenchy viste a The Weeknd para el 55 Super Bowl Halftime Show\"}]},{\"@type\":\"WebSite\",\"@id\":\"https:\\\/\\\/wordpress2.hdnweb.com\\\/en\\\/#website\",\"url\":\"https:\\\/\\\/wordpress2.hdnweb.com\\\/en\\\/\",\"name\":\"Multisitio 2\",\"description\":\"\",\"potentialAction\":[{\"@type\":\"SearchAction\",\"target\":{\"@type\":\"EntryPoint\",\"urlTemplate\":\"https:\\\/\\\/wordpress2.hdnweb.com\\\/en\\\/?s={search_term_string}\"},\"query-input\":{\"@type\":\"PropertyValueSpecification\",\"valueRequired\":true,\"valueName\":\"search_term_string\"}}],\"inLanguage\":\"en-US\"},{\"@type\":\"Person\",\"@id\":\"https:\\\/\\\/wordpress2.hdnweb.com\\\/#\\\/schema\\\/person\\\/c112e8e970f2cfc8553cdb5392b493ad\",\"name\":\"venred\",\"image\":{\"@type\":\"ImageObject\",\"inLanguage\":\"en-US\",\"@id\":\"https:\\\/\\\/secure.gravatar.com\\\/avatar\\\/2b023a883433f83ad0a3036a7ba60d3133c4e0619f3bca6230ba8c7521b6dec8?s=96&d=mm&r=g\",\"url\":\"https:\\\/\\\/secure.gravatar.com\\\/avatar\\\/2b023a883433f83ad0a3036a7ba60d3133c4e0619f3bca6230ba8c7521b6dec8?s=96&d=mm&r=g\",\"contentUrl\":\"https:\\\/\\\/secure.gravatar.com\\\/avatar\\\/2b023a883433f83ad0a3036a7ba60d3133c4e0619f3bca6230ba8c7521b6dec8?s=96&d=mm&r=g\",\"caption\":\"venred\"},\"url\":\"https:\\\/\\\/wordpress2.hdnweb.com\\\/en\\\/author\\\/venred\\\/\"}]}<\/script>\n<!-- \/ Yoast SEO plugin. -->","yoast_head_json":{"title":"Givenchy viste a The Weeknd para el 55 Super Bowl Halftime Show - Multisitio 2","robots":{"index":"index","follow":"follow","max-snippet":"max-snippet:-1","max-image-preview":"max-image-preview:large","max-video-preview":"max-video-preview:-1"},"canonical":"https:\/\/wordpress2.hdnweb.com\/en\/2021\/02\/08\/givenchy-viste-a-the-weeknd-para-el-55-super-bowl-halftime-show\/","og_locale":"en_US","og_type":"article","og_title":"Givenchy viste a The Weeknd para el 55 Super Bowl Halftime Show - Multisitio 2","og_description":"El director creativo Matthew M. Williams dise\u00f1\u00f3 piezas personalizadas especialmente para la actuaci\u00f3n de la superestrella  PAR\u00cdS, 8 de febrero de 2021 \/PRNewswire\/ -- La Casa de Givenchy se complace en anunciar que el cantante canadiense The Weeknd llev\u00f3 un traje personalizado dise\u00f1ado por el director creativo Matthew M. Williams en la Super Bowl LV en Tampa, Florida, el domingo 7 de febrero de 2021. &lt;div id=&quot;prni_dvprnejpg5fd9left&quot;...","og_url":"https:\/\/wordpress2.hdnweb.com\/en\/2021\/02\/08\/givenchy-viste-a-the-weeknd-para-el-55-super-bowl-halftime-show\/","og_site_name":"Multisitio 2","article_published_time":"2021-02-08T09:57:00+00:00","og_image":[{"width":1856,"height":2560,"url":"https:\/\/wordpress2.hdnweb.com\/wp-content\/uploads\/2020\/05\/43228_1_74101-scaled.jpg","type":"image\/jpeg"}],"author":"venred","twitter_card":"summary_large_image","twitter_misc":{"Written by":"venred","Est. reading time":"2 minutes"},"schema":{"@context":"https:\/\/schema.org","@graph":[{"@type":"Article","@id":"https:\/\/wordpress2.hdnweb.com\/2021\/02\/08\/givenchy-viste-a-the-weeknd-para-el-55-super-bowl-halftime-show\/#article","isPartOf":{"@id":"https:\/\/wordpress2.hdnweb.com\/2021\/02\/08\/givenchy-viste-a-the-weeknd-para-el-55-super-bowl-halftime-show\/"},"author":{"name":"venred","@id":"https:\/\/wordpress2.hdnweb.com\/#\/schema\/person\/c112e8e970f2cfc8553cdb5392b493ad"},"headline":"(Espa\u00f1ol) Givenchy viste a The Weeknd para el 55 Super Bowl Halftime Show","datePublished":"2021-02-08T09:57:00+00:00","mainEntityOfPage":{"@id":"https:\/\/wordpress2.hdnweb.com\/2021\/02\/08\/givenchy-viste-a-the-weeknd-para-el-55-super-bowl-halftime-show\/"},"wordCount":329,"image":{"@id":"https:\/\/wordpress2.hdnweb.com\/2021\/02\/08\/givenchy-viste-a-the-weeknd-para-el-55-super-bowl-halftime-show\/#primaryimage"},"thumbnailUrl":"https:\/\/wordpress2.hdnweb.com\/wp-content\/uploads\/2020\/05\/43228_1_74101-scaled.jpg","articleSection":["Puro Cine"],"inLanguage":"en-US"},{"@type":"WebPage","@id":"https:\/\/wordpress2.hdnweb.com\/en\/2021\/02\/08\/givenchy-viste-a-the-weeknd-para-el-55-super-bowl-halftime-show\/","url":"https:\/\/wordpress2.hdnweb.com\/en\/2021\/02\/08\/givenchy-viste-a-the-weeknd-para-el-55-super-bowl-halftime-show\/","name":"Givenchy viste a The Weeknd para el 55 Super Bowl Halftime Show - Multisitio 2","isPartOf":{"@id":"https:\/\/wordpress2.hdnweb.com\/en\/#website"},"primaryImageOfPage":{"@id":"https:\/\/wordpress2.hdnweb.com\/en\/2021\/02\/08\/givenchy-viste-a-the-weeknd-para-el-55-super-bowl-halftime-show\/#primaryimage"},"image":{"@id":"https:\/\/wordpress2.hdnweb.com\/2021\/02\/08\/givenchy-viste-a-the-weeknd-para-el-55-super-bowl-halftime-show\/#primaryimage"},"thumbnailUrl":"https:\/\/wordpress2.hdnweb.com\/wp-content\/uploads\/2020\/05\/43228_1_74101-scaled.jpg","datePublished":"2021-02-08T09:57:00+00:00","author":{"@id":"https:\/\/wordpress2.hdnweb.com\/#\/schema\/person\/c112e8e970f2cfc8553cdb5392b493ad"},"breadcrumb":{"@id":"https:\/\/wordpress2.hdnweb.com\/en\/2021\/02\/08\/givenchy-viste-a-the-weeknd-para-el-55-super-bowl-halftime-show\/#breadcrumb"},"inLanguage":"en-US","potentialAction":[{"@type":"ReadAction","target":[["https:\/\/wordpress2.hdnweb.com\/en\/2021\/02\/08\/givenchy-viste-a-the-weeknd-para-el-55-super-bowl-halftime-show\/"]]}]},{"@type":"ImageObject","inLanguage":"en-US","@id":"https:\/\/wordpress2.hdnweb.com\/en\/2021\/02\/08\/givenchy-viste-a-the-weeknd-para-el-55-super-bowl-halftime-show\/#primaryimage","url":"https:\/\/wordpress2.hdnweb.com\/wp-content\/uploads\/2020\/05\/43228_1_74101-scaled.jpg","contentUrl":"https:\/\/wordpress2.hdnweb.com\/wp-content\/uploads\/2020\/05\/43228_1_74101-scaled.jpg","width":1856,"height":2560,"caption":"TBC"},{"@type":"BreadcrumbList","@id":"https:\/\/wordpress2.hdnweb.com\/en\/2021\/02\/08\/givenchy-viste-a-the-weeknd-para-el-55-super-bowl-halftime-show\/#breadcrumb","itemListElement":[{"@type":"ListItem","position":1,"name":"Portada","item":"https:\/\/wordpress2.hdnweb.com\/en\/"},{"@type":"ListItem","position":2,"name":"Givenchy viste a The Weeknd para el 55 Super Bowl Halftime Show"}]},{"@type":"WebSite","@id":"https:\/\/wordpress2.hdnweb.com\/en\/#website","url":"https:\/\/wordpress2.hdnweb.com\/en\/","name":"Multisitio 2","description":"","potentialAction":[{"@type":"SearchAction","target":{"@type":"EntryPoint","urlTemplate":"https:\/\/wordpress2.hdnweb.com\/en\/?s={search_term_string}"},"query-input":{"@type":"PropertyValueSpecification","valueRequired":true,"valueName":"search_term_string"}}],"inLanguage":"en-US"},{"@type":"Person","@id":"https:\/\/wordpress2.hdnweb.com\/#\/schema\/person\/c112e8e970f2cfc8553cdb5392b493ad","name":"venred","image":{"@type":"ImageObject","inLanguage":"en-US","@id":"https:\/\/secure.gravatar.com\/avatar\/2b023a883433f83ad0a3036a7ba60d3133c4e0619f3bca6230ba8c7521b6dec8?s=96&d=mm&r=g","url":"https:\/\/secure.gravatar.com\/avatar\/2b023a883433f83ad0a3036a7ba60d3133c4e0619f3bca6230ba8c7521b6dec8?s=96&d=mm&r=g","contentUrl":"https:\/\/secure.gravatar.com\/avatar\/2b023a883433f83ad0a3036a7ba60d3133c4e0619f3bca6230ba8c7521b6dec8?s=96&d=mm&r=g","caption":"venred"},"url":"https:\/\/wordpress2.hdnweb.com\/en\/author\/venred\/"}]}},"_links":{"self":[{"href":"https:\/\/wordpress2.hdnweb.com\/en\/wp-json\/wp\/v2\/posts\/43228","targetHints":{"allow":["GET"]}}],"collection":[{"href":"https:\/\/wordpress2.hdnweb.com\/en\/wp-json\/wp\/v2\/posts"}],"about":[{"href":"https:\/\/wordpress2.hdnweb.com\/en\/wp-json\/wp\/v2\/types\/post"}],"author":[{"embeddable":true,"href":"https:\/\/wordpress2.hdnweb.com\/en\/wp-json\/wp\/v2\/users\/1"}],"replies":[{"embeddable":true,"href":"https:\/\/wordpress2.hdnweb.com\/en\/wp-json\/wp\/v2\/comments?post=43228"}],"version-history":[{"count":0,"href":"https:\/\/wordpress2.hdnweb.com\/en\/wp-json\/wp\/v2\/posts\/43228\/revisions"}],"wp:featuredmedia":[{"embeddable":true,"href":"https:\/\/wordpress2.hdnweb.com\/en\/wp-json\/wp\/v2\/media\/43229"}],"wp:attachment":[{"href":"https:\/\/wordpress2.hdnweb.com\/en\/wp-json\/wp\/v2\/media?parent=43228"}],"wp:term":[{"taxonomy":"category","embeddable":true,"href":"https:\/\/wordpress2.hdnweb.com\/en\/wp-json\/wp\/v2\/categories?post=43228"},{"taxonomy":"post_tag","embeddable":true,"href":"https:\/\/wordpress2.hdnweb.com\/en\/wp-json\/wp\/v2\/tags?post=43228"}],"curies":[{"name":"wp","href":"https:\/\/api.w.org\/{rel}","templated":true}]}}