{"id":43387,"date":"2021-02-08T17:22:00","date_gmt":"2021-02-08T17:22:00","guid":{"rendered":"https:\/\/wordpress2.hdnweb.com\/2021\/02\/08\/cgtn-la-gala-del-festival-de-primavera-de-2021-contara-con-5g-3d-e-ia\/"},"modified":"2021-02-08T17:22:00","modified_gmt":"2021-02-08T17:22:00","slug":"cgtn-la-gala-del-festival-de-primavera-de-2021-contara-con-5g-3d-e-ia","status":"publish","type":"post","link":"https:\/\/wordpress2.hdnweb.com\/en\/2021\/02\/08\/cgtn-la-gala-del-festival-de-primavera-de-2021-contara-con-5g-3d-e-ia\/","title":{"rendered":"(Espa\u00f1ol) CGTN: La Gala del Festival de Primavera de 2021 contar\u00e1 con 5G, 3D e IA"},"content":{"rendered":"<p class=\"qtranxs-available-languages-message qtranxs-available-languages-message-en\">Sorry, this entry is only available in <a href=\"https:\/\/wordpress2.hdnweb.com\/es\/wp-json\/wp\/v2\/posts\/43387\" class=\"qtranxs-available-language-link qtranxs-available-language-link-es\" title=\"Espa\u00f1ol\">Espa\u00f1ol<\/a>.<\/p>","protected":false},"excerpt":{"rendered":"<p class=\"qtranxs-available-languages-message qtranxs-available-languages-message-en\">Sorry, this entry is only available in <a href=\"https:\/\/wordpress2.hdnweb.com\/es\/wp-json\/wp\/v2\/posts\/43387\" class=\"qtranxs-available-language-link qtranxs-available-language-link-es\" title=\"Espa\u00f1ol\">Espa\u00f1ol<\/a>.<\/p>\n","protected":false},"author":1,"featured_media":43388,"comment_status":"closed","ping_status":"closed","sticky":false,"template":"","format":"standard","meta":{"_acf_changed":false,"_monsterinsights_skip_tracking":false,"_monsterinsights_sitenote_active":false,"_monsterinsights_sitenote_note":"","_monsterinsights_sitenote_category":0,"footnotes":""},"categories":[22],"tags":[],"class_list":["post-43387","post","type-post","status-publish","format-standard","has-post-thumbnail","hentry","category-chayan"],"acf":[],"yoast_head":"<!-- This site is optimized with the Yoast SEO plugin v27.5 - https:\/\/yoast.com\/product\/yoast-seo-wordpress\/ -->\n<title>CGTN: La Gala del Festival de Primavera de 2021 contar\u00e1 con 5G, 3D e IA - Multisitio 2<\/title>\n<meta name=\"robots\" content=\"index, follow, max-snippet:-1, max-image-preview:large, max-video-preview:-1\" \/>\n<link rel=\"canonical\" href=\"https:\/\/wordpress2.hdnweb.com\/en\/2021\/02\/08\/cgtn-la-gala-del-festival-de-primavera-de-2021-contara-con-5g-3d-e-ia\/\" \/>\n<meta property=\"og:locale\" content=\"en_US\" \/>\n<meta property=\"og:type\" content=\"article\" \/>\n<meta property=\"og:title\" content=\"CGTN: La Gala del Festival de Primavera de 2021 contar\u00e1 con 5G, 3D e IA - Multisitio 2\" \/>\n<meta property=\"og:description\" content=\"BEIJING, 8 de febrero de 2021 \/PRNewswire\/ -- La Gala Anual del Festival de Primavera es uno de los programas m\u00e1s vistos de China. El festival de este a\u00f1o tambi\u00e9n contar\u00e1 con nuevos usos de la tecnolog\u00eda, seg\u00fan una conferencia de prensa celebrada por China Media Group (CMG) el domingo. &lt;object id=&quot;prnevid009aleft&quot; name=&quot;prnevid009aleft&quot;...\" \/>\n<meta property=\"og:url\" content=\"https:\/\/wordpress2.hdnweb.com\/en\/2021\/02\/08\/cgtn-la-gala-del-festival-de-primavera-de-2021-contara-con-5g-3d-e-ia\/\" \/>\n<meta property=\"og:site_name\" content=\"Multisitio 2\" \/>\n<meta property=\"article:published_time\" content=\"2021-02-08T17:22:00+00:00\" \/>\n<meta property=\"og:image\" content=\"https:\/\/wordpress2.hdnweb.com\/wp-content\/uploads\/2020\/05\/43387_1_66203.jpg\" \/>\n\t<meta property=\"og:image:width\" content=\"888\" \/>\n\t<meta property=\"og:image:height\" content=\"500\" \/>\n\t<meta property=\"og:image:type\" content=\"image\/jpeg\" \/>\n<meta name=\"author\" content=\"venred\" \/>\n<meta name=\"twitter:card\" content=\"summary_large_image\" \/>\n<meta name=\"twitter:label1\" content=\"Written by\" \/>\n\t<meta name=\"twitter:data1\" content=\"venred\" \/>\n\t<meta name=\"twitter:label2\" content=\"Est. reading time\" \/>\n\t<meta name=\"twitter:data2\" content=\"3 minutes\" \/>\n<script type=\"application\/ld+json\" class=\"yoast-schema-graph\">{\"@context\":\"https:\\\/\\\/schema.org\",\"@graph\":[{\"@type\":\"Article\",\"@id\":\"https:\\\/\\\/wordpress2.hdnweb.com\\\/2021\\\/02\\\/08\\\/cgtn-la-gala-del-festival-de-primavera-de-2021-contara-con-5g-3d-e-ia\\\/#article\",\"isPartOf\":{\"@id\":\"https:\\\/\\\/wordpress2.hdnweb.com\\\/2021\\\/02\\\/08\\\/cgtn-la-gala-del-festival-de-primavera-de-2021-contara-con-5g-3d-e-ia\\\/\"},\"author\":{\"name\":\"venred\",\"@id\":\"https:\\\/\\\/wordpress2.hdnweb.com\\\/#\\\/schema\\\/person\\\/c112e8e970f2cfc8553cdb5392b493ad\"},\"headline\":\"(Espa\u00f1ol) CGTN: La Gala del Festival de Primavera de 2021 contar\u00e1 con 5G, 3D e IA\",\"datePublished\":\"2021-02-08T17:22:00+00:00\",\"mainEntityOfPage\":{\"@id\":\"https:\\\/\\\/wordpress2.hdnweb.com\\\/2021\\\/02\\\/08\\\/cgtn-la-gala-del-festival-de-primavera-de-2021-contara-con-5g-3d-e-ia\\\/\"},\"wordCount\":536,\"image\":{\"@id\":\"https:\\\/\\\/wordpress2.hdnweb.com\\\/2021\\\/02\\\/08\\\/cgtn-la-gala-del-festival-de-primavera-de-2021-contara-con-5g-3d-e-ia\\\/#primaryimage\"},\"thumbnailUrl\":\"https:\\\/\\\/wordpress2.hdnweb.com\\\/wp-content\\\/uploads\\\/2020\\\/05\\\/43387_1_66203.jpg\",\"articleSection\":[\"Chayan\"],\"inLanguage\":\"en-US\"},{\"@type\":\"WebPage\",\"@id\":\"https:\\\/\\\/wordpress2.hdnweb.com\\\/en\\\/2021\\\/02\\\/08\\\/cgtn-la-gala-del-festival-de-primavera-de-2021-contara-con-5g-3d-e-ia\\\/\",\"url\":\"https:\\\/\\\/wordpress2.hdnweb.com\\\/en\\\/2021\\\/02\\\/08\\\/cgtn-la-gala-del-festival-de-primavera-de-2021-contara-con-5g-3d-e-ia\\\/\",\"name\":\"CGTN: La Gala del Festival de Primavera de 2021 contar\u00e1 con 5G, 3D e IA - Multisitio 2\",\"isPartOf\":{\"@id\":\"https:\\\/\\\/wordpress2.hdnweb.com\\\/en\\\/#website\"},\"primaryImageOfPage\":{\"@id\":\"https:\\\/\\\/wordpress2.hdnweb.com\\\/en\\\/2021\\\/02\\\/08\\\/cgtn-la-gala-del-festival-de-primavera-de-2021-contara-con-5g-3d-e-ia\\\/#primaryimage\"},\"image\":{\"@id\":\"https:\\\/\\\/wordpress2.hdnweb.com\\\/2021\\\/02\\\/08\\\/cgtn-la-gala-del-festival-de-primavera-de-2021-contara-con-5g-3d-e-ia\\\/#primaryimage\"},\"thumbnailUrl\":\"https:\\\/\\\/wordpress2.hdnweb.com\\\/wp-content\\\/uploads\\\/2020\\\/05\\\/43387_1_66203.jpg\",\"datePublished\":\"2021-02-08T17:22:00+00:00\",\"author\":{\"@id\":\"https:\\\/\\\/wordpress2.hdnweb.com\\\/#\\\/schema\\\/person\\\/c112e8e970f2cfc8553cdb5392b493ad\"},\"breadcrumb\":{\"@id\":\"https:\\\/\\\/wordpress2.hdnweb.com\\\/en\\\/2021\\\/02\\\/08\\\/cgtn-la-gala-del-festival-de-primavera-de-2021-contara-con-5g-3d-e-ia\\\/#breadcrumb\"},\"inLanguage\":\"en-US\",\"potentialAction\":[{\"@type\":\"ReadAction\",\"target\":[[\"https:\\\/\\\/wordpress2.hdnweb.com\\\/en\\\/2021\\\/02\\\/08\\\/cgtn-la-gala-del-festival-de-primavera-de-2021-contara-con-5g-3d-e-ia\\\/\"]]}]},{\"@type\":\"ImageObject\",\"inLanguage\":\"en-US\",\"@id\":\"https:\\\/\\\/wordpress2.hdnweb.com\\\/en\\\/2021\\\/02\\\/08\\\/cgtn-la-gala-del-festival-de-primavera-de-2021-contara-con-5g-3d-e-ia\\\/#primaryimage\",\"url\":\"https:\\\/\\\/wordpress2.hdnweb.com\\\/wp-content\\\/uploads\\\/2020\\\/05\\\/43387_1_66203.jpg\",\"contentUrl\":\"https:\\\/\\\/wordpress2.hdnweb.com\\\/wp-content\\\/uploads\\\/2020\\\/05\\\/43387_1_66203.jpg\",\"width\":888,\"height\":500,\"caption\":\"Logo of the 2021 Spring Festival Gala. \\\/CGTN\"},{\"@type\":\"BreadcrumbList\",\"@id\":\"https:\\\/\\\/wordpress2.hdnweb.com\\\/en\\\/2021\\\/02\\\/08\\\/cgtn-la-gala-del-festival-de-primavera-de-2021-contara-con-5g-3d-e-ia\\\/#breadcrumb\",\"itemListElement\":[{\"@type\":\"ListItem\",\"position\":1,\"name\":\"Portada\",\"item\":\"https:\\\/\\\/wordpress2.hdnweb.com\\\/en\\\/\"},{\"@type\":\"ListItem\",\"position\":2,\"name\":\"CGTN: La Gala del Festival de Primavera de 2021 contar\u00e1 con 5G, 3D e IA\"}]},{\"@type\":\"WebSite\",\"@id\":\"https:\\\/\\\/wordpress2.hdnweb.com\\\/en\\\/#website\",\"url\":\"https:\\\/\\\/wordpress2.hdnweb.com\\\/en\\\/\",\"name\":\"Multisitio 2\",\"description\":\"\",\"potentialAction\":[{\"@type\":\"SearchAction\",\"target\":{\"@type\":\"EntryPoint\",\"urlTemplate\":\"https:\\\/\\\/wordpress2.hdnweb.com\\\/en\\\/?s={search_term_string}\"},\"query-input\":{\"@type\":\"PropertyValueSpecification\",\"valueRequired\":true,\"valueName\":\"search_term_string\"}}],\"inLanguage\":\"en-US\"},{\"@type\":\"Person\",\"@id\":\"https:\\\/\\\/wordpress2.hdnweb.com\\\/#\\\/schema\\\/person\\\/c112e8e970f2cfc8553cdb5392b493ad\",\"name\":\"venred\",\"image\":{\"@type\":\"ImageObject\",\"inLanguage\":\"en-US\",\"@id\":\"https:\\\/\\\/secure.gravatar.com\\\/avatar\\\/2b023a883433f83ad0a3036a7ba60d3133c4e0619f3bca6230ba8c7521b6dec8?s=96&d=mm&r=g\",\"url\":\"https:\\\/\\\/secure.gravatar.com\\\/avatar\\\/2b023a883433f83ad0a3036a7ba60d3133c4e0619f3bca6230ba8c7521b6dec8?s=96&d=mm&r=g\",\"contentUrl\":\"https:\\\/\\\/secure.gravatar.com\\\/avatar\\\/2b023a883433f83ad0a3036a7ba60d3133c4e0619f3bca6230ba8c7521b6dec8?s=96&d=mm&r=g\",\"caption\":\"venred\"},\"url\":\"https:\\\/\\\/wordpress2.hdnweb.com\\\/en\\\/author\\\/venred\\\/\"}]}<\/script>\n<!-- \/ Yoast SEO plugin. -->","yoast_head_json":{"title":"CGTN: La Gala del Festival de Primavera de 2021 contar\u00e1 con 5G, 3D e IA - Multisitio 2","robots":{"index":"index","follow":"follow","max-snippet":"max-snippet:-1","max-image-preview":"max-image-preview:large","max-video-preview":"max-video-preview:-1"},"canonical":"https:\/\/wordpress2.hdnweb.com\/en\/2021\/02\/08\/cgtn-la-gala-del-festival-de-primavera-de-2021-contara-con-5g-3d-e-ia\/","og_locale":"en_US","og_type":"article","og_title":"CGTN: La Gala del Festival de Primavera de 2021 contar\u00e1 con 5G, 3D e IA - Multisitio 2","og_description":"BEIJING, 8 de febrero de 2021 \/PRNewswire\/ -- La Gala Anual del Festival de Primavera es uno de los programas m\u00e1s vistos de China. El festival de este a\u00f1o tambi\u00e9n contar\u00e1 con nuevos usos de la tecnolog\u00eda, seg\u00fan una conferencia de prensa celebrada por China Media Group (CMG) el domingo. &lt;object id=&quot;prnevid009aleft&quot; name=&quot;prnevid009aleft&quot;...","og_url":"https:\/\/wordpress2.hdnweb.com\/en\/2021\/02\/08\/cgtn-la-gala-del-festival-de-primavera-de-2021-contara-con-5g-3d-e-ia\/","og_site_name":"Multisitio 2","article_published_time":"2021-02-08T17:22:00+00:00","og_image":[{"width":888,"height":500,"url":"https:\/\/wordpress2.hdnweb.com\/wp-content\/uploads\/2020\/05\/43387_1_66203.jpg","type":"image\/jpeg"}],"author":"venred","twitter_card":"summary_large_image","twitter_misc":{"Written by":"venred","Est. reading time":"3 minutes"},"schema":{"@context":"https:\/\/schema.org","@graph":[{"@type":"Article","@id":"https:\/\/wordpress2.hdnweb.com\/2021\/02\/08\/cgtn-la-gala-del-festival-de-primavera-de-2021-contara-con-5g-3d-e-ia\/#article","isPartOf":{"@id":"https:\/\/wordpress2.hdnweb.com\/2021\/02\/08\/cgtn-la-gala-del-festival-de-primavera-de-2021-contara-con-5g-3d-e-ia\/"},"author":{"name":"venred","@id":"https:\/\/wordpress2.hdnweb.com\/#\/schema\/person\/c112e8e970f2cfc8553cdb5392b493ad"},"headline":"(Espa\u00f1ol) CGTN: La Gala del Festival de Primavera de 2021 contar\u00e1 con 5G, 3D e IA","datePublished":"2021-02-08T17:22:00+00:00","mainEntityOfPage":{"@id":"https:\/\/wordpress2.hdnweb.com\/2021\/02\/08\/cgtn-la-gala-del-festival-de-primavera-de-2021-contara-con-5g-3d-e-ia\/"},"wordCount":536,"image":{"@id":"https:\/\/wordpress2.hdnweb.com\/2021\/02\/08\/cgtn-la-gala-del-festival-de-primavera-de-2021-contara-con-5g-3d-e-ia\/#primaryimage"},"thumbnailUrl":"https:\/\/wordpress2.hdnweb.com\/wp-content\/uploads\/2020\/05\/43387_1_66203.jpg","articleSection":["Chayan"],"inLanguage":"en-US"},{"@type":"WebPage","@id":"https:\/\/wordpress2.hdnweb.com\/en\/2021\/02\/08\/cgtn-la-gala-del-festival-de-primavera-de-2021-contara-con-5g-3d-e-ia\/","url":"https:\/\/wordpress2.hdnweb.com\/en\/2021\/02\/08\/cgtn-la-gala-del-festival-de-primavera-de-2021-contara-con-5g-3d-e-ia\/","name":"CGTN: La Gala del Festival de Primavera de 2021 contar\u00e1 con 5G, 3D e IA - Multisitio 2","isPartOf":{"@id":"https:\/\/wordpress2.hdnweb.com\/en\/#website"},"primaryImageOfPage":{"@id":"https:\/\/wordpress2.hdnweb.com\/en\/2021\/02\/08\/cgtn-la-gala-del-festival-de-primavera-de-2021-contara-con-5g-3d-e-ia\/#primaryimage"},"image":{"@id":"https:\/\/wordpress2.hdnweb.com\/2021\/02\/08\/cgtn-la-gala-del-festival-de-primavera-de-2021-contara-con-5g-3d-e-ia\/#primaryimage"},"thumbnailUrl":"https:\/\/wordpress2.hdnweb.com\/wp-content\/uploads\/2020\/05\/43387_1_66203.jpg","datePublished":"2021-02-08T17:22:00+00:00","author":{"@id":"https:\/\/wordpress2.hdnweb.com\/#\/schema\/person\/c112e8e970f2cfc8553cdb5392b493ad"},"breadcrumb":{"@id":"https:\/\/wordpress2.hdnweb.com\/en\/2021\/02\/08\/cgtn-la-gala-del-festival-de-primavera-de-2021-contara-con-5g-3d-e-ia\/#breadcrumb"},"inLanguage":"en-US","potentialAction":[{"@type":"ReadAction","target":[["https:\/\/wordpress2.hdnweb.com\/en\/2021\/02\/08\/cgtn-la-gala-del-festival-de-primavera-de-2021-contara-con-5g-3d-e-ia\/"]]}]},{"@type":"ImageObject","inLanguage":"en-US","@id":"https:\/\/wordpress2.hdnweb.com\/en\/2021\/02\/08\/cgtn-la-gala-del-festival-de-primavera-de-2021-contara-con-5g-3d-e-ia\/#primaryimage","url":"https:\/\/wordpress2.hdnweb.com\/wp-content\/uploads\/2020\/05\/43387_1_66203.jpg","contentUrl":"https:\/\/wordpress2.hdnweb.com\/wp-content\/uploads\/2020\/05\/43387_1_66203.jpg","width":888,"height":500,"caption":"Logo of the 2021 Spring Festival Gala. \/CGTN"},{"@type":"BreadcrumbList","@id":"https:\/\/wordpress2.hdnweb.com\/en\/2021\/02\/08\/cgtn-la-gala-del-festival-de-primavera-de-2021-contara-con-5g-3d-e-ia\/#breadcrumb","itemListElement":[{"@type":"ListItem","position":1,"name":"Portada","item":"https:\/\/wordpress2.hdnweb.com\/en\/"},{"@type":"ListItem","position":2,"name":"CGTN: La Gala del Festival de Primavera de 2021 contar\u00e1 con 5G, 3D e IA"}]},{"@type":"WebSite","@id":"https:\/\/wordpress2.hdnweb.com\/en\/#website","url":"https:\/\/wordpress2.hdnweb.com\/en\/","name":"Multisitio 2","description":"","potentialAction":[{"@type":"SearchAction","target":{"@type":"EntryPoint","urlTemplate":"https:\/\/wordpress2.hdnweb.com\/en\/?s={search_term_string}"},"query-input":{"@type":"PropertyValueSpecification","valueRequired":true,"valueName":"search_term_string"}}],"inLanguage":"en-US"},{"@type":"Person","@id":"https:\/\/wordpress2.hdnweb.com\/#\/schema\/person\/c112e8e970f2cfc8553cdb5392b493ad","name":"venred","image":{"@type":"ImageObject","inLanguage":"en-US","@id":"https:\/\/secure.gravatar.com\/avatar\/2b023a883433f83ad0a3036a7ba60d3133c4e0619f3bca6230ba8c7521b6dec8?s=96&d=mm&r=g","url":"https:\/\/secure.gravatar.com\/avatar\/2b023a883433f83ad0a3036a7ba60d3133c4e0619f3bca6230ba8c7521b6dec8?s=96&d=mm&r=g","contentUrl":"https:\/\/secure.gravatar.com\/avatar\/2b023a883433f83ad0a3036a7ba60d3133c4e0619f3bca6230ba8c7521b6dec8?s=96&d=mm&r=g","caption":"venred"},"url":"https:\/\/wordpress2.hdnweb.com\/en\/author\/venred\/"}]}},"_links":{"self":[{"href":"https:\/\/wordpress2.hdnweb.com\/en\/wp-json\/wp\/v2\/posts\/43387","targetHints":{"allow":["GET"]}}],"collection":[{"href":"https:\/\/wordpress2.hdnweb.com\/en\/wp-json\/wp\/v2\/posts"}],"about":[{"href":"https:\/\/wordpress2.hdnweb.com\/en\/wp-json\/wp\/v2\/types\/post"}],"author":[{"embeddable":true,"href":"https:\/\/wordpress2.hdnweb.com\/en\/wp-json\/wp\/v2\/users\/1"}],"replies":[{"embeddable":true,"href":"https:\/\/wordpress2.hdnweb.com\/en\/wp-json\/wp\/v2\/comments?post=43387"}],"version-history":[{"count":0,"href":"https:\/\/wordpress2.hdnweb.com\/en\/wp-json\/wp\/v2\/posts\/43387\/revisions"}],"wp:featuredmedia":[{"embeddable":true,"href":"https:\/\/wordpress2.hdnweb.com\/en\/wp-json\/wp\/v2\/media\/43388"}],"wp:attachment":[{"href":"https:\/\/wordpress2.hdnweb.com\/en\/wp-json\/wp\/v2\/media?parent=43387"}],"wp:term":[{"taxonomy":"category","embeddable":true,"href":"https:\/\/wordpress2.hdnweb.com\/en\/wp-json\/wp\/v2\/categories?post=43387"},{"taxonomy":"post_tag","embeddable":true,"href":"https:\/\/wordpress2.hdnweb.com\/en\/wp-json\/wp\/v2\/tags?post=43387"}],"curies":[{"name":"wp","href":"https:\/\/api.w.org\/{rel}","templated":true}]}}