{"id":48112,"date":"2021-02-26T17:49:00","date_gmt":"2021-02-26T17:49:00","guid":{"rendered":"https:\/\/wordpress2.hdnweb.com\/2021\/02\/26\/estee-lauder-contrata-a-la-actriz-ana-de-armas-como-la-nueva-embajadora-de-su-marca-global\/"},"modified":"2021-02-26T17:49:00","modified_gmt":"2021-02-26T17:49:00","slug":"estee-lauder-contrata-a-la-actriz-ana-de-armas-como-la-nueva-embajadora-de-su-marca-global","status":"publish","type":"post","link":"https:\/\/wordpress2.hdnweb.com\/en\/2021\/02\/26\/estee-lauder-contrata-a-la-actriz-ana-de-armas-como-la-nueva-embajadora-de-su-marca-global\/","title":{"rendered":"(Espa\u00f1ol) Est\u00e9e Lauder contrata a la actriz Ana de Armas como la nueva embajadora de su marca global"},"content":{"rendered":"<p class=\"qtranxs-available-languages-message qtranxs-available-languages-message-en\">Sorry, this entry is only available in <a href=\"https:\/\/wordpress2.hdnweb.com\/es\/wp-json\/wp\/v2\/posts\/48112\" class=\"qtranxs-available-language-link qtranxs-available-language-link-es\" title=\"Espa\u00f1ol\">Espa\u00f1ol<\/a>.<\/p>","protected":false},"excerpt":{"rendered":"<p class=\"qtranxs-available-languages-message qtranxs-available-languages-message-en\">Sorry, this entry is only available in <a href=\"https:\/\/wordpress2.hdnweb.com\/es\/wp-json\/wp\/v2\/posts\/48112\" class=\"qtranxs-available-language-link qtranxs-available-language-link-es\" title=\"Espa\u00f1ol\">Espa\u00f1ol<\/a>.<\/p>\n","protected":false},"author":1,"featured_media":48113,"comment_status":"closed","ping_status":"closed","sticky":false,"template":"","format":"standard","meta":{"_acf_changed":false,"_monsterinsights_skip_tracking":false,"_monsterinsights_sitenote_active":false,"_monsterinsights_sitenote_note":"","_monsterinsights_sitenote_category":0,"footnotes":""},"categories":[23],"tags":[],"class_list":["post-48112","post","type-post","status-publish","format-standard","has-post-thumbnail","hentry","category-alfredo"],"acf":[],"yoast_head":"<!-- This site is optimized with the Yoast SEO plugin v27.5 - https:\/\/yoast.com\/product\/yoast-seo-wordpress\/ -->\n<title>Est\u00e9e Lauder contrata a la actriz Ana de Armas como la nueva embajadora de su marca global - Multisitio 2<\/title>\n<meta name=\"robots\" content=\"index, follow, max-snippet:-1, max-image-preview:large, max-video-preview:-1\" \/>\n<link rel=\"canonical\" href=\"https:\/\/wordpress2.hdnweb.com\/en\/2021\/02\/26\/estee-lauder-contrata-a-la-actriz-ana-de-armas-como-la-nueva-embajadora-de-su-marca-global\/\" \/>\n<meta property=\"og:locale\" content=\"en_US\" \/>\n<meta property=\"og:type\" content=\"article\" \/>\n<meta property=\"og:title\" content=\"Est\u00e9e Lauder contrata a la actriz Ana de Armas como la nueva embajadora de su marca global - Multisitio 2\" \/>\n<meta property=\"og:description\" content=\"NUEVA YORK, 26 de febrero de 2021 \/PRNewswire\/ -- Est\u00e9e Lauder anunci\u00f3 hoy que ha contratado a Ana de Armas, actriz nominada al premio Golden Globe y homenajeada en la lista TIME100 Next 2021, como la nueva embajadora de su marca global. Ana se presentar\u00e1 en campa\u00f1as digitales, televisivas, en tiendas e impresas. Su primera campa\u00f1a para la marca presentar\u00e1 una nueva fragancia en marzo de 2021. Ana se incorpora a la lista actual de talento global de Est\u00e9e Lauder, que incluye a &lt;span...\" \/>\n<meta property=\"og:url\" content=\"https:\/\/wordpress2.hdnweb.com\/en\/2021\/02\/26\/estee-lauder-contrata-a-la-actriz-ana-de-armas-como-la-nueva-embajadora-de-su-marca-global\/\" \/>\n<meta property=\"og:site_name\" content=\"Multisitio 2\" \/>\n<meta property=\"article:published_time\" content=\"2021-02-26T17:49:00+00:00\" \/>\n<meta property=\"og:image\" content=\"https:\/\/wordpress2.hdnweb.com\/wp-content\/uploads\/2020\/05\/48112_1_67897.jpg\" \/>\n\t<meta property=\"og:image:width\" content=\"2550\" \/>\n\t<meta property=\"og:image:height\" content=\"2550\" \/>\n\t<meta property=\"og:image:type\" content=\"image\/jpeg\" \/>\n<meta name=\"author\" content=\"venred\" \/>\n<meta name=\"twitter:card\" content=\"summary_large_image\" \/>\n<meta name=\"twitter:label1\" content=\"Written by\" \/>\n\t<meta name=\"twitter:data1\" content=\"venred\" \/>\n\t<meta name=\"twitter:label2\" content=\"Est. reading time\" \/>\n\t<meta name=\"twitter:data2\" content=\"3 minutes\" \/>\n<script type=\"application\/ld+json\" class=\"yoast-schema-graph\">{\"@context\":\"https:\\\/\\\/schema.org\",\"@graph\":[{\"@type\":\"Article\",\"@id\":\"https:\\\/\\\/wordpress2.hdnweb.com\\\/2021\\\/02\\\/26\\\/estee-lauder-contrata-a-la-actriz-ana-de-armas-como-la-nueva-embajadora-de-su-marca-global\\\/#article\",\"isPartOf\":{\"@id\":\"https:\\\/\\\/wordpress2.hdnweb.com\\\/2021\\\/02\\\/26\\\/estee-lauder-contrata-a-la-actriz-ana-de-armas-como-la-nueva-embajadora-de-su-marca-global\\\/\"},\"author\":{\"name\":\"venred\",\"@id\":\"https:\\\/\\\/wordpress2.hdnweb.com\\\/#\\\/schema\\\/person\\\/c112e8e970f2cfc8553cdb5392b493ad\"},\"headline\":\"(Espa\u00f1ol) Est\u00e9e Lauder contrata a la actriz Ana de Armas como la nueva embajadora de su marca global\",\"datePublished\":\"2021-02-26T17:49:00+00:00\",\"mainEntityOfPage\":{\"@id\":\"https:\\\/\\\/wordpress2.hdnweb.com\\\/2021\\\/02\\\/26\\\/estee-lauder-contrata-a-la-actriz-ana-de-armas-como-la-nueva-embajadora-de-su-marca-global\\\/\"},\"wordCount\":697,\"image\":{\"@id\":\"https:\\\/\\\/wordpress2.hdnweb.com\\\/2021\\\/02\\\/26\\\/estee-lauder-contrata-a-la-actriz-ana-de-armas-como-la-nueva-embajadora-de-su-marca-global\\\/#primaryimage\"},\"thumbnailUrl\":\"https:\\\/\\\/wordpress2.hdnweb.com\\\/wp-content\\\/uploads\\\/2020\\\/05\\\/48112_1_67897.jpg\",\"articleSection\":[\"Alfredo\"],\"inLanguage\":\"en-US\"},{\"@type\":\"WebPage\",\"@id\":\"https:\\\/\\\/wordpress2.hdnweb.com\\\/en\\\/2021\\\/02\\\/26\\\/estee-lauder-contrata-a-la-actriz-ana-de-armas-como-la-nueva-embajadora-de-su-marca-global\\\/\",\"url\":\"https:\\\/\\\/wordpress2.hdnweb.com\\\/en\\\/2021\\\/02\\\/26\\\/estee-lauder-contrata-a-la-actriz-ana-de-armas-como-la-nueva-embajadora-de-su-marca-global\\\/\",\"name\":\"Est\u00e9e Lauder contrata a la actriz Ana de Armas como la nueva embajadora de su marca global - Multisitio 2\",\"isPartOf\":{\"@id\":\"https:\\\/\\\/wordpress2.hdnweb.com\\\/en\\\/#website\"},\"primaryImageOfPage\":{\"@id\":\"https:\\\/\\\/wordpress2.hdnweb.com\\\/en\\\/2021\\\/02\\\/26\\\/estee-lauder-contrata-a-la-actriz-ana-de-armas-como-la-nueva-embajadora-de-su-marca-global\\\/#primaryimage\"},\"image\":{\"@id\":\"https:\\\/\\\/wordpress2.hdnweb.com\\\/2021\\\/02\\\/26\\\/estee-lauder-contrata-a-la-actriz-ana-de-armas-como-la-nueva-embajadora-de-su-marca-global\\\/#primaryimage\"},\"thumbnailUrl\":\"https:\\\/\\\/wordpress2.hdnweb.com\\\/wp-content\\\/uploads\\\/2020\\\/05\\\/48112_1_67897.jpg\",\"datePublished\":\"2021-02-26T17:49:00+00:00\",\"author\":{\"@id\":\"https:\\\/\\\/wordpress2.hdnweb.com\\\/#\\\/schema\\\/person\\\/c112e8e970f2cfc8553cdb5392b493ad\"},\"breadcrumb\":{\"@id\":\"https:\\\/\\\/wordpress2.hdnweb.com\\\/en\\\/2021\\\/02\\\/26\\\/estee-lauder-contrata-a-la-actriz-ana-de-armas-como-la-nueva-embajadora-de-su-marca-global\\\/#breadcrumb\"},\"inLanguage\":\"en-US\",\"potentialAction\":[{\"@type\":\"ReadAction\",\"target\":[[\"https:\\\/\\\/wordpress2.hdnweb.com\\\/en\\\/2021\\\/02\\\/26\\\/estee-lauder-contrata-a-la-actriz-ana-de-armas-como-la-nueva-embajadora-de-su-marca-global\\\/\"]]}]},{\"@type\":\"ImageObject\",\"inLanguage\":\"en-US\",\"@id\":\"https:\\\/\\\/wordpress2.hdnweb.com\\\/en\\\/2021\\\/02\\\/26\\\/estee-lauder-contrata-a-la-actriz-ana-de-armas-como-la-nueva-embajadora-de-su-marca-global\\\/#primaryimage\",\"url\":\"https:\\\/\\\/wordpress2.hdnweb.com\\\/wp-content\\\/uploads\\\/2020\\\/05\\\/48112_1_67897.jpg\",\"contentUrl\":\"https:\\\/\\\/wordpress2.hdnweb.com\\\/wp-content\\\/uploads\\\/2020\\\/05\\\/48112_1_67897.jpg\",\"width\":2550,\"height\":2550,\"caption\":\"Estee_Lauder_Ana_de_Armas\"},{\"@type\":\"BreadcrumbList\",\"@id\":\"https:\\\/\\\/wordpress2.hdnweb.com\\\/en\\\/2021\\\/02\\\/26\\\/estee-lauder-contrata-a-la-actriz-ana-de-armas-como-la-nueva-embajadora-de-su-marca-global\\\/#breadcrumb\",\"itemListElement\":[{\"@type\":\"ListItem\",\"position\":1,\"name\":\"Portada\",\"item\":\"https:\\\/\\\/wordpress2.hdnweb.com\\\/en\\\/\"},{\"@type\":\"ListItem\",\"position\":2,\"name\":\"Est\u00e9e Lauder contrata a la actriz Ana de Armas como la nueva embajadora de su marca global\"}]},{\"@type\":\"WebSite\",\"@id\":\"https:\\\/\\\/wordpress2.hdnweb.com\\\/en\\\/#website\",\"url\":\"https:\\\/\\\/wordpress2.hdnweb.com\\\/en\\\/\",\"name\":\"Multisitio 2\",\"description\":\"\",\"potentialAction\":[{\"@type\":\"SearchAction\",\"target\":{\"@type\":\"EntryPoint\",\"urlTemplate\":\"https:\\\/\\\/wordpress2.hdnweb.com\\\/en\\\/?s={search_term_string}\"},\"query-input\":{\"@type\":\"PropertyValueSpecification\",\"valueRequired\":true,\"valueName\":\"search_term_string\"}}],\"inLanguage\":\"en-US\"},{\"@type\":\"Person\",\"@id\":\"https:\\\/\\\/wordpress2.hdnweb.com\\\/#\\\/schema\\\/person\\\/c112e8e970f2cfc8553cdb5392b493ad\",\"name\":\"venred\",\"image\":{\"@type\":\"ImageObject\",\"inLanguage\":\"en-US\",\"@id\":\"https:\\\/\\\/secure.gravatar.com\\\/avatar\\\/2b023a883433f83ad0a3036a7ba60d3133c4e0619f3bca6230ba8c7521b6dec8?s=96&d=mm&r=g\",\"url\":\"https:\\\/\\\/secure.gravatar.com\\\/avatar\\\/2b023a883433f83ad0a3036a7ba60d3133c4e0619f3bca6230ba8c7521b6dec8?s=96&d=mm&r=g\",\"contentUrl\":\"https:\\\/\\\/secure.gravatar.com\\\/avatar\\\/2b023a883433f83ad0a3036a7ba60d3133c4e0619f3bca6230ba8c7521b6dec8?s=96&d=mm&r=g\",\"caption\":\"venred\"},\"url\":\"https:\\\/\\\/wordpress2.hdnweb.com\\\/en\\\/author\\\/venred\\\/\"}]}<\/script>\n<!-- \/ Yoast SEO plugin. -->","yoast_head_json":{"title":"Est\u00e9e Lauder contrata a la actriz Ana de Armas como la nueva embajadora de su marca global - Multisitio 2","robots":{"index":"index","follow":"follow","max-snippet":"max-snippet:-1","max-image-preview":"max-image-preview:large","max-video-preview":"max-video-preview:-1"},"canonical":"https:\/\/wordpress2.hdnweb.com\/en\/2021\/02\/26\/estee-lauder-contrata-a-la-actriz-ana-de-armas-como-la-nueva-embajadora-de-su-marca-global\/","og_locale":"en_US","og_type":"article","og_title":"Est\u00e9e Lauder contrata a la actriz Ana de Armas como la nueva embajadora de su marca global - Multisitio 2","og_description":"NUEVA YORK, 26 de febrero de 2021 \/PRNewswire\/ -- Est\u00e9e Lauder anunci\u00f3 hoy que ha contratado a Ana de Armas, actriz nominada al premio Golden Globe y homenajeada en la lista TIME100 Next 2021, como la nueva embajadora de su marca global. Ana se presentar\u00e1 en campa\u00f1as digitales, televisivas, en tiendas e impresas. Su primera campa\u00f1a para la marca presentar\u00e1 una nueva fragancia en marzo de 2021. Ana se incorpora a la lista actual de talento global de Est\u00e9e Lauder, que incluye a &lt;span...","og_url":"https:\/\/wordpress2.hdnweb.com\/en\/2021\/02\/26\/estee-lauder-contrata-a-la-actriz-ana-de-armas-como-la-nueva-embajadora-de-su-marca-global\/","og_site_name":"Multisitio 2","article_published_time":"2021-02-26T17:49:00+00:00","og_image":[{"width":2550,"height":2550,"url":"https:\/\/wordpress2.hdnweb.com\/wp-content\/uploads\/2020\/05\/48112_1_67897.jpg","type":"image\/jpeg"}],"author":"venred","twitter_card":"summary_large_image","twitter_misc":{"Written by":"venred","Est. reading time":"3 minutes"},"schema":{"@context":"https:\/\/schema.org","@graph":[{"@type":"Article","@id":"https:\/\/wordpress2.hdnweb.com\/2021\/02\/26\/estee-lauder-contrata-a-la-actriz-ana-de-armas-como-la-nueva-embajadora-de-su-marca-global\/#article","isPartOf":{"@id":"https:\/\/wordpress2.hdnweb.com\/2021\/02\/26\/estee-lauder-contrata-a-la-actriz-ana-de-armas-como-la-nueva-embajadora-de-su-marca-global\/"},"author":{"name":"venred","@id":"https:\/\/wordpress2.hdnweb.com\/#\/schema\/person\/c112e8e970f2cfc8553cdb5392b493ad"},"headline":"(Espa\u00f1ol) Est\u00e9e Lauder contrata a la actriz Ana de Armas como la nueva embajadora de su marca global","datePublished":"2021-02-26T17:49:00+00:00","mainEntityOfPage":{"@id":"https:\/\/wordpress2.hdnweb.com\/2021\/02\/26\/estee-lauder-contrata-a-la-actriz-ana-de-armas-como-la-nueva-embajadora-de-su-marca-global\/"},"wordCount":697,"image":{"@id":"https:\/\/wordpress2.hdnweb.com\/2021\/02\/26\/estee-lauder-contrata-a-la-actriz-ana-de-armas-como-la-nueva-embajadora-de-su-marca-global\/#primaryimage"},"thumbnailUrl":"https:\/\/wordpress2.hdnweb.com\/wp-content\/uploads\/2020\/05\/48112_1_67897.jpg","articleSection":["Alfredo"],"inLanguage":"en-US"},{"@type":"WebPage","@id":"https:\/\/wordpress2.hdnweb.com\/en\/2021\/02\/26\/estee-lauder-contrata-a-la-actriz-ana-de-armas-como-la-nueva-embajadora-de-su-marca-global\/","url":"https:\/\/wordpress2.hdnweb.com\/en\/2021\/02\/26\/estee-lauder-contrata-a-la-actriz-ana-de-armas-como-la-nueva-embajadora-de-su-marca-global\/","name":"Est\u00e9e Lauder contrata a la actriz Ana de Armas como la nueva embajadora de su marca global - Multisitio 2","isPartOf":{"@id":"https:\/\/wordpress2.hdnweb.com\/en\/#website"},"primaryImageOfPage":{"@id":"https:\/\/wordpress2.hdnweb.com\/en\/2021\/02\/26\/estee-lauder-contrata-a-la-actriz-ana-de-armas-como-la-nueva-embajadora-de-su-marca-global\/#primaryimage"},"image":{"@id":"https:\/\/wordpress2.hdnweb.com\/2021\/02\/26\/estee-lauder-contrata-a-la-actriz-ana-de-armas-como-la-nueva-embajadora-de-su-marca-global\/#primaryimage"},"thumbnailUrl":"https:\/\/wordpress2.hdnweb.com\/wp-content\/uploads\/2020\/05\/48112_1_67897.jpg","datePublished":"2021-02-26T17:49:00+00:00","author":{"@id":"https:\/\/wordpress2.hdnweb.com\/#\/schema\/person\/c112e8e970f2cfc8553cdb5392b493ad"},"breadcrumb":{"@id":"https:\/\/wordpress2.hdnweb.com\/en\/2021\/02\/26\/estee-lauder-contrata-a-la-actriz-ana-de-armas-como-la-nueva-embajadora-de-su-marca-global\/#breadcrumb"},"inLanguage":"en-US","potentialAction":[{"@type":"ReadAction","target":[["https:\/\/wordpress2.hdnweb.com\/en\/2021\/02\/26\/estee-lauder-contrata-a-la-actriz-ana-de-armas-como-la-nueva-embajadora-de-su-marca-global\/"]]}]},{"@type":"ImageObject","inLanguage":"en-US","@id":"https:\/\/wordpress2.hdnweb.com\/en\/2021\/02\/26\/estee-lauder-contrata-a-la-actriz-ana-de-armas-como-la-nueva-embajadora-de-su-marca-global\/#primaryimage","url":"https:\/\/wordpress2.hdnweb.com\/wp-content\/uploads\/2020\/05\/48112_1_67897.jpg","contentUrl":"https:\/\/wordpress2.hdnweb.com\/wp-content\/uploads\/2020\/05\/48112_1_67897.jpg","width":2550,"height":2550,"caption":"Estee_Lauder_Ana_de_Armas"},{"@type":"BreadcrumbList","@id":"https:\/\/wordpress2.hdnweb.com\/en\/2021\/02\/26\/estee-lauder-contrata-a-la-actriz-ana-de-armas-como-la-nueva-embajadora-de-su-marca-global\/#breadcrumb","itemListElement":[{"@type":"ListItem","position":1,"name":"Portada","item":"https:\/\/wordpress2.hdnweb.com\/en\/"},{"@type":"ListItem","position":2,"name":"Est\u00e9e Lauder contrata a la actriz Ana de Armas como la nueva embajadora de su marca global"}]},{"@type":"WebSite","@id":"https:\/\/wordpress2.hdnweb.com\/en\/#website","url":"https:\/\/wordpress2.hdnweb.com\/en\/","name":"Multisitio 2","description":"","potentialAction":[{"@type":"SearchAction","target":{"@type":"EntryPoint","urlTemplate":"https:\/\/wordpress2.hdnweb.com\/en\/?s={search_term_string}"},"query-input":{"@type":"PropertyValueSpecification","valueRequired":true,"valueName":"search_term_string"}}],"inLanguage":"en-US"},{"@type":"Person","@id":"https:\/\/wordpress2.hdnweb.com\/#\/schema\/person\/c112e8e970f2cfc8553cdb5392b493ad","name":"venred","image":{"@type":"ImageObject","inLanguage":"en-US","@id":"https:\/\/secure.gravatar.com\/avatar\/2b023a883433f83ad0a3036a7ba60d3133c4e0619f3bca6230ba8c7521b6dec8?s=96&d=mm&r=g","url":"https:\/\/secure.gravatar.com\/avatar\/2b023a883433f83ad0a3036a7ba60d3133c4e0619f3bca6230ba8c7521b6dec8?s=96&d=mm&r=g","contentUrl":"https:\/\/secure.gravatar.com\/avatar\/2b023a883433f83ad0a3036a7ba60d3133c4e0619f3bca6230ba8c7521b6dec8?s=96&d=mm&r=g","caption":"venred"},"url":"https:\/\/wordpress2.hdnweb.com\/en\/author\/venred\/"}]}},"_links":{"self":[{"href":"https:\/\/wordpress2.hdnweb.com\/en\/wp-json\/wp\/v2\/posts\/48112","targetHints":{"allow":["GET"]}}],"collection":[{"href":"https:\/\/wordpress2.hdnweb.com\/en\/wp-json\/wp\/v2\/posts"}],"about":[{"href":"https:\/\/wordpress2.hdnweb.com\/en\/wp-json\/wp\/v2\/types\/post"}],"author":[{"embeddable":true,"href":"https:\/\/wordpress2.hdnweb.com\/en\/wp-json\/wp\/v2\/users\/1"}],"replies":[{"embeddable":true,"href":"https:\/\/wordpress2.hdnweb.com\/en\/wp-json\/wp\/v2\/comments?post=48112"}],"version-history":[{"count":0,"href":"https:\/\/wordpress2.hdnweb.com\/en\/wp-json\/wp\/v2\/posts\/48112\/revisions"}],"wp:featuredmedia":[{"embeddable":true,"href":"https:\/\/wordpress2.hdnweb.com\/en\/wp-json\/wp\/v2\/media\/48113"}],"wp:attachment":[{"href":"https:\/\/wordpress2.hdnweb.com\/en\/wp-json\/wp\/v2\/media?parent=48112"}],"wp:term":[{"taxonomy":"category","embeddable":true,"href":"https:\/\/wordpress2.hdnweb.com\/en\/wp-json\/wp\/v2\/categories?post=48112"},{"taxonomy":"post_tag","embeddable":true,"href":"https:\/\/wordpress2.hdnweb.com\/en\/wp-json\/wp\/v2\/tags?post=48112"}],"curies":[{"name":"wp","href":"https:\/\/api.w.org\/{rel}","templated":true}]}}