{"id":7079,"date":"2020-05-29T06:00:00","date_gmt":"2020-05-29T06:00:00","guid":{"rendered":"http:\/\/wordpress2.hdnweb.com\/2020\/05\/29\/la-mas-reciente-obra-publicada-del-autor-maurilio-mercado-los-tiempos-idos-una-novela-que-nos-remonta-a-los-tiempos-de-antano-remarcando-la-forma-de-vivir-con-pinceladas-crudas-y-dramaticas-3\/"},"modified":"2020-05-29T06:00:00","modified_gmt":"2020-05-29T06:00:00","slug":"la-mas-reciente-obra-publicada-del-autor-maurilio-mercado-los-tiempos-idos-una-novela-que-nos-remonta-a-los-tiempos-de-antano-remarcando-la-forma-de-vivir-con-pinceladas-crudas-y-dramaticas-3","status":"publish","type":"post","link":"https:\/\/wordpress2.hdnweb.com\/en\/2020\/05\/29\/la-mas-reciente-obra-publicada-del-autor-maurilio-mercado-los-tiempos-idos-una-novela-que-nos-remonta-a-los-tiempos-de-antano-remarcando-la-forma-de-vivir-con-pinceladas-crudas-y-dramaticas-3\/","title":{"rendered":"(Espa\u00f1ol) La M\u00e1s Reciente Obra Publicada Del Autor Maurilio Mercado, Los Tiempos Idos, Una Novela Que Nos Remonta A Los Tiempos De Anta\u00f1o, Remarcando La Forma De Vivir Con Pinceladas Crudas Y Dram\u00e1ticas"},"content":{"rendered":"<p class=\"qtranxs-available-languages-message qtranxs-available-languages-message-en\">Sorry, this entry is only available in <a href=\"https:\/\/wordpress2.hdnweb.com\/es\/wp-json\/wp\/v2\/posts\/7079\" class=\"qtranxs-available-language-link qtranxs-available-language-link-es\" title=\"Espa\u00f1ol\">Espa\u00f1ol<\/a>.<\/p>","protected":false},"excerpt":{"rendered":"<p class=\"qtranxs-available-languages-message qtranxs-available-languages-message-en\">Sorry, this entry is only available in <a href=\"https:\/\/wordpress2.hdnweb.com\/es\/wp-json\/wp\/v2\/posts\/7079\" class=\"qtranxs-available-language-link qtranxs-available-language-link-es\" title=\"Espa\u00f1ol\">Espa\u00f1ol<\/a>.<\/p>\n","protected":false},"author":1,"featured_media":7080,"comment_status":"open","ping_status":"open","sticky":false,"template":"","format":"standard","meta":{"_acf_changed":false,"_monsterinsights_skip_tracking":false,"_monsterinsights_sitenote_active":false,"_monsterinsights_sitenote_note":"","_monsterinsights_sitenote_category":0,"footnotes":""},"categories":[10],"tags":[],"class_list":["post-7079","post","type-post","status-publish","format-standard","has-post-thumbnail","hentry","category-luis-jimenez"],"acf":[],"yoast_head":"<!-- This site is optimized with the Yoast SEO plugin v27.5 - https:\/\/yoast.com\/product\/yoast-seo-wordpress\/ -->\n<title>La M\u00e1s Reciente Obra Publicada Del Autor Maurilio Mercado, Los Tiempos Idos, Una Novela Que Nos Remonta A Los Tiempos De Anta\u00f1o, Remarcando La Forma De Vivir Con Pinceladas Crudas Y Dram\u00e1ticas - Multisitio 2<\/title>\n<meta name=\"robots\" content=\"index, follow, max-snippet:-1, max-image-preview:large, max-video-preview:-1\" \/>\n<link rel=\"canonical\" href=\"https:\/\/wordpress2.hdnweb.com\/en\/2020\/05\/29\/la-mas-reciente-obra-publicada-del-autor-maurilio-mercado-los-tiempos-idos-una-novela-que-nos-remonta-a-los-tiempos-de-antano-remarcando-la-forma-de-vivir-con-pinceladas-crudas-y-dramaticas-3\/\" \/>\n<meta property=\"og:locale\" content=\"en_US\" \/>\n<meta property=\"og:type\" content=\"article\" \/>\n<meta property=\"og:title\" content=\"La M\u00e1s Reciente Obra Publicada Del Autor Maurilio Mercado, Los Tiempos Idos, Una Novela Que Nos Remonta A Los Tiempos De Anta\u00f1o, Remarcando La Forma De Vivir Con Pinceladas Crudas Y Dram\u00e1ticas - Multisitio 2\" \/>\n<meta property=\"og:description\" content=\"EL SOBRANTE, California, 29 de mayo de 2020 \/PRNewswire-HISPANIC PR WIRE\/ -- Los tiempos idos, es una obra escrita por la mano del autor Maurilio Mercado, oriundo de Ocotes de Moya, un poblado peque\u00f1o al sur del municipio de Yahaulica, Jalisco, M\u00e9xico. Fue el menor de tres hermanos de una familia dedicada a la agricultura y a la ganader\u00eda. Estudi\u00f3 la carrera de ingeniero agr\u00f3nomo en la Universidad de Guadalajara. A...\" \/>\n<meta property=\"og:url\" content=\"https:\/\/wordpress2.hdnweb.com\/en\/2020\/05\/29\/la-mas-reciente-obra-publicada-del-autor-maurilio-mercado-los-tiempos-idos-una-novela-que-nos-remonta-a-los-tiempos-de-antano-remarcando-la-forma-de-vivir-con-pinceladas-crudas-y-dramaticas-3\/\" \/>\n<meta property=\"og:site_name\" content=\"Multisitio 2\" \/>\n<meta property=\"article:published_time\" content=\"2020-05-29T06:00:00+00:00\" \/>\n<meta property=\"og:image\" content=\"https:\/\/wordpress2.hdnweb.com\/wp-content\/uploads\/2020\/05\/7079_1_42897.jpg\" \/>\n\t<meta property=\"og:image:width\" content=\"1333\" \/>\n\t<meta property=\"og:image:height\" content=\"2000\" \/>\n\t<meta property=\"og:image:type\" content=\"image\/jpeg\" \/>\n<meta name=\"author\" content=\"venred\" \/>\n<meta name=\"twitter:card\" content=\"summary_large_image\" \/>\n<meta name=\"twitter:label1\" content=\"Written by\" \/>\n\t<meta name=\"twitter:data1\" content=\"venred\" \/>\n\t<meta name=\"twitter:label2\" content=\"Est. reading time\" \/>\n\t<meta name=\"twitter:data2\" content=\"3 minutes\" \/>\n<script type=\"application\/ld+json\" class=\"yoast-schema-graph\">{\"@context\":\"https:\\\/\\\/schema.org\",\"@graph\":[{\"@type\":\"Article\",\"@id\":\"https:\\\/\\\/wordpress2.hdnweb.com\\\/2020\\\/05\\\/29\\\/la-mas-reciente-obra-publicada-del-autor-maurilio-mercado-los-tiempos-idos-una-novela-que-nos-remonta-a-los-tiempos-de-antano-remarcando-la-forma-de-vivir-con-pinceladas-crudas-y-dramaticas-3\\\/#article\",\"isPartOf\":{\"@id\":\"https:\\\/\\\/wordpress2.hdnweb.com\\\/2020\\\/05\\\/29\\\/la-mas-reciente-obra-publicada-del-autor-maurilio-mercado-los-tiempos-idos-una-novela-que-nos-remonta-a-los-tiempos-de-antano-remarcando-la-forma-de-vivir-con-pinceladas-crudas-y-dramaticas-3\\\/\"},\"author\":{\"name\":\"venred\",\"@id\":\"https:\\\/\\\/wordpress2.hdnweb.com\\\/#\\\/schema\\\/person\\\/c112e8e970f2cfc8553cdb5392b493ad\"},\"headline\":\"(Espa\u00f1ol) La M\u00e1s Reciente Obra Publicada Del Autor Maurilio Mercado, Los Tiempos Idos, Una Novela Que Nos Remonta A Los Tiempos De Anta\u00f1o, Remarcando La Forma De Vivir Con Pinceladas Crudas Y Dram\u00e1ticas\",\"datePublished\":\"2020-05-29T06:00:00+00:00\",\"mainEntityOfPage\":{\"@id\":\"https:\\\/\\\/wordpress2.hdnweb.com\\\/2020\\\/05\\\/29\\\/la-mas-reciente-obra-publicada-del-autor-maurilio-mercado-los-tiempos-idos-una-novela-que-nos-remonta-a-los-tiempos-de-antano-remarcando-la-forma-de-vivir-con-pinceladas-crudas-y-dramaticas-3\\\/\"},\"wordCount\":683,\"commentCount\":0,\"image\":{\"@id\":\"https:\\\/\\\/wordpress2.hdnweb.com\\\/2020\\\/05\\\/29\\\/la-mas-reciente-obra-publicada-del-autor-maurilio-mercado-los-tiempos-idos-una-novela-que-nos-remonta-a-los-tiempos-de-antano-remarcando-la-forma-de-vivir-con-pinceladas-crudas-y-dramaticas-3\\\/#primaryimage\"},\"thumbnailUrl\":\"https:\\\/\\\/wordpress2.hdnweb.com\\\/wp-content\\\/uploads\\\/2020\\\/05\\\/7079_1_42897.jpg\",\"articleSection\":[\"Luis jimenez\"],\"inLanguage\":\"en-US\"},{\"@type\":\"WebPage\",\"@id\":\"https:\\\/\\\/wordpress2.hdnweb.com\\\/en\\\/2020\\\/05\\\/29\\\/la-mas-reciente-obra-publicada-del-autor-maurilio-mercado-los-tiempos-idos-una-novela-que-nos-remonta-a-los-tiempos-de-antano-remarcando-la-forma-de-vivir-con-pinceladas-crudas-y-dramaticas-3\\\/\",\"url\":\"https:\\\/\\\/wordpress2.hdnweb.com\\\/en\\\/2020\\\/05\\\/29\\\/la-mas-reciente-obra-publicada-del-autor-maurilio-mercado-los-tiempos-idos-una-novela-que-nos-remonta-a-los-tiempos-de-antano-remarcando-la-forma-de-vivir-con-pinceladas-crudas-y-dramaticas-3\\\/\",\"name\":\"La M\u00e1s Reciente Obra Publicada Del Autor Maurilio Mercado, Los Tiempos Idos, Una Novela Que Nos Remonta A Los Tiempos De Anta\u00f1o, Remarcando La Forma De Vivir Con Pinceladas Crudas Y Dram\u00e1ticas - Multisitio 2\",\"isPartOf\":{\"@id\":\"https:\\\/\\\/wordpress2.hdnweb.com\\\/en\\\/#website\"},\"primaryImageOfPage\":{\"@id\":\"https:\\\/\\\/wordpress2.hdnweb.com\\\/en\\\/2020\\\/05\\\/29\\\/la-mas-reciente-obra-publicada-del-autor-maurilio-mercado-los-tiempos-idos-una-novela-que-nos-remonta-a-los-tiempos-de-antano-remarcando-la-forma-de-vivir-con-pinceladas-crudas-y-dramaticas-3\\\/#primaryimage\"},\"image\":{\"@id\":\"https:\\\/\\\/wordpress2.hdnweb.com\\\/2020\\\/05\\\/29\\\/la-mas-reciente-obra-publicada-del-autor-maurilio-mercado-los-tiempos-idos-una-novela-que-nos-remonta-a-los-tiempos-de-antano-remarcando-la-forma-de-vivir-con-pinceladas-crudas-y-dramaticas-3\\\/#primaryimage\"},\"thumbnailUrl\":\"https:\\\/\\\/wordpress2.hdnweb.com\\\/wp-content\\\/uploads\\\/2020\\\/05\\\/7079_1_42897.jpg\",\"datePublished\":\"2020-05-29T06:00:00+00:00\",\"author\":{\"@id\":\"https:\\\/\\\/wordpress2.hdnweb.com\\\/#\\\/schema\\\/person\\\/c112e8e970f2cfc8553cdb5392b493ad\"},\"breadcrumb\":{\"@id\":\"https:\\\/\\\/wordpress2.hdnweb.com\\\/en\\\/2020\\\/05\\\/29\\\/la-mas-reciente-obra-publicada-del-autor-maurilio-mercado-los-tiempos-idos-una-novela-que-nos-remonta-a-los-tiempos-de-antano-remarcando-la-forma-de-vivir-con-pinceladas-crudas-y-dramaticas-3\\\/#breadcrumb\"},\"inLanguage\":\"en-US\",\"potentialAction\":[{\"@type\":\"ReadAction\",\"target\":[[\"https:\\\/\\\/wordpress2.hdnweb.com\\\/en\\\/2020\\\/05\\\/29\\\/la-mas-reciente-obra-publicada-del-autor-maurilio-mercado-los-tiempos-idos-una-novela-que-nos-remonta-a-los-tiempos-de-antano-remarcando-la-forma-de-vivir-con-pinceladas-crudas-y-dramaticas-3\\\/\"]]}]},{\"@type\":\"ImageObject\",\"inLanguage\":\"en-US\",\"@id\":\"https:\\\/\\\/wordpress2.hdnweb.com\\\/en\\\/2020\\\/05\\\/29\\\/la-mas-reciente-obra-publicada-del-autor-maurilio-mercado-los-tiempos-idos-una-novela-que-nos-remonta-a-los-tiempos-de-antano-remarcando-la-forma-de-vivir-con-pinceladas-crudas-y-dramaticas-3\\\/#primaryimage\",\"url\":\"https:\\\/\\\/wordpress2.hdnweb.com\\\/wp-content\\\/uploads\\\/2020\\\/05\\\/7079_1_42897.jpg\",\"contentUrl\":\"https:\\\/\\\/wordpress2.hdnweb.com\\\/wp-content\\\/uploads\\\/2020\\\/05\\\/7079_1_42897.jpg\",\"width\":1333,\"height\":2000,\"caption\":\"Maurilio_Mercado\"},{\"@type\":\"BreadcrumbList\",\"@id\":\"https:\\\/\\\/wordpress2.hdnweb.com\\\/en\\\/2020\\\/05\\\/29\\\/la-mas-reciente-obra-publicada-del-autor-maurilio-mercado-los-tiempos-idos-una-novela-que-nos-remonta-a-los-tiempos-de-antano-remarcando-la-forma-de-vivir-con-pinceladas-crudas-y-dramaticas-3\\\/#breadcrumb\",\"itemListElement\":[{\"@type\":\"ListItem\",\"position\":1,\"name\":\"Portada\",\"item\":\"https:\\\/\\\/wordpress2.hdnweb.com\\\/en\\\/\"},{\"@type\":\"ListItem\",\"position\":2,\"name\":\"La M\u00e1s Reciente Obra Publicada Del Autor Maurilio Mercado, Los Tiempos Idos, Una Novela Que Nos Remonta A Los Tiempos De Anta\u00f1o, Remarcando La Forma De Vivir Con Pinceladas Crudas Y Dram\u00e1ticas\"}]},{\"@type\":\"WebSite\",\"@id\":\"https:\\\/\\\/wordpress2.hdnweb.com\\\/en\\\/#website\",\"url\":\"https:\\\/\\\/wordpress2.hdnweb.com\\\/en\\\/\",\"name\":\"Multisitio 2\",\"description\":\"\",\"potentialAction\":[{\"@type\":\"SearchAction\",\"target\":{\"@type\":\"EntryPoint\",\"urlTemplate\":\"https:\\\/\\\/wordpress2.hdnweb.com\\\/en\\\/?s={search_term_string}\"},\"query-input\":{\"@type\":\"PropertyValueSpecification\",\"valueRequired\":true,\"valueName\":\"search_term_string\"}}],\"inLanguage\":\"en-US\"},{\"@type\":\"Person\",\"@id\":\"https:\\\/\\\/wordpress2.hdnweb.com\\\/#\\\/schema\\\/person\\\/c112e8e970f2cfc8553cdb5392b493ad\",\"name\":\"venred\",\"image\":{\"@type\":\"ImageObject\",\"inLanguage\":\"en-US\",\"@id\":\"https:\\\/\\\/secure.gravatar.com\\\/avatar\\\/2b023a883433f83ad0a3036a7ba60d3133c4e0619f3bca6230ba8c7521b6dec8?s=96&d=mm&r=g\",\"url\":\"https:\\\/\\\/secure.gravatar.com\\\/avatar\\\/2b023a883433f83ad0a3036a7ba60d3133c4e0619f3bca6230ba8c7521b6dec8?s=96&d=mm&r=g\",\"contentUrl\":\"https:\\\/\\\/secure.gravatar.com\\\/avatar\\\/2b023a883433f83ad0a3036a7ba60d3133c4e0619f3bca6230ba8c7521b6dec8?s=96&d=mm&r=g\",\"caption\":\"venred\"},\"url\":\"https:\\\/\\\/wordpress2.hdnweb.com\\\/en\\\/author\\\/venred\\\/\"}]}<\/script>\n<!-- \/ Yoast SEO plugin. -->","yoast_head_json":{"title":"La M\u00e1s Reciente Obra Publicada Del Autor Maurilio Mercado, Los Tiempos Idos, Una Novela Que Nos Remonta A Los Tiempos De Anta\u00f1o, Remarcando La Forma De Vivir Con Pinceladas Crudas Y Dram\u00e1ticas - Multisitio 2","robots":{"index":"index","follow":"follow","max-snippet":"max-snippet:-1","max-image-preview":"max-image-preview:large","max-video-preview":"max-video-preview:-1"},"canonical":"https:\/\/wordpress2.hdnweb.com\/en\/2020\/05\/29\/la-mas-reciente-obra-publicada-del-autor-maurilio-mercado-los-tiempos-idos-una-novela-que-nos-remonta-a-los-tiempos-de-antano-remarcando-la-forma-de-vivir-con-pinceladas-crudas-y-dramaticas-3\/","og_locale":"en_US","og_type":"article","og_title":"La M\u00e1s Reciente Obra Publicada Del Autor Maurilio Mercado, Los Tiempos Idos, Una Novela Que Nos Remonta A Los Tiempos De Anta\u00f1o, Remarcando La Forma De Vivir Con Pinceladas Crudas Y Dram\u00e1ticas - Multisitio 2","og_description":"EL SOBRANTE, California, 29 de mayo de 2020 \/PRNewswire-HISPANIC PR WIRE\/ -- Los tiempos idos, es una obra escrita por la mano del autor Maurilio Mercado, oriundo de Ocotes de Moya, un poblado peque\u00f1o al sur del municipio de Yahaulica, Jalisco, M\u00e9xico. Fue el menor de tres hermanos de una familia dedicada a la agricultura y a la ganader\u00eda. Estudi\u00f3 la carrera de ingeniero agr\u00f3nomo en la Universidad de Guadalajara. A...","og_url":"https:\/\/wordpress2.hdnweb.com\/en\/2020\/05\/29\/la-mas-reciente-obra-publicada-del-autor-maurilio-mercado-los-tiempos-idos-una-novela-que-nos-remonta-a-los-tiempos-de-antano-remarcando-la-forma-de-vivir-con-pinceladas-crudas-y-dramaticas-3\/","og_site_name":"Multisitio 2","article_published_time":"2020-05-29T06:00:00+00:00","og_image":[{"width":1333,"height":2000,"url":"https:\/\/wordpress2.hdnweb.com\/wp-content\/uploads\/2020\/05\/7079_1_42897.jpg","type":"image\/jpeg"}],"author":"venred","twitter_card":"summary_large_image","twitter_misc":{"Written by":"venred","Est. reading time":"3 minutes"},"schema":{"@context":"https:\/\/schema.org","@graph":[{"@type":"Article","@id":"https:\/\/wordpress2.hdnweb.com\/2020\/05\/29\/la-mas-reciente-obra-publicada-del-autor-maurilio-mercado-los-tiempos-idos-una-novela-que-nos-remonta-a-los-tiempos-de-antano-remarcando-la-forma-de-vivir-con-pinceladas-crudas-y-dramaticas-3\/#article","isPartOf":{"@id":"https:\/\/wordpress2.hdnweb.com\/2020\/05\/29\/la-mas-reciente-obra-publicada-del-autor-maurilio-mercado-los-tiempos-idos-una-novela-que-nos-remonta-a-los-tiempos-de-antano-remarcando-la-forma-de-vivir-con-pinceladas-crudas-y-dramaticas-3\/"},"author":{"name":"venred","@id":"https:\/\/wordpress2.hdnweb.com\/#\/schema\/person\/c112e8e970f2cfc8553cdb5392b493ad"},"headline":"(Espa\u00f1ol) La M\u00e1s Reciente Obra Publicada Del Autor Maurilio Mercado, Los Tiempos Idos, Una Novela Que Nos Remonta A Los Tiempos De Anta\u00f1o, Remarcando La Forma De Vivir Con Pinceladas Crudas Y Dram\u00e1ticas","datePublished":"2020-05-29T06:00:00+00:00","mainEntityOfPage":{"@id":"https:\/\/wordpress2.hdnweb.com\/2020\/05\/29\/la-mas-reciente-obra-publicada-del-autor-maurilio-mercado-los-tiempos-idos-una-novela-que-nos-remonta-a-los-tiempos-de-antano-remarcando-la-forma-de-vivir-con-pinceladas-crudas-y-dramaticas-3\/"},"wordCount":683,"commentCount":0,"image":{"@id":"https:\/\/wordpress2.hdnweb.com\/2020\/05\/29\/la-mas-reciente-obra-publicada-del-autor-maurilio-mercado-los-tiempos-idos-una-novela-que-nos-remonta-a-los-tiempos-de-antano-remarcando-la-forma-de-vivir-con-pinceladas-crudas-y-dramaticas-3\/#primaryimage"},"thumbnailUrl":"https:\/\/wordpress2.hdnweb.com\/wp-content\/uploads\/2020\/05\/7079_1_42897.jpg","articleSection":["Luis jimenez"],"inLanguage":"en-US"},{"@type":"WebPage","@id":"https:\/\/wordpress2.hdnweb.com\/en\/2020\/05\/29\/la-mas-reciente-obra-publicada-del-autor-maurilio-mercado-los-tiempos-idos-una-novela-que-nos-remonta-a-los-tiempos-de-antano-remarcando-la-forma-de-vivir-con-pinceladas-crudas-y-dramaticas-3\/","url":"https:\/\/wordpress2.hdnweb.com\/en\/2020\/05\/29\/la-mas-reciente-obra-publicada-del-autor-maurilio-mercado-los-tiempos-idos-una-novela-que-nos-remonta-a-los-tiempos-de-antano-remarcando-la-forma-de-vivir-con-pinceladas-crudas-y-dramaticas-3\/","name":"La M\u00e1s Reciente Obra Publicada Del Autor Maurilio Mercado, Los Tiempos Idos, Una Novela Que Nos Remonta A Los Tiempos De Anta\u00f1o, Remarcando La Forma De Vivir Con Pinceladas Crudas Y Dram\u00e1ticas - Multisitio 2","isPartOf":{"@id":"https:\/\/wordpress2.hdnweb.com\/en\/#website"},"primaryImageOfPage":{"@id":"https:\/\/wordpress2.hdnweb.com\/en\/2020\/05\/29\/la-mas-reciente-obra-publicada-del-autor-maurilio-mercado-los-tiempos-idos-una-novela-que-nos-remonta-a-los-tiempos-de-antano-remarcando-la-forma-de-vivir-con-pinceladas-crudas-y-dramaticas-3\/#primaryimage"},"image":{"@id":"https:\/\/wordpress2.hdnweb.com\/2020\/05\/29\/la-mas-reciente-obra-publicada-del-autor-maurilio-mercado-los-tiempos-idos-una-novela-que-nos-remonta-a-los-tiempos-de-antano-remarcando-la-forma-de-vivir-con-pinceladas-crudas-y-dramaticas-3\/#primaryimage"},"thumbnailUrl":"https:\/\/wordpress2.hdnweb.com\/wp-content\/uploads\/2020\/05\/7079_1_42897.jpg","datePublished":"2020-05-29T06:00:00+00:00","author":{"@id":"https:\/\/wordpress2.hdnweb.com\/#\/schema\/person\/c112e8e970f2cfc8553cdb5392b493ad"},"breadcrumb":{"@id":"https:\/\/wordpress2.hdnweb.com\/en\/2020\/05\/29\/la-mas-reciente-obra-publicada-del-autor-maurilio-mercado-los-tiempos-idos-una-novela-que-nos-remonta-a-los-tiempos-de-antano-remarcando-la-forma-de-vivir-con-pinceladas-crudas-y-dramaticas-3\/#breadcrumb"},"inLanguage":"en-US","potentialAction":[{"@type":"ReadAction","target":[["https:\/\/wordpress2.hdnweb.com\/en\/2020\/05\/29\/la-mas-reciente-obra-publicada-del-autor-maurilio-mercado-los-tiempos-idos-una-novela-que-nos-remonta-a-los-tiempos-de-antano-remarcando-la-forma-de-vivir-con-pinceladas-crudas-y-dramaticas-3\/"]]}]},{"@type":"ImageObject","inLanguage":"en-US","@id":"https:\/\/wordpress2.hdnweb.com\/en\/2020\/05\/29\/la-mas-reciente-obra-publicada-del-autor-maurilio-mercado-los-tiempos-idos-una-novela-que-nos-remonta-a-los-tiempos-de-antano-remarcando-la-forma-de-vivir-con-pinceladas-crudas-y-dramaticas-3\/#primaryimage","url":"https:\/\/wordpress2.hdnweb.com\/wp-content\/uploads\/2020\/05\/7079_1_42897.jpg","contentUrl":"https:\/\/wordpress2.hdnweb.com\/wp-content\/uploads\/2020\/05\/7079_1_42897.jpg","width":1333,"height":2000,"caption":"Maurilio_Mercado"},{"@type":"BreadcrumbList","@id":"https:\/\/wordpress2.hdnweb.com\/en\/2020\/05\/29\/la-mas-reciente-obra-publicada-del-autor-maurilio-mercado-los-tiempos-idos-una-novela-que-nos-remonta-a-los-tiempos-de-antano-remarcando-la-forma-de-vivir-con-pinceladas-crudas-y-dramaticas-3\/#breadcrumb","itemListElement":[{"@type":"ListItem","position":1,"name":"Portada","item":"https:\/\/wordpress2.hdnweb.com\/en\/"},{"@type":"ListItem","position":2,"name":"La M\u00e1s Reciente Obra Publicada Del Autor Maurilio Mercado, Los Tiempos Idos, Una Novela Que Nos Remonta A Los Tiempos De Anta\u00f1o, Remarcando La Forma De Vivir Con Pinceladas Crudas Y Dram\u00e1ticas"}]},{"@type":"WebSite","@id":"https:\/\/wordpress2.hdnweb.com\/en\/#website","url":"https:\/\/wordpress2.hdnweb.com\/en\/","name":"Multisitio 2","description":"","potentialAction":[{"@type":"SearchAction","target":{"@type":"EntryPoint","urlTemplate":"https:\/\/wordpress2.hdnweb.com\/en\/?s={search_term_string}"},"query-input":{"@type":"PropertyValueSpecification","valueRequired":true,"valueName":"search_term_string"}}],"inLanguage":"en-US"},{"@type":"Person","@id":"https:\/\/wordpress2.hdnweb.com\/#\/schema\/person\/c112e8e970f2cfc8553cdb5392b493ad","name":"venred","image":{"@type":"ImageObject","inLanguage":"en-US","@id":"https:\/\/secure.gravatar.com\/avatar\/2b023a883433f83ad0a3036a7ba60d3133c4e0619f3bca6230ba8c7521b6dec8?s=96&d=mm&r=g","url":"https:\/\/secure.gravatar.com\/avatar\/2b023a883433f83ad0a3036a7ba60d3133c4e0619f3bca6230ba8c7521b6dec8?s=96&d=mm&r=g","contentUrl":"https:\/\/secure.gravatar.com\/avatar\/2b023a883433f83ad0a3036a7ba60d3133c4e0619f3bca6230ba8c7521b6dec8?s=96&d=mm&r=g","caption":"venred"},"url":"https:\/\/wordpress2.hdnweb.com\/en\/author\/venred\/"}]}},"_links":{"self":[{"href":"https:\/\/wordpress2.hdnweb.com\/en\/wp-json\/wp\/v2\/posts\/7079","targetHints":{"allow":["GET"]}}],"collection":[{"href":"https:\/\/wordpress2.hdnweb.com\/en\/wp-json\/wp\/v2\/posts"}],"about":[{"href":"https:\/\/wordpress2.hdnweb.com\/en\/wp-json\/wp\/v2\/types\/post"}],"author":[{"embeddable":true,"href":"https:\/\/wordpress2.hdnweb.com\/en\/wp-json\/wp\/v2\/users\/1"}],"replies":[{"embeddable":true,"href":"https:\/\/wordpress2.hdnweb.com\/en\/wp-json\/wp\/v2\/comments?post=7079"}],"version-history":[{"count":0,"href":"https:\/\/wordpress2.hdnweb.com\/en\/wp-json\/wp\/v2\/posts\/7079\/revisions"}],"wp:featuredmedia":[{"embeddable":true,"href":"https:\/\/wordpress2.hdnweb.com\/en\/wp-json\/wp\/v2\/media\/7080"}],"wp:attachment":[{"href":"https:\/\/wordpress2.hdnweb.com\/en\/wp-json\/wp\/v2\/media?parent=7079"}],"wp:term":[{"taxonomy":"category","embeddable":true,"href":"https:\/\/wordpress2.hdnweb.com\/en\/wp-json\/wp\/v2\/categories?post=7079"},{"taxonomy":"post_tag","embeddable":true,"href":"https:\/\/wordpress2.hdnweb.com\/en\/wp-json\/wp\/v2\/tags?post=7079"}],"curies":[{"name":"wp","href":"https:\/\/api.w.org\/{rel}","templated":true}]}}