{"id":8658,"date":"2020-06-11T06:00:00","date_gmt":"2020-06-11T06:00:00","guid":{"rendered":"http:\/\/wordpress2.hdnweb.com\/2020\/06\/11\/el-nuevo-libro-de-victoria-navarro-el-dolor-de-los-profesionales-escondido-como-un-antifaz-una-obra-que-ofrece-lo-necesario-para-lograr-la-pacifica-transformacion-de-la-vida-4\/"},"modified":"2020-06-11T06:00:00","modified_gmt":"2020-06-11T06:00:00","slug":"el-nuevo-libro-de-victoria-navarro-el-dolor-de-los-profesionales-escondido-como-un-antifaz-una-obra-que-ofrece-lo-necesario-para-lograr-la-pacifica-transformacion-de-la-vida-4","status":"publish","type":"post","link":"https:\/\/wordpress2.hdnweb.com\/en\/2020\/06\/11\/el-nuevo-libro-de-victoria-navarro-el-dolor-de-los-profesionales-escondido-como-un-antifaz-una-obra-que-ofrece-lo-necesario-para-lograr-la-pacifica-transformacion-de-la-vida-4\/","title":{"rendered":"(Espa\u00f1ol) El nuevo libro de Victoria Navarro, El Dolor De Los Profesionales Escondido Como Un Antifaz, una obra que ofrece lo necesario para lograr la pac\u00edfica transformaci\u00f3n de la vida"},"content":{"rendered":"<p class=\"qtranxs-available-languages-message qtranxs-available-languages-message-en\">Sorry, this entry is only available in <a href=\"https:\/\/wordpress2.hdnweb.com\/es\/wp-json\/wp\/v2\/posts\/8658\" class=\"qtranxs-available-language-link qtranxs-available-language-link-es\" title=\"Espa\u00f1ol\">Espa\u00f1ol<\/a>.<\/p>","protected":false},"excerpt":{"rendered":"<p class=\"qtranxs-available-languages-message qtranxs-available-languages-message-en\">Sorry, this entry is only available in <a href=\"https:\/\/wordpress2.hdnweb.com\/es\/wp-json\/wp\/v2\/posts\/8658\" class=\"qtranxs-available-language-link qtranxs-available-language-link-es\" title=\"Espa\u00f1ol\">Espa\u00f1ol<\/a>.<\/p>\n","protected":false},"author":1,"featured_media":8659,"comment_status":"open","ping_status":"open","sticky":false,"template":"","format":"standard","meta":{"_acf_changed":false,"_monsterinsights_skip_tracking":false,"_monsterinsights_sitenote_active":false,"_monsterinsights_sitenote_note":"","_monsterinsights_sitenote_category":0,"footnotes":""},"categories":[2],"tags":[],"class_list":["post-8658","post","type-post","status-publish","format-standard","has-post-thumbnail","hentry","category-soraya-alcala"],"acf":[],"yoast_head":"<!-- This site is optimized with the Yoast SEO plugin v27.5 - https:\/\/yoast.com\/product\/yoast-seo-wordpress\/ -->\n<title>El nuevo libro de Victoria Navarro, El Dolor De Los Profesionales Escondido Como Un Antifaz, una obra que ofrece lo necesario para lograr la pac\u00edfica transformaci\u00f3n de la vida - Multisitio 2<\/title>\n<meta name=\"robots\" content=\"index, follow, max-snippet:-1, max-image-preview:large, max-video-preview:-1\" \/>\n<link rel=\"canonical\" href=\"https:\/\/wordpress2.hdnweb.com\/en\/2020\/06\/11\/el-nuevo-libro-de-victoria-navarro-el-dolor-de-los-profesionales-escondido-como-un-antifaz-una-obra-que-ofrece-lo-necesario-para-lograr-la-pacifica-transformacion-de-la-vida-4\/\" \/>\n<meta property=\"og:locale\" content=\"en_US\" \/>\n<meta property=\"og:type\" content=\"article\" \/>\n<meta property=\"og:title\" content=\"El nuevo libro de Victoria Navarro, El Dolor De Los Profesionales Escondido Como Un Antifaz, una obra que ofrece lo necesario para lograr la pac\u00edfica transformaci\u00f3n de la vida - Multisitio 2\" \/>\n<meta property=\"og:description\" content=\"DELAWARE, Ohio, 11 de junio de 2020 \/PRNewswire-HISPANIC PR WIRE\/ -- Victoria Navarro, fiel creyente de Dios, naci\u00f3 en Can\u00f3vanas, Puerto Rico en el a\u00f1o 1967, es la antepen\u00faltima de siete hermanos. Navarro termin\u00f3 sus estudios en la Escuela Superior en Puerto Rico. En 1996, se gradu\u00f3 de enfermera y trabaj\u00f3 en dicha profesi\u00f3n por quince a\u00f1os. En 2001, adquiri\u00f3 un curso de peque\u00f1os negocios, en...\" \/>\n<meta property=\"og:url\" content=\"https:\/\/wordpress2.hdnweb.com\/en\/2020\/06\/11\/el-nuevo-libro-de-victoria-navarro-el-dolor-de-los-profesionales-escondido-como-un-antifaz-una-obra-que-ofrece-lo-necesario-para-lograr-la-pacifica-transformacion-de-la-vida-4\/\" \/>\n<meta property=\"og:site_name\" content=\"Multisitio 2\" \/>\n<meta property=\"article:published_time\" content=\"2020-06-11T06:00:00+00:00\" \/>\n<meta property=\"og:image\" content=\"https:\/\/wordpress2.hdnweb.com\/wp-content\/uploads\/2020\/05\/8658_1_44320.jpg\" \/>\n\t<meta property=\"og:image:width\" content=\"1333\" \/>\n\t<meta property=\"og:image:height\" content=\"2000\" \/>\n\t<meta property=\"og:image:type\" content=\"image\/jpeg\" \/>\n<meta name=\"author\" content=\"venred\" \/>\n<meta name=\"twitter:card\" content=\"summary_large_image\" \/>\n<meta name=\"twitter:label1\" content=\"Written by\" \/>\n\t<meta name=\"twitter:data1\" content=\"venred\" \/>\n\t<meta name=\"twitter:label2\" content=\"Est. reading time\" \/>\n\t<meta name=\"twitter:data2\" content=\"3 minutes\" \/>\n<script type=\"application\/ld+json\" class=\"yoast-schema-graph\">{\"@context\":\"https:\\\/\\\/schema.org\",\"@graph\":[{\"@type\":\"Article\",\"@id\":\"https:\\\/\\\/wordpress2.hdnweb.com\\\/2020\\\/06\\\/11\\\/el-nuevo-libro-de-victoria-navarro-el-dolor-de-los-profesionales-escondido-como-un-antifaz-una-obra-que-ofrece-lo-necesario-para-lograr-la-pacifica-transformacion-de-la-vida-4\\\/#article\",\"isPartOf\":{\"@id\":\"https:\\\/\\\/wordpress2.hdnweb.com\\\/2020\\\/06\\\/11\\\/el-nuevo-libro-de-victoria-navarro-el-dolor-de-los-profesionales-escondido-como-un-antifaz-una-obra-que-ofrece-lo-necesario-para-lograr-la-pacifica-transformacion-de-la-vida-4\\\/\"},\"author\":{\"name\":\"venred\",\"@id\":\"https:\\\/\\\/wordpress2.hdnweb.com\\\/#\\\/schema\\\/person\\\/c112e8e970f2cfc8553cdb5392b493ad\"},\"headline\":\"(Espa\u00f1ol) El nuevo libro de Victoria Navarro, El Dolor De Los Profesionales Escondido Como Un Antifaz, una obra que ofrece lo necesario para lograr la pac\u00edfica transformaci\u00f3n de la vida\",\"datePublished\":\"2020-06-11T06:00:00+00:00\",\"mainEntityOfPage\":{\"@id\":\"https:\\\/\\\/wordpress2.hdnweb.com\\\/2020\\\/06\\\/11\\\/el-nuevo-libro-de-victoria-navarro-el-dolor-de-los-profesionales-escondido-como-un-antifaz-una-obra-que-ofrece-lo-necesario-para-lograr-la-pacifica-transformacion-de-la-vida-4\\\/\"},\"wordCount\":633,\"commentCount\":0,\"image\":{\"@id\":\"https:\\\/\\\/wordpress2.hdnweb.com\\\/2020\\\/06\\\/11\\\/el-nuevo-libro-de-victoria-navarro-el-dolor-de-los-profesionales-escondido-como-un-antifaz-una-obra-que-ofrece-lo-necesario-para-lograr-la-pacifica-transformacion-de-la-vida-4\\\/#primaryimage\"},\"thumbnailUrl\":\"https:\\\/\\\/wordpress2.hdnweb.com\\\/wp-content\\\/uploads\\\/2020\\\/05\\\/8658_1_44320.jpg\",\"articleSection\":[\"Soraya Alcala\"],\"inLanguage\":\"en-US\"},{\"@type\":\"WebPage\",\"@id\":\"https:\\\/\\\/wordpress2.hdnweb.com\\\/en\\\/2020\\\/06\\\/11\\\/el-nuevo-libro-de-victoria-navarro-el-dolor-de-los-profesionales-escondido-como-un-antifaz-una-obra-que-ofrece-lo-necesario-para-lograr-la-pacifica-transformacion-de-la-vida-4\\\/\",\"url\":\"https:\\\/\\\/wordpress2.hdnweb.com\\\/en\\\/2020\\\/06\\\/11\\\/el-nuevo-libro-de-victoria-navarro-el-dolor-de-los-profesionales-escondido-como-un-antifaz-una-obra-que-ofrece-lo-necesario-para-lograr-la-pacifica-transformacion-de-la-vida-4\\\/\",\"name\":\"El nuevo libro de Victoria Navarro, El Dolor De Los Profesionales Escondido Como Un Antifaz, una obra que ofrece lo necesario para lograr la pac\u00edfica transformaci\u00f3n de la vida - Multisitio 2\",\"isPartOf\":{\"@id\":\"https:\\\/\\\/wordpress2.hdnweb.com\\\/en\\\/#website\"},\"primaryImageOfPage\":{\"@id\":\"https:\\\/\\\/wordpress2.hdnweb.com\\\/en\\\/2020\\\/06\\\/11\\\/el-nuevo-libro-de-victoria-navarro-el-dolor-de-los-profesionales-escondido-como-un-antifaz-una-obra-que-ofrece-lo-necesario-para-lograr-la-pacifica-transformacion-de-la-vida-4\\\/#primaryimage\"},\"image\":{\"@id\":\"https:\\\/\\\/wordpress2.hdnweb.com\\\/2020\\\/06\\\/11\\\/el-nuevo-libro-de-victoria-navarro-el-dolor-de-los-profesionales-escondido-como-un-antifaz-una-obra-que-ofrece-lo-necesario-para-lograr-la-pacifica-transformacion-de-la-vida-4\\\/#primaryimage\"},\"thumbnailUrl\":\"https:\\\/\\\/wordpress2.hdnweb.com\\\/wp-content\\\/uploads\\\/2020\\\/05\\\/8658_1_44320.jpg\",\"datePublished\":\"2020-06-11T06:00:00+00:00\",\"author\":{\"@id\":\"https:\\\/\\\/wordpress2.hdnweb.com\\\/#\\\/schema\\\/person\\\/c112e8e970f2cfc8553cdb5392b493ad\"},\"breadcrumb\":{\"@id\":\"https:\\\/\\\/wordpress2.hdnweb.com\\\/en\\\/2020\\\/06\\\/11\\\/el-nuevo-libro-de-victoria-navarro-el-dolor-de-los-profesionales-escondido-como-un-antifaz-una-obra-que-ofrece-lo-necesario-para-lograr-la-pacifica-transformacion-de-la-vida-4\\\/#breadcrumb\"},\"inLanguage\":\"en-US\",\"potentialAction\":[{\"@type\":\"ReadAction\",\"target\":[[\"https:\\\/\\\/wordpress2.hdnweb.com\\\/en\\\/2020\\\/06\\\/11\\\/el-nuevo-libro-de-victoria-navarro-el-dolor-de-los-profesionales-escondido-como-un-antifaz-una-obra-que-ofrece-lo-necesario-para-lograr-la-pacifica-transformacion-de-la-vida-4\\\/\"]]}]},{\"@type\":\"ImageObject\",\"inLanguage\":\"en-US\",\"@id\":\"https:\\\/\\\/wordpress2.hdnweb.com\\\/en\\\/2020\\\/06\\\/11\\\/el-nuevo-libro-de-victoria-navarro-el-dolor-de-los-profesionales-escondido-como-un-antifaz-una-obra-que-ofrece-lo-necesario-para-lograr-la-pacifica-transformacion-de-la-vida-4\\\/#primaryimage\",\"url\":\"https:\\\/\\\/wordpress2.hdnweb.com\\\/wp-content\\\/uploads\\\/2020\\\/05\\\/8658_1_44320.jpg\",\"contentUrl\":\"https:\\\/\\\/wordpress2.hdnweb.com\\\/wp-content\\\/uploads\\\/2020\\\/05\\\/8658_1_44320.jpg\",\"width\":1333,\"height\":2000,\"caption\":\"Navarro\"},{\"@type\":\"BreadcrumbList\",\"@id\":\"https:\\\/\\\/wordpress2.hdnweb.com\\\/en\\\/2020\\\/06\\\/11\\\/el-nuevo-libro-de-victoria-navarro-el-dolor-de-los-profesionales-escondido-como-un-antifaz-una-obra-que-ofrece-lo-necesario-para-lograr-la-pacifica-transformacion-de-la-vida-4\\\/#breadcrumb\",\"itemListElement\":[{\"@type\":\"ListItem\",\"position\":1,\"name\":\"Portada\",\"item\":\"https:\\\/\\\/wordpress2.hdnweb.com\\\/en\\\/\"},{\"@type\":\"ListItem\",\"position\":2,\"name\":\"El nuevo libro de Victoria Navarro, El Dolor De Los Profesionales Escondido Como Un Antifaz, una obra que ofrece lo necesario para lograr la pac\u00edfica transformaci\u00f3n de la vida\"}]},{\"@type\":\"WebSite\",\"@id\":\"https:\\\/\\\/wordpress2.hdnweb.com\\\/en\\\/#website\",\"url\":\"https:\\\/\\\/wordpress2.hdnweb.com\\\/en\\\/\",\"name\":\"Multisitio 2\",\"description\":\"\",\"potentialAction\":[{\"@type\":\"SearchAction\",\"target\":{\"@type\":\"EntryPoint\",\"urlTemplate\":\"https:\\\/\\\/wordpress2.hdnweb.com\\\/en\\\/?s={search_term_string}\"},\"query-input\":{\"@type\":\"PropertyValueSpecification\",\"valueRequired\":true,\"valueName\":\"search_term_string\"}}],\"inLanguage\":\"en-US\"},{\"@type\":\"Person\",\"@id\":\"https:\\\/\\\/wordpress2.hdnweb.com\\\/#\\\/schema\\\/person\\\/c112e8e970f2cfc8553cdb5392b493ad\",\"name\":\"venred\",\"image\":{\"@type\":\"ImageObject\",\"inLanguage\":\"en-US\",\"@id\":\"https:\\\/\\\/secure.gravatar.com\\\/avatar\\\/2b023a883433f83ad0a3036a7ba60d3133c4e0619f3bca6230ba8c7521b6dec8?s=96&d=mm&r=g\",\"url\":\"https:\\\/\\\/secure.gravatar.com\\\/avatar\\\/2b023a883433f83ad0a3036a7ba60d3133c4e0619f3bca6230ba8c7521b6dec8?s=96&d=mm&r=g\",\"contentUrl\":\"https:\\\/\\\/secure.gravatar.com\\\/avatar\\\/2b023a883433f83ad0a3036a7ba60d3133c4e0619f3bca6230ba8c7521b6dec8?s=96&d=mm&r=g\",\"caption\":\"venred\"},\"url\":\"https:\\\/\\\/wordpress2.hdnweb.com\\\/en\\\/author\\\/venred\\\/\"}]}<\/script>\n<!-- \/ Yoast SEO plugin. -->","yoast_head_json":{"title":"El nuevo libro de Victoria Navarro, El Dolor De Los Profesionales Escondido Como Un Antifaz, una obra que ofrece lo necesario para lograr la pac\u00edfica transformaci\u00f3n de la vida - Multisitio 2","robots":{"index":"index","follow":"follow","max-snippet":"max-snippet:-1","max-image-preview":"max-image-preview:large","max-video-preview":"max-video-preview:-1"},"canonical":"https:\/\/wordpress2.hdnweb.com\/en\/2020\/06\/11\/el-nuevo-libro-de-victoria-navarro-el-dolor-de-los-profesionales-escondido-como-un-antifaz-una-obra-que-ofrece-lo-necesario-para-lograr-la-pacifica-transformacion-de-la-vida-4\/","og_locale":"en_US","og_type":"article","og_title":"El nuevo libro de Victoria Navarro, El Dolor De Los Profesionales Escondido Como Un Antifaz, una obra que ofrece lo necesario para lograr la pac\u00edfica transformaci\u00f3n de la vida - Multisitio 2","og_description":"DELAWARE, Ohio, 11 de junio de 2020 \/PRNewswire-HISPANIC PR WIRE\/ -- Victoria Navarro, fiel creyente de Dios, naci\u00f3 en Can\u00f3vanas, Puerto Rico en el a\u00f1o 1967, es la antepen\u00faltima de siete hermanos. Navarro termin\u00f3 sus estudios en la Escuela Superior en Puerto Rico. En 1996, se gradu\u00f3 de enfermera y trabaj\u00f3 en dicha profesi\u00f3n por quince a\u00f1os. En 2001, adquiri\u00f3 un curso de peque\u00f1os negocios, en...","og_url":"https:\/\/wordpress2.hdnweb.com\/en\/2020\/06\/11\/el-nuevo-libro-de-victoria-navarro-el-dolor-de-los-profesionales-escondido-como-un-antifaz-una-obra-que-ofrece-lo-necesario-para-lograr-la-pacifica-transformacion-de-la-vida-4\/","og_site_name":"Multisitio 2","article_published_time":"2020-06-11T06:00:00+00:00","og_image":[{"width":1333,"height":2000,"url":"https:\/\/wordpress2.hdnweb.com\/wp-content\/uploads\/2020\/05\/8658_1_44320.jpg","type":"image\/jpeg"}],"author":"venred","twitter_card":"summary_large_image","twitter_misc":{"Written by":"venred","Est. reading time":"3 minutes"},"schema":{"@context":"https:\/\/schema.org","@graph":[{"@type":"Article","@id":"https:\/\/wordpress2.hdnweb.com\/2020\/06\/11\/el-nuevo-libro-de-victoria-navarro-el-dolor-de-los-profesionales-escondido-como-un-antifaz-una-obra-que-ofrece-lo-necesario-para-lograr-la-pacifica-transformacion-de-la-vida-4\/#article","isPartOf":{"@id":"https:\/\/wordpress2.hdnweb.com\/2020\/06\/11\/el-nuevo-libro-de-victoria-navarro-el-dolor-de-los-profesionales-escondido-como-un-antifaz-una-obra-que-ofrece-lo-necesario-para-lograr-la-pacifica-transformacion-de-la-vida-4\/"},"author":{"name":"venred","@id":"https:\/\/wordpress2.hdnweb.com\/#\/schema\/person\/c112e8e970f2cfc8553cdb5392b493ad"},"headline":"(Espa\u00f1ol) El nuevo libro de Victoria Navarro, El Dolor De Los Profesionales Escondido Como Un Antifaz, una obra que ofrece lo necesario para lograr la pac\u00edfica transformaci\u00f3n de la vida","datePublished":"2020-06-11T06:00:00+00:00","mainEntityOfPage":{"@id":"https:\/\/wordpress2.hdnweb.com\/2020\/06\/11\/el-nuevo-libro-de-victoria-navarro-el-dolor-de-los-profesionales-escondido-como-un-antifaz-una-obra-que-ofrece-lo-necesario-para-lograr-la-pacifica-transformacion-de-la-vida-4\/"},"wordCount":633,"commentCount":0,"image":{"@id":"https:\/\/wordpress2.hdnweb.com\/2020\/06\/11\/el-nuevo-libro-de-victoria-navarro-el-dolor-de-los-profesionales-escondido-como-un-antifaz-una-obra-que-ofrece-lo-necesario-para-lograr-la-pacifica-transformacion-de-la-vida-4\/#primaryimage"},"thumbnailUrl":"https:\/\/wordpress2.hdnweb.com\/wp-content\/uploads\/2020\/05\/8658_1_44320.jpg","articleSection":["Soraya Alcala"],"inLanguage":"en-US"},{"@type":"WebPage","@id":"https:\/\/wordpress2.hdnweb.com\/en\/2020\/06\/11\/el-nuevo-libro-de-victoria-navarro-el-dolor-de-los-profesionales-escondido-como-un-antifaz-una-obra-que-ofrece-lo-necesario-para-lograr-la-pacifica-transformacion-de-la-vida-4\/","url":"https:\/\/wordpress2.hdnweb.com\/en\/2020\/06\/11\/el-nuevo-libro-de-victoria-navarro-el-dolor-de-los-profesionales-escondido-como-un-antifaz-una-obra-que-ofrece-lo-necesario-para-lograr-la-pacifica-transformacion-de-la-vida-4\/","name":"El nuevo libro de Victoria Navarro, El Dolor De Los Profesionales Escondido Como Un Antifaz, una obra que ofrece lo necesario para lograr la pac\u00edfica transformaci\u00f3n de la vida - Multisitio 2","isPartOf":{"@id":"https:\/\/wordpress2.hdnweb.com\/en\/#website"},"primaryImageOfPage":{"@id":"https:\/\/wordpress2.hdnweb.com\/en\/2020\/06\/11\/el-nuevo-libro-de-victoria-navarro-el-dolor-de-los-profesionales-escondido-como-un-antifaz-una-obra-que-ofrece-lo-necesario-para-lograr-la-pacifica-transformacion-de-la-vida-4\/#primaryimage"},"image":{"@id":"https:\/\/wordpress2.hdnweb.com\/2020\/06\/11\/el-nuevo-libro-de-victoria-navarro-el-dolor-de-los-profesionales-escondido-como-un-antifaz-una-obra-que-ofrece-lo-necesario-para-lograr-la-pacifica-transformacion-de-la-vida-4\/#primaryimage"},"thumbnailUrl":"https:\/\/wordpress2.hdnweb.com\/wp-content\/uploads\/2020\/05\/8658_1_44320.jpg","datePublished":"2020-06-11T06:00:00+00:00","author":{"@id":"https:\/\/wordpress2.hdnweb.com\/#\/schema\/person\/c112e8e970f2cfc8553cdb5392b493ad"},"breadcrumb":{"@id":"https:\/\/wordpress2.hdnweb.com\/en\/2020\/06\/11\/el-nuevo-libro-de-victoria-navarro-el-dolor-de-los-profesionales-escondido-como-un-antifaz-una-obra-que-ofrece-lo-necesario-para-lograr-la-pacifica-transformacion-de-la-vida-4\/#breadcrumb"},"inLanguage":"en-US","potentialAction":[{"@type":"ReadAction","target":[["https:\/\/wordpress2.hdnweb.com\/en\/2020\/06\/11\/el-nuevo-libro-de-victoria-navarro-el-dolor-de-los-profesionales-escondido-como-un-antifaz-una-obra-que-ofrece-lo-necesario-para-lograr-la-pacifica-transformacion-de-la-vida-4\/"]]}]},{"@type":"ImageObject","inLanguage":"en-US","@id":"https:\/\/wordpress2.hdnweb.com\/en\/2020\/06\/11\/el-nuevo-libro-de-victoria-navarro-el-dolor-de-los-profesionales-escondido-como-un-antifaz-una-obra-que-ofrece-lo-necesario-para-lograr-la-pacifica-transformacion-de-la-vida-4\/#primaryimage","url":"https:\/\/wordpress2.hdnweb.com\/wp-content\/uploads\/2020\/05\/8658_1_44320.jpg","contentUrl":"https:\/\/wordpress2.hdnweb.com\/wp-content\/uploads\/2020\/05\/8658_1_44320.jpg","width":1333,"height":2000,"caption":"Navarro"},{"@type":"BreadcrumbList","@id":"https:\/\/wordpress2.hdnweb.com\/en\/2020\/06\/11\/el-nuevo-libro-de-victoria-navarro-el-dolor-de-los-profesionales-escondido-como-un-antifaz-una-obra-que-ofrece-lo-necesario-para-lograr-la-pacifica-transformacion-de-la-vida-4\/#breadcrumb","itemListElement":[{"@type":"ListItem","position":1,"name":"Portada","item":"https:\/\/wordpress2.hdnweb.com\/en\/"},{"@type":"ListItem","position":2,"name":"El nuevo libro de Victoria Navarro, El Dolor De Los Profesionales Escondido Como Un Antifaz, una obra que ofrece lo necesario para lograr la pac\u00edfica transformaci\u00f3n de la vida"}]},{"@type":"WebSite","@id":"https:\/\/wordpress2.hdnweb.com\/en\/#website","url":"https:\/\/wordpress2.hdnweb.com\/en\/","name":"Multisitio 2","description":"","potentialAction":[{"@type":"SearchAction","target":{"@type":"EntryPoint","urlTemplate":"https:\/\/wordpress2.hdnweb.com\/en\/?s={search_term_string}"},"query-input":{"@type":"PropertyValueSpecification","valueRequired":true,"valueName":"search_term_string"}}],"inLanguage":"en-US"},{"@type":"Person","@id":"https:\/\/wordpress2.hdnweb.com\/#\/schema\/person\/c112e8e970f2cfc8553cdb5392b493ad","name":"venred","image":{"@type":"ImageObject","inLanguage":"en-US","@id":"https:\/\/secure.gravatar.com\/avatar\/2b023a883433f83ad0a3036a7ba60d3133c4e0619f3bca6230ba8c7521b6dec8?s=96&d=mm&r=g","url":"https:\/\/secure.gravatar.com\/avatar\/2b023a883433f83ad0a3036a7ba60d3133c4e0619f3bca6230ba8c7521b6dec8?s=96&d=mm&r=g","contentUrl":"https:\/\/secure.gravatar.com\/avatar\/2b023a883433f83ad0a3036a7ba60d3133c4e0619f3bca6230ba8c7521b6dec8?s=96&d=mm&r=g","caption":"venred"},"url":"https:\/\/wordpress2.hdnweb.com\/en\/author\/venred\/"}]}},"_links":{"self":[{"href":"https:\/\/wordpress2.hdnweb.com\/en\/wp-json\/wp\/v2\/posts\/8658","targetHints":{"allow":["GET"]}}],"collection":[{"href":"https:\/\/wordpress2.hdnweb.com\/en\/wp-json\/wp\/v2\/posts"}],"about":[{"href":"https:\/\/wordpress2.hdnweb.com\/en\/wp-json\/wp\/v2\/types\/post"}],"author":[{"embeddable":true,"href":"https:\/\/wordpress2.hdnweb.com\/en\/wp-json\/wp\/v2\/users\/1"}],"replies":[{"embeddable":true,"href":"https:\/\/wordpress2.hdnweb.com\/en\/wp-json\/wp\/v2\/comments?post=8658"}],"version-history":[{"count":0,"href":"https:\/\/wordpress2.hdnweb.com\/en\/wp-json\/wp\/v2\/posts\/8658\/revisions"}],"wp:featuredmedia":[{"embeddable":true,"href":"https:\/\/wordpress2.hdnweb.com\/en\/wp-json\/wp\/v2\/media\/8659"}],"wp:attachment":[{"href":"https:\/\/wordpress2.hdnweb.com\/en\/wp-json\/wp\/v2\/media?parent=8658"}],"wp:term":[{"taxonomy":"category","embeddable":true,"href":"https:\/\/wordpress2.hdnweb.com\/en\/wp-json\/wp\/v2\/categories?post=8658"},{"taxonomy":"post_tag","embeddable":true,"href":"https:\/\/wordpress2.hdnweb.com\/en\/wp-json\/wp\/v2\/tags?post=8658"}],"curies":[{"name":"wp","href":"https:\/\/api.w.org\/{rel}","templated":true}]}}