{"id":8688,"date":"2020-06-11T13:00:00","date_gmt":"2020-06-11T13:00:00","guid":{"rendered":"http:\/\/wordpress2.hdnweb.com\/2020\/06\/11\/celebra-el-dia-del-padre-con-moet-hennessy\/"},"modified":"2020-06-11T13:00:00","modified_gmt":"2020-06-11T13:00:00","slug":"celebra-el-dia-del-padre-con-moet-hennessy","status":"publish","type":"post","link":"https:\/\/wordpress2.hdnweb.com\/en\/2020\/06\/11\/celebra-el-dia-del-padre-con-moet-hennessy\/","title":{"rendered":"(Espa\u00f1ol) Celebra el D\u00eda del Padre con Mo\u00ebt Hennessy"},"content":{"rendered":"<p class=\"qtranxs-available-languages-message qtranxs-available-languages-message-en\">Sorry, this entry is only available in <a href=\"https:\/\/wordpress2.hdnweb.com\/es\/wp-json\/wp\/v2\/posts\/8688\" class=\"qtranxs-available-language-link qtranxs-available-language-link-es\" title=\"Espa\u00f1ol\">Espa\u00f1ol<\/a>.<\/p>","protected":false},"excerpt":{"rendered":"<p class=\"qtranxs-available-languages-message qtranxs-available-languages-message-en\">Sorry, this entry is only available in <a href=\"https:\/\/wordpress2.hdnweb.com\/es\/wp-json\/wp\/v2\/posts\/8688\" class=\"qtranxs-available-language-link qtranxs-available-language-link-es\" title=\"Espa\u00f1ol\">Espa\u00f1ol<\/a>.<\/p>\n","protected":false},"author":1,"featured_media":8689,"comment_status":"open","ping_status":"open","sticky":false,"template":"","format":"standard","meta":{"_acf_changed":false,"_monsterinsights_skip_tracking":false,"_monsterinsights_sitenote_active":false,"_monsterinsights_sitenote_note":"","_monsterinsights_sitenote_category":0,"footnotes":""},"categories":[13],"tags":[],"class_list":["post-8688","post","type-post","status-publish","format-standard","has-post-thumbnail","hentry","category-orian-brito"],"acf":[],"yoast_head":"<!-- This site is optimized with the Yoast SEO plugin v27.5 - https:\/\/yoast.com\/product\/yoast-seo-wordpress\/ -->\n<title>Celebra el D\u00eda del Padre con Mo\u00ebt Hennessy - Multisitio 2<\/title>\n<meta name=\"robots\" content=\"index, follow, max-snippet:-1, max-image-preview:large, max-video-preview:-1\" \/>\n<link rel=\"canonical\" href=\"https:\/\/wordpress2.hdnweb.com\/en\/2020\/06\/11\/celebra-el-dia-del-padre-con-moet-hennessy\/\" \/>\n<meta property=\"og:locale\" content=\"en_US\" \/>\n<meta property=\"og:type\" content=\"article\" \/>\n<meta property=\"og:title\" content=\"Celebra el D\u00eda del Padre con Mo\u00ebt Hennessy - Multisitio 2\" \/>\n<meta property=\"og:description\" content=\"CIUDAD DE M\u00c9XICO, 11 de junio de 2020 \/PRNewswire\/ -- Se acerca unas de las fechas m\u00e1s esperadas y queridas del a\u00f1o. Un d\u00eda en el que podemos celebrar, agradecer y festejar a esa persona que a lo largo de nuestra vida nos ha ense\u00f1ado cosas invaluables y nos ha regalado momentos inolvidables. Hablamos del d\u00eda del Padre, una fecha para la que hemos preparado una breve gu\u00eda de recomendaci\u00f3n de regalos en la que podr\u00e1s encontrar la opci\u00f3n ideal para pap\u00e1. &lt;div spellcheck=&quot;true&quot; id=&quot;prni_dvprnejpgad8fleft&quot; style=&quot;WIDTH: 100%; TEXT-ALIGN: left&quot;...\" \/>\n<meta property=\"og:url\" content=\"https:\/\/wordpress2.hdnweb.com\/en\/2020\/06\/11\/celebra-el-dia-del-padre-con-moet-hennessy\/\" \/>\n<meta property=\"og:site_name\" content=\"Multisitio 2\" \/>\n<meta property=\"article:published_time\" content=\"2020-06-11T13:00:00+00:00\" \/>\n<meta property=\"og:image\" content=\"https:\/\/wordpress2.hdnweb.com\/wp-content\/uploads\/2020\/05\/8688_1_3044.jpg\" \/>\n\t<meta property=\"og:image:width\" content=\"1\" \/>\n\t<meta property=\"og:image:height\" content=\"1\" \/>\n\t<meta property=\"og:image:type\" content=\"image\/jpeg\" \/>\n<meta name=\"author\" content=\"venred\" \/>\n<meta name=\"twitter:card\" content=\"summary_large_image\" \/>\n<meta name=\"twitter:label1\" content=\"Written by\" \/>\n\t<meta name=\"twitter:data1\" content=\"venred\" \/>\n\t<meta name=\"twitter:label2\" content=\"Est. reading time\" \/>\n\t<meta name=\"twitter:data2\" content=\"5 minutes\" \/>\n<script type=\"application\/ld+json\" class=\"yoast-schema-graph\">{\"@context\":\"https:\\\/\\\/schema.org\",\"@graph\":[{\"@type\":\"Article\",\"@id\":\"https:\\\/\\\/wordpress2.hdnweb.com\\\/2020\\\/06\\\/11\\\/celebra-el-dia-del-padre-con-moet-hennessy\\\/#article\",\"isPartOf\":{\"@id\":\"https:\\\/\\\/wordpress2.hdnweb.com\\\/2020\\\/06\\\/11\\\/celebra-el-dia-del-padre-con-moet-hennessy\\\/\"},\"author\":{\"name\":\"venred\",\"@id\":\"https:\\\/\\\/wordpress2.hdnweb.com\\\/#\\\/schema\\\/person\\\/c112e8e970f2cfc8553cdb5392b493ad\"},\"headline\":\"(Espa\u00f1ol) Celebra el D\u00eda del Padre con Mo\u00ebt Hennessy\",\"datePublished\":\"2020-06-11T13:00:00+00:00\",\"mainEntityOfPage\":{\"@id\":\"https:\\\/\\\/wordpress2.hdnweb.com\\\/2020\\\/06\\\/11\\\/celebra-el-dia-del-padre-con-moet-hennessy\\\/\"},\"wordCount\":1087,\"commentCount\":0,\"image\":{\"@id\":\"https:\\\/\\\/wordpress2.hdnweb.com\\\/2020\\\/06\\\/11\\\/celebra-el-dia-del-padre-con-moet-hennessy\\\/#primaryimage\"},\"thumbnailUrl\":\"https:\\\/\\\/wordpress2.hdnweb.com\\\/wp-content\\\/uploads\\\/2020\\\/05\\\/8688_1_3044.jpg\",\"articleSection\":[\"Orian Brito\"],\"inLanguage\":\"en-US\"},{\"@type\":\"WebPage\",\"@id\":\"https:\\\/\\\/wordpress2.hdnweb.com\\\/en\\\/2020\\\/06\\\/11\\\/celebra-el-dia-del-padre-con-moet-hennessy\\\/\",\"url\":\"https:\\\/\\\/wordpress2.hdnweb.com\\\/en\\\/2020\\\/06\\\/11\\\/celebra-el-dia-del-padre-con-moet-hennessy\\\/\",\"name\":\"Celebra el D\u00eda del Padre con Mo\u00ebt Hennessy - Multisitio 2\",\"isPartOf\":{\"@id\":\"https:\\\/\\\/wordpress2.hdnweb.com\\\/en\\\/#website\"},\"primaryImageOfPage\":{\"@id\":\"https:\\\/\\\/wordpress2.hdnweb.com\\\/en\\\/2020\\\/06\\\/11\\\/celebra-el-dia-del-padre-con-moet-hennessy\\\/#primaryimage\"},\"image\":{\"@id\":\"https:\\\/\\\/wordpress2.hdnweb.com\\\/2020\\\/06\\\/11\\\/celebra-el-dia-del-padre-con-moet-hennessy\\\/#primaryimage\"},\"thumbnailUrl\":\"https:\\\/\\\/wordpress2.hdnweb.com\\\/wp-content\\\/uploads\\\/2020\\\/05\\\/8688_1_3044.jpg\",\"datePublished\":\"2020-06-11T13:00:00+00:00\",\"author\":{\"@id\":\"https:\\\/\\\/wordpress2.hdnweb.com\\\/#\\\/schema\\\/person\\\/c112e8e970f2cfc8553cdb5392b493ad\"},\"breadcrumb\":{\"@id\":\"https:\\\/\\\/wordpress2.hdnweb.com\\\/en\\\/2020\\\/06\\\/11\\\/celebra-el-dia-del-padre-con-moet-hennessy\\\/#breadcrumb\"},\"inLanguage\":\"en-US\",\"potentialAction\":[{\"@type\":\"ReadAction\",\"target\":[[\"https:\\\/\\\/wordpress2.hdnweb.com\\\/en\\\/2020\\\/06\\\/11\\\/celebra-el-dia-del-padre-con-moet-hennessy\\\/\"]]}]},{\"@type\":\"ImageObject\",\"inLanguage\":\"en-US\",\"@id\":\"https:\\\/\\\/wordpress2.hdnweb.com\\\/en\\\/2020\\\/06\\\/11\\\/celebra-el-dia-del-padre-con-moet-hennessy\\\/#primaryimage\",\"url\":\"https:\\\/\\\/wordpress2.hdnweb.com\\\/wp-content\\\/uploads\\\/2020\\\/05\\\/8688_1_3044.jpg\",\"contentUrl\":\"https:\\\/\\\/wordpress2.hdnweb.com\\\/wp-content\\\/uploads\\\/2020\\\/05\\\/8688_1_3044.jpg\",\"caption\":\"Hennessy_XO_70_GB_T_ERetailKit_ST_OP_IN_PNG\"},{\"@type\":\"BreadcrumbList\",\"@id\":\"https:\\\/\\\/wordpress2.hdnweb.com\\\/en\\\/2020\\\/06\\\/11\\\/celebra-el-dia-del-padre-con-moet-hennessy\\\/#breadcrumb\",\"itemListElement\":[{\"@type\":\"ListItem\",\"position\":1,\"name\":\"Portada\",\"item\":\"https:\\\/\\\/wordpress2.hdnweb.com\\\/en\\\/\"},{\"@type\":\"ListItem\",\"position\":2,\"name\":\"Celebra el D\u00eda del Padre con Mo\u00ebt Hennessy\"}]},{\"@type\":\"WebSite\",\"@id\":\"https:\\\/\\\/wordpress2.hdnweb.com\\\/en\\\/#website\",\"url\":\"https:\\\/\\\/wordpress2.hdnweb.com\\\/en\\\/\",\"name\":\"Multisitio 2\",\"description\":\"\",\"potentialAction\":[{\"@type\":\"SearchAction\",\"target\":{\"@type\":\"EntryPoint\",\"urlTemplate\":\"https:\\\/\\\/wordpress2.hdnweb.com\\\/en\\\/?s={search_term_string}\"},\"query-input\":{\"@type\":\"PropertyValueSpecification\",\"valueRequired\":true,\"valueName\":\"search_term_string\"}}],\"inLanguage\":\"en-US\"},{\"@type\":\"Person\",\"@id\":\"https:\\\/\\\/wordpress2.hdnweb.com\\\/#\\\/schema\\\/person\\\/c112e8e970f2cfc8553cdb5392b493ad\",\"name\":\"venred\",\"image\":{\"@type\":\"ImageObject\",\"inLanguage\":\"en-US\",\"@id\":\"https:\\\/\\\/secure.gravatar.com\\\/avatar\\\/2b023a883433f83ad0a3036a7ba60d3133c4e0619f3bca6230ba8c7521b6dec8?s=96&d=mm&r=g\",\"url\":\"https:\\\/\\\/secure.gravatar.com\\\/avatar\\\/2b023a883433f83ad0a3036a7ba60d3133c4e0619f3bca6230ba8c7521b6dec8?s=96&d=mm&r=g\",\"contentUrl\":\"https:\\\/\\\/secure.gravatar.com\\\/avatar\\\/2b023a883433f83ad0a3036a7ba60d3133c4e0619f3bca6230ba8c7521b6dec8?s=96&d=mm&r=g\",\"caption\":\"venred\"},\"url\":\"https:\\\/\\\/wordpress2.hdnweb.com\\\/en\\\/author\\\/venred\\\/\"}]}<\/script>\n<!-- \/ Yoast SEO plugin. -->","yoast_head_json":{"title":"Celebra el D\u00eda del Padre con Mo\u00ebt Hennessy - Multisitio 2","robots":{"index":"index","follow":"follow","max-snippet":"max-snippet:-1","max-image-preview":"max-image-preview:large","max-video-preview":"max-video-preview:-1"},"canonical":"https:\/\/wordpress2.hdnweb.com\/en\/2020\/06\/11\/celebra-el-dia-del-padre-con-moet-hennessy\/","og_locale":"en_US","og_type":"article","og_title":"Celebra el D\u00eda del Padre con Mo\u00ebt Hennessy - Multisitio 2","og_description":"CIUDAD DE M\u00c9XICO, 11 de junio de 2020 \/PRNewswire\/ -- Se acerca unas de las fechas m\u00e1s esperadas y queridas del a\u00f1o. Un d\u00eda en el que podemos celebrar, agradecer y festejar a esa persona que a lo largo de nuestra vida nos ha ense\u00f1ado cosas invaluables y nos ha regalado momentos inolvidables. Hablamos del d\u00eda del Padre, una fecha para la que hemos preparado una breve gu\u00eda de recomendaci\u00f3n de regalos en la que podr\u00e1s encontrar la opci\u00f3n ideal para pap\u00e1. &lt;div spellcheck=&quot;true&quot; id=&quot;prni_dvprnejpgad8fleft&quot; style=&quot;WIDTH: 100%; TEXT-ALIGN: left&quot;...","og_url":"https:\/\/wordpress2.hdnweb.com\/en\/2020\/06\/11\/celebra-el-dia-del-padre-con-moet-hennessy\/","og_site_name":"Multisitio 2","article_published_time":"2020-06-11T13:00:00+00:00","og_image":[{"url":"https:\/\/wordpress2.hdnweb.com\/wp-content\/uploads\/2020\/05\/8688_1_3044.jpg","width":1,"height":1,"type":"image\/jpeg"}],"author":"venred","twitter_card":"summary_large_image","twitter_misc":{"Written by":"venred","Est. reading time":"5 minutes"},"schema":{"@context":"https:\/\/schema.org","@graph":[{"@type":"Article","@id":"https:\/\/wordpress2.hdnweb.com\/2020\/06\/11\/celebra-el-dia-del-padre-con-moet-hennessy\/#article","isPartOf":{"@id":"https:\/\/wordpress2.hdnweb.com\/2020\/06\/11\/celebra-el-dia-del-padre-con-moet-hennessy\/"},"author":{"name":"venred","@id":"https:\/\/wordpress2.hdnweb.com\/#\/schema\/person\/c112e8e970f2cfc8553cdb5392b493ad"},"headline":"(Espa\u00f1ol) Celebra el D\u00eda del Padre con Mo\u00ebt Hennessy","datePublished":"2020-06-11T13:00:00+00:00","mainEntityOfPage":{"@id":"https:\/\/wordpress2.hdnweb.com\/2020\/06\/11\/celebra-el-dia-del-padre-con-moet-hennessy\/"},"wordCount":1087,"commentCount":0,"image":{"@id":"https:\/\/wordpress2.hdnweb.com\/2020\/06\/11\/celebra-el-dia-del-padre-con-moet-hennessy\/#primaryimage"},"thumbnailUrl":"https:\/\/wordpress2.hdnweb.com\/wp-content\/uploads\/2020\/05\/8688_1_3044.jpg","articleSection":["Orian Brito"],"inLanguage":"en-US"},{"@type":"WebPage","@id":"https:\/\/wordpress2.hdnweb.com\/en\/2020\/06\/11\/celebra-el-dia-del-padre-con-moet-hennessy\/","url":"https:\/\/wordpress2.hdnweb.com\/en\/2020\/06\/11\/celebra-el-dia-del-padre-con-moet-hennessy\/","name":"Celebra el D\u00eda del Padre con Mo\u00ebt Hennessy - Multisitio 2","isPartOf":{"@id":"https:\/\/wordpress2.hdnweb.com\/en\/#website"},"primaryImageOfPage":{"@id":"https:\/\/wordpress2.hdnweb.com\/en\/2020\/06\/11\/celebra-el-dia-del-padre-con-moet-hennessy\/#primaryimage"},"image":{"@id":"https:\/\/wordpress2.hdnweb.com\/2020\/06\/11\/celebra-el-dia-del-padre-con-moet-hennessy\/#primaryimage"},"thumbnailUrl":"https:\/\/wordpress2.hdnweb.com\/wp-content\/uploads\/2020\/05\/8688_1_3044.jpg","datePublished":"2020-06-11T13:00:00+00:00","author":{"@id":"https:\/\/wordpress2.hdnweb.com\/#\/schema\/person\/c112e8e970f2cfc8553cdb5392b493ad"},"breadcrumb":{"@id":"https:\/\/wordpress2.hdnweb.com\/en\/2020\/06\/11\/celebra-el-dia-del-padre-con-moet-hennessy\/#breadcrumb"},"inLanguage":"en-US","potentialAction":[{"@type":"ReadAction","target":[["https:\/\/wordpress2.hdnweb.com\/en\/2020\/06\/11\/celebra-el-dia-del-padre-con-moet-hennessy\/"]]}]},{"@type":"ImageObject","inLanguage":"en-US","@id":"https:\/\/wordpress2.hdnweb.com\/en\/2020\/06\/11\/celebra-el-dia-del-padre-con-moet-hennessy\/#primaryimage","url":"https:\/\/wordpress2.hdnweb.com\/wp-content\/uploads\/2020\/05\/8688_1_3044.jpg","contentUrl":"https:\/\/wordpress2.hdnweb.com\/wp-content\/uploads\/2020\/05\/8688_1_3044.jpg","caption":"Hennessy_XO_70_GB_T_ERetailKit_ST_OP_IN_PNG"},{"@type":"BreadcrumbList","@id":"https:\/\/wordpress2.hdnweb.com\/en\/2020\/06\/11\/celebra-el-dia-del-padre-con-moet-hennessy\/#breadcrumb","itemListElement":[{"@type":"ListItem","position":1,"name":"Portada","item":"https:\/\/wordpress2.hdnweb.com\/en\/"},{"@type":"ListItem","position":2,"name":"Celebra el D\u00eda del Padre con Mo\u00ebt Hennessy"}]},{"@type":"WebSite","@id":"https:\/\/wordpress2.hdnweb.com\/en\/#website","url":"https:\/\/wordpress2.hdnweb.com\/en\/","name":"Multisitio 2","description":"","potentialAction":[{"@type":"SearchAction","target":{"@type":"EntryPoint","urlTemplate":"https:\/\/wordpress2.hdnweb.com\/en\/?s={search_term_string}"},"query-input":{"@type":"PropertyValueSpecification","valueRequired":true,"valueName":"search_term_string"}}],"inLanguage":"en-US"},{"@type":"Person","@id":"https:\/\/wordpress2.hdnweb.com\/#\/schema\/person\/c112e8e970f2cfc8553cdb5392b493ad","name":"venred","image":{"@type":"ImageObject","inLanguage":"en-US","@id":"https:\/\/secure.gravatar.com\/avatar\/2b023a883433f83ad0a3036a7ba60d3133c4e0619f3bca6230ba8c7521b6dec8?s=96&d=mm&r=g","url":"https:\/\/secure.gravatar.com\/avatar\/2b023a883433f83ad0a3036a7ba60d3133c4e0619f3bca6230ba8c7521b6dec8?s=96&d=mm&r=g","contentUrl":"https:\/\/secure.gravatar.com\/avatar\/2b023a883433f83ad0a3036a7ba60d3133c4e0619f3bca6230ba8c7521b6dec8?s=96&d=mm&r=g","caption":"venred"},"url":"https:\/\/wordpress2.hdnweb.com\/en\/author\/venred\/"}]}},"_links":{"self":[{"href":"https:\/\/wordpress2.hdnweb.com\/en\/wp-json\/wp\/v2\/posts\/8688","targetHints":{"allow":["GET"]}}],"collection":[{"href":"https:\/\/wordpress2.hdnweb.com\/en\/wp-json\/wp\/v2\/posts"}],"about":[{"href":"https:\/\/wordpress2.hdnweb.com\/en\/wp-json\/wp\/v2\/types\/post"}],"author":[{"embeddable":true,"href":"https:\/\/wordpress2.hdnweb.com\/en\/wp-json\/wp\/v2\/users\/1"}],"replies":[{"embeddable":true,"href":"https:\/\/wordpress2.hdnweb.com\/en\/wp-json\/wp\/v2\/comments?post=8688"}],"version-history":[{"count":0,"href":"https:\/\/wordpress2.hdnweb.com\/en\/wp-json\/wp\/v2\/posts\/8688\/revisions"}],"wp:featuredmedia":[{"embeddable":true,"href":"https:\/\/wordpress2.hdnweb.com\/en\/wp-json\/wp\/v2\/media\/8689"}],"wp:attachment":[{"href":"https:\/\/wordpress2.hdnweb.com\/en\/wp-json\/wp\/v2\/media?parent=8688"}],"wp:term":[{"taxonomy":"category","embeddable":true,"href":"https:\/\/wordpress2.hdnweb.com\/en\/wp-json\/wp\/v2\/categories?post=8688"},{"taxonomy":"post_tag","embeddable":true,"href":"https:\/\/wordpress2.hdnweb.com\/en\/wp-json\/wp\/v2\/tags?post=8688"}],"curies":[{"name":"wp","href":"https:\/\/api.w.org\/{rel}","templated":true}]}}