{"id":9513,"date":"2020-06-23T15:22:00","date_gmt":"2020-06-23T15:22:00","guid":{"rendered":"http:\/\/wordpress2.hdnweb.com\/2020\/06\/23\/el-telluride-es-el-suv-de-invierno-del-ano-del-new-england-motor-press-association-4\/"},"modified":"2020-06-23T15:22:00","modified_gmt":"2020-06-23T15:22:00","slug":"el-telluride-es-el-suv-de-invierno-del-ano-del-new-england-motor-press-association-4","status":"publish","type":"post","link":"https:\/\/wordpress2.hdnweb.com\/en\/2020\/06\/23\/el-telluride-es-el-suv-de-invierno-del-ano-del-new-england-motor-press-association-4\/","title":{"rendered":"(Espa\u00f1ol) El Telluride es el SUV de Invierno del A\u00f1o del New England Motor Press Association"},"content":{"rendered":"<p class=\"qtranxs-available-languages-message qtranxs-available-languages-message-en\">Sorry, this entry is only available in <a href=\"https:\/\/wordpress2.hdnweb.com\/es\/wp-json\/wp\/v2\/posts\/9513\" class=\"qtranxs-available-language-link qtranxs-available-language-link-es\" title=\"Espa\u00f1ol\">Espa\u00f1ol<\/a>.<\/p>","protected":false},"excerpt":{"rendered":"<p class=\"qtranxs-available-languages-message qtranxs-available-languages-message-en\">Sorry, this entry is only available in <a href=\"https:\/\/wordpress2.hdnweb.com\/es\/wp-json\/wp\/v2\/posts\/9513\" class=\"qtranxs-available-language-link qtranxs-available-language-link-es\" title=\"Espa\u00f1ol\">Espa\u00f1ol<\/a>.<\/p>\n","protected":false},"author":1,"featured_media":9514,"comment_status":"open","ping_status":"open","sticky":false,"template":"","format":"standard","meta":{"_acf_changed":false,"_monsterinsights_skip_tracking":false,"_monsterinsights_sitenote_active":false,"_monsterinsights_sitenote_note":"","_monsterinsights_sitenote_category":0,"footnotes":""},"categories":[21],"tags":[],"class_list":["post-9513","post","type-post","status-publish","format-standard","has-post-thumbnail","hentry","category-juan-carlos-maimone"],"acf":[],"yoast_head":"<!-- This site is optimized with the Yoast SEO plugin v27.5 - https:\/\/yoast.com\/product\/yoast-seo-wordpress\/ -->\n<title>El Telluride es el SUV de Invierno del A\u00f1o del New England Motor Press Association - Multisitio 2<\/title>\n<meta name=\"robots\" content=\"index, follow, max-snippet:-1, max-image-preview:large, max-video-preview:-1\" \/>\n<link rel=\"canonical\" href=\"https:\/\/wordpress2.hdnweb.com\/en\/2020\/06\/23\/el-telluride-es-el-suv-de-invierno-del-ano-del-new-england-motor-press-association-4\/\" \/>\n<meta property=\"og:locale\" content=\"en_US\" \/>\n<meta property=\"og:type\" content=\"article\" \/>\n<meta property=\"og:title\" content=\"El Telluride es el SUV de Invierno del A\u00f1o del New England Motor Press Association - Multisitio 2\" \/>\n<meta property=\"og:description\" content=\"IRVINE, California, 23 de junio de 2020 \/PRNewswire-HISPANIC PR WIRE\/ -- El Kia Telluride es el SUV de Invierno del A\u00f1o 2020 del New England Motor Press Association (NEMPA). Los veh\u00edculos seleccionados por NEMPA como los mejores para la conducci\u00f3n durante el invierno en Nueva Inglaterra son aquellos que ofrecen una combinaci\u00f3n de caracter\u00edsticas y opciones espec\u00edficas para el invierno adem\u00e1s de las cualidades din\u00e1micas que permiten una conducci\u00f3n segura, placentera y competente bajo todo tipo de condiciones...\" \/>\n<meta property=\"og:url\" content=\"https:\/\/wordpress2.hdnweb.com\/en\/2020\/06\/23\/el-telluride-es-el-suv-de-invierno-del-ano-del-new-england-motor-press-association-4\/\" \/>\n<meta property=\"og:site_name\" content=\"Multisitio 2\" \/>\n<meta property=\"article:published_time\" content=\"2020-06-23T15:22:00+00:00\" \/>\n<meta property=\"og:image\" content=\"https:\/\/wordpress2.hdnweb.com\/wp-content\/uploads\/2020\/05\/9513_1_25979-scaled.jpg\" \/>\n\t<meta property=\"og:image:width\" content=\"2560\" \/>\n\t<meta property=\"og:image:height\" content=\"1707\" \/>\n\t<meta property=\"og:image:type\" content=\"image\/jpeg\" \/>\n<meta name=\"author\" content=\"venred\" \/>\n<meta name=\"twitter:card\" content=\"summary_large_image\" \/>\n<meta name=\"twitter:label1\" content=\"Written by\" \/>\n\t<meta name=\"twitter:data1\" content=\"venred\" \/>\n\t<meta name=\"twitter:label2\" content=\"Est. reading time\" \/>\n\t<meta name=\"twitter:data2\" content=\"3 minutes\" \/>\n<script type=\"application\/ld+json\" class=\"yoast-schema-graph\">{\"@context\":\"https:\\\/\\\/schema.org\",\"@graph\":[{\"@type\":\"Article\",\"@id\":\"https:\\\/\\\/wordpress2.hdnweb.com\\\/2020\\\/06\\\/23\\\/el-telluride-es-el-suv-de-invierno-del-ano-del-new-england-motor-press-association-4\\\/#article\",\"isPartOf\":{\"@id\":\"https:\\\/\\\/wordpress2.hdnweb.com\\\/2020\\\/06\\\/23\\\/el-telluride-es-el-suv-de-invierno-del-ano-del-new-england-motor-press-association-4\\\/\"},\"author\":{\"name\":\"venred\",\"@id\":\"https:\\\/\\\/wordpress2.hdnweb.com\\\/#\\\/schema\\\/person\\\/c112e8e970f2cfc8553cdb5392b493ad\"},\"headline\":\"(Espa\u00f1ol) El Telluride es el SUV de Invierno del A\u00f1o del New England Motor Press Association\",\"datePublished\":\"2020-06-23T15:22:00+00:00\",\"mainEntityOfPage\":{\"@id\":\"https:\\\/\\\/wordpress2.hdnweb.com\\\/2020\\\/06\\\/23\\\/el-telluride-es-el-suv-de-invierno-del-ano-del-new-england-motor-press-association-4\\\/\"},\"wordCount\":663,\"commentCount\":0,\"image\":{\"@id\":\"https:\\\/\\\/wordpress2.hdnweb.com\\\/2020\\\/06\\\/23\\\/el-telluride-es-el-suv-de-invierno-del-ano-del-new-england-motor-press-association-4\\\/#primaryimage\"},\"thumbnailUrl\":\"https:\\\/\\\/wordpress2.hdnweb.com\\\/wp-content\\\/uploads\\\/2020\\\/05\\\/9513_1_25979-scaled.jpg\",\"articleSection\":[\"Juan Carlos Maimone\"],\"inLanguage\":\"en-US\"},{\"@type\":\"WebPage\",\"@id\":\"https:\\\/\\\/wordpress2.hdnweb.com\\\/en\\\/2020\\\/06\\\/23\\\/el-telluride-es-el-suv-de-invierno-del-ano-del-new-england-motor-press-association-4\\\/\",\"url\":\"https:\\\/\\\/wordpress2.hdnweb.com\\\/en\\\/2020\\\/06\\\/23\\\/el-telluride-es-el-suv-de-invierno-del-ano-del-new-england-motor-press-association-4\\\/\",\"name\":\"El Telluride es el SUV de Invierno del A\u00f1o del New England Motor Press Association - Multisitio 2\",\"isPartOf\":{\"@id\":\"https:\\\/\\\/wordpress2.hdnweb.com\\\/en\\\/#website\"},\"primaryImageOfPage\":{\"@id\":\"https:\\\/\\\/wordpress2.hdnweb.com\\\/en\\\/2020\\\/06\\\/23\\\/el-telluride-es-el-suv-de-invierno-del-ano-del-new-england-motor-press-association-4\\\/#primaryimage\"},\"image\":{\"@id\":\"https:\\\/\\\/wordpress2.hdnweb.com\\\/2020\\\/06\\\/23\\\/el-telluride-es-el-suv-de-invierno-del-ano-del-new-england-motor-press-association-4\\\/#primaryimage\"},\"thumbnailUrl\":\"https:\\\/\\\/wordpress2.hdnweb.com\\\/wp-content\\\/uploads\\\/2020\\\/05\\\/9513_1_25979-scaled.jpg\",\"datePublished\":\"2020-06-23T15:22:00+00:00\",\"author\":{\"@id\":\"https:\\\/\\\/wordpress2.hdnweb.com\\\/#\\\/schema\\\/person\\\/c112e8e970f2cfc8553cdb5392b493ad\"},\"breadcrumb\":{\"@id\":\"https:\\\/\\\/wordpress2.hdnweb.com\\\/en\\\/2020\\\/06\\\/23\\\/el-telluride-es-el-suv-de-invierno-del-ano-del-new-england-motor-press-association-4\\\/#breadcrumb\"},\"inLanguage\":\"en-US\",\"potentialAction\":[{\"@type\":\"ReadAction\",\"target\":[[\"https:\\\/\\\/wordpress2.hdnweb.com\\\/en\\\/2020\\\/06\\\/23\\\/el-telluride-es-el-suv-de-invierno-del-ano-del-new-england-motor-press-association-4\\\/\"]]}]},{\"@type\":\"ImageObject\",\"inLanguage\":\"en-US\",\"@id\":\"https:\\\/\\\/wordpress2.hdnweb.com\\\/en\\\/2020\\\/06\\\/23\\\/el-telluride-es-el-suv-de-invierno-del-ano-del-new-england-motor-press-association-4\\\/#primaryimage\",\"url\":\"https:\\\/\\\/wordpress2.hdnweb.com\\\/wp-content\\\/uploads\\\/2020\\\/05\\\/9513_1_25979-scaled.jpg\",\"contentUrl\":\"https:\\\/\\\/wordpress2.hdnweb.com\\\/wp-content\\\/uploads\\\/2020\\\/05\\\/9513_1_25979-scaled.jpg\",\"width\":2560,\"height\":1707,\"caption\":\"El Telluride es el SUV de Invierno del A&ntilde;o de la New England Motor Press Association\"},{\"@type\":\"BreadcrumbList\",\"@id\":\"https:\\\/\\\/wordpress2.hdnweb.com\\\/en\\\/2020\\\/06\\\/23\\\/el-telluride-es-el-suv-de-invierno-del-ano-del-new-england-motor-press-association-4\\\/#breadcrumb\",\"itemListElement\":[{\"@type\":\"ListItem\",\"position\":1,\"name\":\"Portada\",\"item\":\"https:\\\/\\\/wordpress2.hdnweb.com\\\/en\\\/\"},{\"@type\":\"ListItem\",\"position\":2,\"name\":\"El Telluride es el SUV de Invierno del A\u00f1o del New England Motor Press Association\"}]},{\"@type\":\"WebSite\",\"@id\":\"https:\\\/\\\/wordpress2.hdnweb.com\\\/en\\\/#website\",\"url\":\"https:\\\/\\\/wordpress2.hdnweb.com\\\/en\\\/\",\"name\":\"Multisitio 2\",\"description\":\"\",\"potentialAction\":[{\"@type\":\"SearchAction\",\"target\":{\"@type\":\"EntryPoint\",\"urlTemplate\":\"https:\\\/\\\/wordpress2.hdnweb.com\\\/en\\\/?s={search_term_string}\"},\"query-input\":{\"@type\":\"PropertyValueSpecification\",\"valueRequired\":true,\"valueName\":\"search_term_string\"}}],\"inLanguage\":\"en-US\"},{\"@type\":\"Person\",\"@id\":\"https:\\\/\\\/wordpress2.hdnweb.com\\\/#\\\/schema\\\/person\\\/c112e8e970f2cfc8553cdb5392b493ad\",\"name\":\"venred\",\"image\":{\"@type\":\"ImageObject\",\"inLanguage\":\"en-US\",\"@id\":\"https:\\\/\\\/secure.gravatar.com\\\/avatar\\\/2b023a883433f83ad0a3036a7ba60d3133c4e0619f3bca6230ba8c7521b6dec8?s=96&d=mm&r=g\",\"url\":\"https:\\\/\\\/secure.gravatar.com\\\/avatar\\\/2b023a883433f83ad0a3036a7ba60d3133c4e0619f3bca6230ba8c7521b6dec8?s=96&d=mm&r=g\",\"contentUrl\":\"https:\\\/\\\/secure.gravatar.com\\\/avatar\\\/2b023a883433f83ad0a3036a7ba60d3133c4e0619f3bca6230ba8c7521b6dec8?s=96&d=mm&r=g\",\"caption\":\"venred\"},\"url\":\"https:\\\/\\\/wordpress2.hdnweb.com\\\/en\\\/author\\\/venred\\\/\"}]}<\/script>\n<!-- \/ Yoast SEO plugin. -->","yoast_head_json":{"title":"El Telluride es el SUV de Invierno del A\u00f1o del New England Motor Press Association - Multisitio 2","robots":{"index":"index","follow":"follow","max-snippet":"max-snippet:-1","max-image-preview":"max-image-preview:large","max-video-preview":"max-video-preview:-1"},"canonical":"https:\/\/wordpress2.hdnweb.com\/en\/2020\/06\/23\/el-telluride-es-el-suv-de-invierno-del-ano-del-new-england-motor-press-association-4\/","og_locale":"en_US","og_type":"article","og_title":"El Telluride es el SUV de Invierno del A\u00f1o del New England Motor Press Association - Multisitio 2","og_description":"IRVINE, California, 23 de junio de 2020 \/PRNewswire-HISPANIC PR WIRE\/ -- El Kia Telluride es el SUV de Invierno del A\u00f1o 2020 del New England Motor Press Association (NEMPA). Los veh\u00edculos seleccionados por NEMPA como los mejores para la conducci\u00f3n durante el invierno en Nueva Inglaterra son aquellos que ofrecen una combinaci\u00f3n de caracter\u00edsticas y opciones espec\u00edficas para el invierno adem\u00e1s de las cualidades din\u00e1micas que permiten una conducci\u00f3n segura, placentera y competente bajo todo tipo de condiciones...","og_url":"https:\/\/wordpress2.hdnweb.com\/en\/2020\/06\/23\/el-telluride-es-el-suv-de-invierno-del-ano-del-new-england-motor-press-association-4\/","og_site_name":"Multisitio 2","article_published_time":"2020-06-23T15:22:00+00:00","og_image":[{"width":2560,"height":1707,"url":"https:\/\/wordpress2.hdnweb.com\/wp-content\/uploads\/2020\/05\/9513_1_25979-scaled.jpg","type":"image\/jpeg"}],"author":"venred","twitter_card":"summary_large_image","twitter_misc":{"Written by":"venred","Est. reading time":"3 minutes"},"schema":{"@context":"https:\/\/schema.org","@graph":[{"@type":"Article","@id":"https:\/\/wordpress2.hdnweb.com\/2020\/06\/23\/el-telluride-es-el-suv-de-invierno-del-ano-del-new-england-motor-press-association-4\/#article","isPartOf":{"@id":"https:\/\/wordpress2.hdnweb.com\/2020\/06\/23\/el-telluride-es-el-suv-de-invierno-del-ano-del-new-england-motor-press-association-4\/"},"author":{"name":"venred","@id":"https:\/\/wordpress2.hdnweb.com\/#\/schema\/person\/c112e8e970f2cfc8553cdb5392b493ad"},"headline":"(Espa\u00f1ol) El Telluride es el SUV de Invierno del A\u00f1o del New England Motor Press Association","datePublished":"2020-06-23T15:22:00+00:00","mainEntityOfPage":{"@id":"https:\/\/wordpress2.hdnweb.com\/2020\/06\/23\/el-telluride-es-el-suv-de-invierno-del-ano-del-new-england-motor-press-association-4\/"},"wordCount":663,"commentCount":0,"image":{"@id":"https:\/\/wordpress2.hdnweb.com\/2020\/06\/23\/el-telluride-es-el-suv-de-invierno-del-ano-del-new-england-motor-press-association-4\/#primaryimage"},"thumbnailUrl":"https:\/\/wordpress2.hdnweb.com\/wp-content\/uploads\/2020\/05\/9513_1_25979-scaled.jpg","articleSection":["Juan Carlos Maimone"],"inLanguage":"en-US"},{"@type":"WebPage","@id":"https:\/\/wordpress2.hdnweb.com\/en\/2020\/06\/23\/el-telluride-es-el-suv-de-invierno-del-ano-del-new-england-motor-press-association-4\/","url":"https:\/\/wordpress2.hdnweb.com\/en\/2020\/06\/23\/el-telluride-es-el-suv-de-invierno-del-ano-del-new-england-motor-press-association-4\/","name":"El Telluride es el SUV de Invierno del A\u00f1o del New England Motor Press Association - Multisitio 2","isPartOf":{"@id":"https:\/\/wordpress2.hdnweb.com\/en\/#website"},"primaryImageOfPage":{"@id":"https:\/\/wordpress2.hdnweb.com\/en\/2020\/06\/23\/el-telluride-es-el-suv-de-invierno-del-ano-del-new-england-motor-press-association-4\/#primaryimage"},"image":{"@id":"https:\/\/wordpress2.hdnweb.com\/2020\/06\/23\/el-telluride-es-el-suv-de-invierno-del-ano-del-new-england-motor-press-association-4\/#primaryimage"},"thumbnailUrl":"https:\/\/wordpress2.hdnweb.com\/wp-content\/uploads\/2020\/05\/9513_1_25979-scaled.jpg","datePublished":"2020-06-23T15:22:00+00:00","author":{"@id":"https:\/\/wordpress2.hdnweb.com\/#\/schema\/person\/c112e8e970f2cfc8553cdb5392b493ad"},"breadcrumb":{"@id":"https:\/\/wordpress2.hdnweb.com\/en\/2020\/06\/23\/el-telluride-es-el-suv-de-invierno-del-ano-del-new-england-motor-press-association-4\/#breadcrumb"},"inLanguage":"en-US","potentialAction":[{"@type":"ReadAction","target":[["https:\/\/wordpress2.hdnweb.com\/en\/2020\/06\/23\/el-telluride-es-el-suv-de-invierno-del-ano-del-new-england-motor-press-association-4\/"]]}]},{"@type":"ImageObject","inLanguage":"en-US","@id":"https:\/\/wordpress2.hdnweb.com\/en\/2020\/06\/23\/el-telluride-es-el-suv-de-invierno-del-ano-del-new-england-motor-press-association-4\/#primaryimage","url":"https:\/\/wordpress2.hdnweb.com\/wp-content\/uploads\/2020\/05\/9513_1_25979-scaled.jpg","contentUrl":"https:\/\/wordpress2.hdnweb.com\/wp-content\/uploads\/2020\/05\/9513_1_25979-scaled.jpg","width":2560,"height":1707,"caption":"El Telluride es el SUV de Invierno del A&ntilde;o de la New England Motor Press Association"},{"@type":"BreadcrumbList","@id":"https:\/\/wordpress2.hdnweb.com\/en\/2020\/06\/23\/el-telluride-es-el-suv-de-invierno-del-ano-del-new-england-motor-press-association-4\/#breadcrumb","itemListElement":[{"@type":"ListItem","position":1,"name":"Portada","item":"https:\/\/wordpress2.hdnweb.com\/en\/"},{"@type":"ListItem","position":2,"name":"El Telluride es el SUV de Invierno del A\u00f1o del New England Motor Press Association"}]},{"@type":"WebSite","@id":"https:\/\/wordpress2.hdnweb.com\/en\/#website","url":"https:\/\/wordpress2.hdnweb.com\/en\/","name":"Multisitio 2","description":"","potentialAction":[{"@type":"SearchAction","target":{"@type":"EntryPoint","urlTemplate":"https:\/\/wordpress2.hdnweb.com\/en\/?s={search_term_string}"},"query-input":{"@type":"PropertyValueSpecification","valueRequired":true,"valueName":"search_term_string"}}],"inLanguage":"en-US"},{"@type":"Person","@id":"https:\/\/wordpress2.hdnweb.com\/#\/schema\/person\/c112e8e970f2cfc8553cdb5392b493ad","name":"venred","image":{"@type":"ImageObject","inLanguage":"en-US","@id":"https:\/\/secure.gravatar.com\/avatar\/2b023a883433f83ad0a3036a7ba60d3133c4e0619f3bca6230ba8c7521b6dec8?s=96&d=mm&r=g","url":"https:\/\/secure.gravatar.com\/avatar\/2b023a883433f83ad0a3036a7ba60d3133c4e0619f3bca6230ba8c7521b6dec8?s=96&d=mm&r=g","contentUrl":"https:\/\/secure.gravatar.com\/avatar\/2b023a883433f83ad0a3036a7ba60d3133c4e0619f3bca6230ba8c7521b6dec8?s=96&d=mm&r=g","caption":"venred"},"url":"https:\/\/wordpress2.hdnweb.com\/en\/author\/venred\/"}]}},"_links":{"self":[{"href":"https:\/\/wordpress2.hdnweb.com\/en\/wp-json\/wp\/v2\/posts\/9513","targetHints":{"allow":["GET"]}}],"collection":[{"href":"https:\/\/wordpress2.hdnweb.com\/en\/wp-json\/wp\/v2\/posts"}],"about":[{"href":"https:\/\/wordpress2.hdnweb.com\/en\/wp-json\/wp\/v2\/types\/post"}],"author":[{"embeddable":true,"href":"https:\/\/wordpress2.hdnweb.com\/en\/wp-json\/wp\/v2\/users\/1"}],"replies":[{"embeddable":true,"href":"https:\/\/wordpress2.hdnweb.com\/en\/wp-json\/wp\/v2\/comments?post=9513"}],"version-history":[{"count":0,"href":"https:\/\/wordpress2.hdnweb.com\/en\/wp-json\/wp\/v2\/posts\/9513\/revisions"}],"wp:featuredmedia":[{"embeddable":true,"href":"https:\/\/wordpress2.hdnweb.com\/en\/wp-json\/wp\/v2\/media\/9514"}],"wp:attachment":[{"href":"https:\/\/wordpress2.hdnweb.com\/en\/wp-json\/wp\/v2\/media?parent=9513"}],"wp:term":[{"taxonomy":"category","embeddable":true,"href":"https:\/\/wordpress2.hdnweb.com\/en\/wp-json\/wp\/v2\/categories?post=9513"},{"taxonomy":"post_tag","embeddable":true,"href":"https:\/\/wordpress2.hdnweb.com\/en\/wp-json\/wp\/v2\/tags?post=9513"}],"curies":[{"name":"wp","href":"https:\/\/api.w.org\/{rel}","templated":true}]}}